{"id":44450,"date":"2020-03-17T06:04:08","date_gmt":"2020-03-17T12:04:08","guid":{"rendered":"http:\/\/amanecerhuasteco.com\/portal\/?p=44450"},"modified":"2020-03-17T06:04:08","modified_gmt":"2020-03-17T12:04:08","slug":"se-mantienen-dos-casos-de-covid-19-y-se-anuncian-mayores-medidas-de-prevencion-en-slp","status":"publish","type":"post","link":"https:\/\/amanecerhuasteco.com\/portal\/se-mantienen-dos-casos-de-covid-19-y-se-anuncian-mayores-medidas-de-prevencion-en-slp\/","title":{"rendered":"Se mantienen dos casos de covid-19 y se anuncian mayores medidas de prevenci\u00f3n en SLP  \u00a0"},"content":{"rendered":"<p><strong>\u00a0<\/strong><\/p>\n<p>&nbsp;<\/p>\n<p><strong>* Instalaci\u00f3n de filtros sanitarios en el Aeropuerto y filtros en dependencias y oficinas, suspensi\u00f3n de actividades deportivas y culturales y restricci\u00f3n en parajes tur\u00edsticos, entre otras m\u00e1s. <\/strong><\/p>\n<p>San Luis Potos\u00ed.- \u201cSe instalar\u00e1n filtros sanitarios en la Terminal Aeroportuaria Potosina con el prop\u00f3sito de difundir las medidas preventivas a todos los viajeros e identificar el ingreso a territorio potosino de personas que hayan estado en pa\u00edses con transmisi\u00f3n local persistente, continuamos con dos casos confirmados en San Luis Potos\u00ed\u201d, inform\u00f3 la Secretar\u00eda de Salud de San Luis Potos\u00ed M\u00f3nica Liliana Rangel Mart\u00ednez en rueda de prensa presidida por el Gobernador del Estado, Juan Manuel Carreras L\u00f3pez, donde se anunci\u00f3 la cancelaci\u00f3n y reprogramaci\u00f3n de eventos de todo tipo.<\/p>\n<p>\u201cEn coordinaci\u00f3n con los Ayuntamientos y\u00a0 organizadores, se ha acordado que se pospongan y\/o se suspendan las ferias regionales, eventos masivos y tradicionales, como la Procesi\u00f3n del Silencio, eventos culturales programados en Semana Santa y de Pascua, eventos deportivos, entre ellos: la Copa Gobernador, el Challenger, el Nacional Infantil de tenis, los juegos de pretemporada de la Liga Mexicana de B\u00e9isbol, as\u00ed como las academias deportivas en las Unidades del Estado\u201d, inform\u00f3 el titular del Ejecutivo.<\/p>\n<p>Adem\u00e1s, se anunci\u00f3 la cancelaci\u00f3n de todas las actividades previstas en el Centro de Convenciones, Centro de las Artes, Teatro de la Paz, Cineteca Alameda y en las instalaciones de la FENAPO, mismas que ser\u00e1n reprogramadas en acuerdo con sus organizadores; se controlar\u00e1n los accesos a parajes tur\u00edsticos; establecimiento de filtros y accesos limitados a los parajes y sitios tur\u00edsticos, espacios p\u00fablicos recreativos, particularmente los fines de semana y en el periodo vacacional de Semana Santa.<\/p>\n<p>Juan Manuel Carreras L\u00f3pez dijo que las acciones preventivas de la administraci\u00f3n se suman filtros sanitarios en los accesos a las oficinas; se restringen eventos p\u00fablicos masivos y traslados evitables, por lo que trabajadores administrativos que sean jefes o jefas de familia con hijos menores a 15 a\u00f1os a su cuidado y que as\u00ed lo soliciten, se les adelantar\u00e1 su periodo vacacional.<\/p>\n<p>Adelant\u00f3 que se ampl\u00eda el plazo de pago de derechos vehiculares sin recargos, del 31 de marzo al 30 de abril, se revisar\u00e1n los procedimientos administrativos en marcha por cada dependencia para adecuarlas a las dicte la autoridad sanitaria.<\/p>\n<p>Todas estas medidas buscan aminorar la transmisi\u00f3n del virus entre la poblaci\u00f3n potosina.<\/p>\n<p>Miguel Lutzow Steiner record\u00f3 la importancia de mantener acciones preventivas de aislamiento social, sobretodo en viajantes con antecedente de viaje al extranjero.<\/p>\n<p>\u00abAsumamos la distancia, evitemos saludos de beso y mano, lavemos las manos en todo momento, usemos alcohol en gel, limpiemos superficies, en eso radica el \u00e9xito del control y cortar la transmisi\u00f3n local\u00bb, concluy\u00f3 Lutzow Steiner.<\/p>\n","protected":false},"excerpt":{"rendered":"<p>\u00a0 &nbsp; * Instalaci\u00f3n de filtros sanitarios en el Aeropuerto y filtros en dependencias y oficinas, suspensi\u00f3n de actividades deportivas y culturales y restricci\u00f3n en parajes tur\u00edsticos, entre otras m\u00e1s. San Luis Potos\u00ed.- \u201cSe instalar\u00e1n filtros sanitarios en la Terminal Aeroportuaria Potosina con el prop\u00f3sito &hellip; <\/p>\n","protected":false},"author":1,"featured_media":44451,"comment_status":"open","ping_status":"open","sticky":false,"template":"","format":"standard","meta":{"footnotes":""},"categories":[7,11,4,12,21,20],"tags":[],"class_list":["post-44450","post","type-post","status-publish","format-standard","has-post-thumbnail","hentry","category-ciudad","category-estado","category-inicio","category-nacional","category-tamasopo","category-tamuin"],"_links":{"self":[{"href":"https:\/\/amanecerhuasteco.com\/portal\/wp-json\/wp\/v2\/posts\/44450","targetHints":{"allow":["GET"]}}],"collection":[{"href":"https:\/\/amanecerhuasteco.com\/portal\/wp-json\/wp\/v2\/posts"}],"about":[{"href":"https:\/\/amanecerhuasteco.com\/portal\/wp-json\/wp\/v2\/types\/post"}],"author":[{"embeddable":true,"href":"https:\/\/amanecerhuasteco.com\/portal\/wp-json\/wp\/v2\/users\/1"}],"replies":[{"embeddable":true,"href":"https:\/\/amanecerhuasteco.com\/portal\/wp-json\/wp\/v2\/comments?post=44450"}],"version-history":[{"count":1,"href":"https:\/\/amanecerhuasteco.com\/portal\/wp-json\/wp\/v2\/posts\/44450\/revisions"}],"predecessor-version":[{"id":44452,"href":"https:\/\/amanecerhuasteco.com\/portal\/wp-json\/wp\/v2\/posts\/44450\/revisions\/44452"}],"wp:featuredmedia":[{"embeddable":true,"href":"https:\/\/amanecerhuasteco.com\/portal\/wp-json\/wp\/v2\/media\/44451"}],"wp:attachment":[{"href":"https:\/\/amanecerhuasteco.com\/portal\/wp-json\/wp\/v2\/media?parent=44450"}],"wp:term":[{"taxonomy":"category","embeddable":true,"href":"https:\/\/amanecerhuasteco.com\/portal\/wp-json\/wp\/v2\/categories?post=44450"},{"taxonomy":"post_tag","embeddable":true,"href":"https:\/\/amanecerhuasteco.com\/portal\/wp-json\/wp\/v2\/tags?post=44450"}],"curies":[{"name":"wp","href":"https:\/\/api.w.org\/{rel}","templated":true}]}}