{"id":44555,"date":"2020-03-20T08:07:06","date_gmt":"2020-03-20T14:07:06","guid":{"rendered":"http:\/\/amanecerhuasteco.com\/portal\/?p=44555"},"modified":"2020-03-20T08:07:06","modified_gmt":"2020-03-20T14:07:06","slug":"es-prioridad-sacar-adelante-la-zafra-2019-2020-de-plan-de-ayala-tono-juarez","status":"publish","type":"post","link":"https:\/\/amanecerhuasteco.com\/portal\/es-prioridad-sacar-adelante-la-zafra-2019-2020-de-plan-de-ayala-tono-juarez\/","title":{"rendered":"Es prioridad sacar adelante la Zafra 2019-2020 de Plan de Ayala: To\u00f1o Ju\u00e1rez"},"content":{"rendered":"<p>&nbsp;<\/p>\n<p>Ciudad Valles.- El Presidente de la Uni\u00f3n Local de Productores de Ca\u00f1a AC de Plan de Ayala, Antonio Ju\u00e1rez Torres, considero que en este momento es m\u00e1s importante sacar adelante la zafra 2019-2020 que pensar en la \u201creelecci\u00f3n\u201d.<\/p>\n<p>En entrevista con Amanecer Huasteco, el dirigente ca\u00f1ero explic\u00f3 que existe preocupaci\u00f3n por sacar adelante la zafra, debido a la poca productividad, muchos productores de ca\u00f1a no entregar\u00e1n producci\u00f3n y no tendr\u00e1n ingresos.<\/p>\n<p>Con ello se generar\u00e1n problemas econ\u00f3micos y se tendr\u00e1 que negociar el pago de la cuota del seguro social, reestructurar carteras vencidas, gestionar apoyos para el productor de ca\u00f1a, lo cual representa mucho trabajo.<\/p>\n<p>Indico que tiene conocimiento de que hay dos productores de ca\u00f1a con inter\u00e9s de participar en el proceso de renovaci\u00f3n de la dirigencia de la ULPC-AC-IPA sin embargo falta tiempo para que sea emitida la convocatoria lo cual ser\u00e1 despu\u00e9s de terminar la zafra.<\/p>\n<p>Por \u00faltimo se mostr\u00f3 respetuoso de las aspiraciones, pero aun no son los tiempos y si decisi\u00f3n de buscar la reelecci\u00f3n depender\u00e1 lo que digan los propios productores de ca\u00f1a.<\/p>\n<p>&nbsp;<\/p>\n<p>&#8212;<\/p>\n","protected":false},"excerpt":{"rendered":"<p>&nbsp; Ciudad Valles.- El Presidente de la Uni\u00f3n Local de Productores de Ca\u00f1a AC de Plan de Ayala, Antonio Ju\u00e1rez Torres, considero que en este momento es m\u00e1s importante sacar adelante la zafra 2019-2020 que pensar en la \u201creelecci\u00f3n\u201d. En entrevista con Amanecer Huasteco, el &hellip; <\/p>\n","protected":false},"author":1,"featured_media":44556,"comment_status":"open","ping_status":"open","sticky":false,"template":"","format":"standard","meta":{"footnotes":""},"categories":[7,11,4,12,5,20],"tags":[],"class_list":["post-44555","post","type-post","status-publish","format-standard","has-post-thumbnail","hentry","category-ciudad","category-estado","category-inicio","category-nacional","category-politica","category-tamuin"],"_links":{"self":[{"href":"https:\/\/amanecerhuasteco.com\/portal\/wp-json\/wp\/v2\/posts\/44555","targetHints":{"allow":["GET"]}}],"collection":[{"href":"https:\/\/amanecerhuasteco.com\/portal\/wp-json\/wp\/v2\/posts"}],"about":[{"href":"https:\/\/amanecerhuasteco.com\/portal\/wp-json\/wp\/v2\/types\/post"}],"author":[{"embeddable":true,"href":"https:\/\/amanecerhuasteco.com\/portal\/wp-json\/wp\/v2\/users\/1"}],"replies":[{"embeddable":true,"href":"https:\/\/amanecerhuasteco.com\/portal\/wp-json\/wp\/v2\/comments?post=44555"}],"version-history":[{"count":2,"href":"https:\/\/amanecerhuasteco.com\/portal\/wp-json\/wp\/v2\/posts\/44555\/revisions"}],"predecessor-version":[{"id":44558,"href":"https:\/\/amanecerhuasteco.com\/portal\/wp-json\/wp\/v2\/posts\/44555\/revisions\/44558"}],"wp:featuredmedia":[{"embeddable":true,"href":"https:\/\/amanecerhuasteco.com\/portal\/wp-json\/wp\/v2\/media\/44556"}],"wp:attachment":[{"href":"https:\/\/amanecerhuasteco.com\/portal\/wp-json\/wp\/v2\/media?parent=44555"}],"wp:term":[{"taxonomy":"category","embeddable":true,"href":"https:\/\/amanecerhuasteco.com\/portal\/wp-json\/wp\/v2\/categories?post=44555"},{"taxonomy":"post_tag","embeddable":true,"href":"https:\/\/amanecerhuasteco.com\/portal\/wp-json\/wp\/v2\/tags?post=44555"}],"curies":[{"name":"wp","href":"https:\/\/api.w.org\/{rel}","templated":true}]}}