{"id":44604,"date":"2020-03-23T16:54:32","date_gmt":"2020-03-23T22:54:32","guid":{"rendered":"http:\/\/amanecerhuasteco.com\/portal\/?p=44604"},"modified":"2020-03-23T16:54:32","modified_gmt":"2020-03-23T22:54:32","slug":"el-dia-de-hoy-en-un-recorrido-en-bicicleta-el-alcalde-dio-recomendaciones-a-los-vallenses-por-covid-19","status":"publish","type":"post","link":"https:\/\/amanecerhuasteco.com\/portal\/el-dia-de-hoy-en-un-recorrido-en-bicicleta-el-alcalde-dio-recomendaciones-a-los-vallenses-por-covid-19\/","title":{"rendered":"El d\u00eda de hoy en un recorrido en bicicleta el alcalde dio recomendaciones a los vallenses por Covid-19."},"content":{"rendered":"<p>&nbsp;<\/p>\n<p>Ciudad Valles.- Durante su recorrido en bicicleta el alcalde Adri\u00e1n Esper C\u00e1rdenas, visit\u00f3\u00a0 la zona de los mercados y emiti\u00f3 recomendaciones a la poblaci\u00f3n ante la contingencia del Covid-19 y promovi\u00f3 el consumo local.<\/p>\n<p>Dijo que durante esta contingencia es importante salvaguardar la seguridad de los ciudadanos, por lo que se debe considerar:<\/p>\n<p>-Asignar a una sola persona para que haga las compras.<\/p>\n<p>-Dejar los zapatos a la entrada de los hogares.<\/p>\n<p>-Lavarse las manos seguido.<\/p>\n<p>-No saludar de mano.<\/p>\n<p>-Utilizar gel antibacterial.<\/p>\n<p>-Manejar determinada distancia al viajar a bordo del transporte urbano.<\/p>\n<p>-Usar la bicicleta y hacer ejercicio lo m\u00e1s posible.<\/p>\n<p>-No fumar.<\/p>\n<p>Esper C\u00e1rdenas resalt\u00f3 que debe promoverse en todos los sectores, la campa\u00f1a para concientizar a la poblaci\u00f3n sobre las medidas de seguridad y que \u00e9stas se apliquen.<\/p>\n<p>Durante este recorrido estuvo acompa\u00f1ado por el diputado local del 8o distrito Pedro C\u00e9sar Carrizales mejor conocido como \u201cEl Mijis\u201d.<\/p>\n<p>&nbsp;<\/p>\n<p>&nbsp;<\/p>\n<p>-o-<\/p>\n<p>&nbsp;<\/p>\n<p>&nbsp;<\/p>\n<p>&nbsp;<\/p>\n","protected":false},"excerpt":{"rendered":"<p>&nbsp; Ciudad Valles.- Durante su recorrido en bicicleta el alcalde Adri\u00e1n Esper C\u00e1rdenas, visit\u00f3\u00a0 la zona de los mercados y emiti\u00f3 recomendaciones a la poblaci\u00f3n ante la contingencia del Covid-19 y promovi\u00f3 el consumo local. Dijo que durante esta contingencia es importante salvaguardar la seguridad &hellip; <\/p>\n","protected":false},"author":1,"featured_media":44605,"comment_status":"open","ping_status":"open","sticky":false,"template":"","format":"standard","meta":{"footnotes":""},"categories":[7,11,4],"tags":[],"class_list":["post-44604","post","type-post","status-publish","format-standard","has-post-thumbnail","hentry","category-ciudad","category-estado","category-inicio"],"_links":{"self":[{"href":"https:\/\/amanecerhuasteco.com\/portal\/wp-json\/wp\/v2\/posts\/44604","targetHints":{"allow":["GET"]}}],"collection":[{"href":"https:\/\/amanecerhuasteco.com\/portal\/wp-json\/wp\/v2\/posts"}],"about":[{"href":"https:\/\/amanecerhuasteco.com\/portal\/wp-json\/wp\/v2\/types\/post"}],"author":[{"embeddable":true,"href":"https:\/\/amanecerhuasteco.com\/portal\/wp-json\/wp\/v2\/users\/1"}],"replies":[{"embeddable":true,"href":"https:\/\/amanecerhuasteco.com\/portal\/wp-json\/wp\/v2\/comments?post=44604"}],"version-history":[{"count":2,"href":"https:\/\/amanecerhuasteco.com\/portal\/wp-json\/wp\/v2\/posts\/44604\/revisions"}],"predecessor-version":[{"id":44607,"href":"https:\/\/amanecerhuasteco.com\/portal\/wp-json\/wp\/v2\/posts\/44604\/revisions\/44607"}],"wp:featuredmedia":[{"embeddable":true,"href":"https:\/\/amanecerhuasteco.com\/portal\/wp-json\/wp\/v2\/media\/44605"}],"wp:attachment":[{"href":"https:\/\/amanecerhuasteco.com\/portal\/wp-json\/wp\/v2\/media?parent=44604"}],"wp:term":[{"taxonomy":"category","embeddable":true,"href":"https:\/\/amanecerhuasteco.com\/portal\/wp-json\/wp\/v2\/categories?post=44604"},{"taxonomy":"post_tag","embeddable":true,"href":"https:\/\/amanecerhuasteco.com\/portal\/wp-json\/wp\/v2\/tags?post=44604"}],"curies":[{"name":"wp","href":"https:\/\/api.w.org\/{rel}","templated":true}]}}