{"id":44722,"date":"2020-03-27T08:43:41","date_gmt":"2020-03-27T14:43:41","guid":{"rendered":"http:\/\/amanecerhuasteco.com\/portal\/?p=44722"},"modified":"2020-03-27T08:43:41","modified_gmt":"2020-03-27T14:43:41","slug":"informa-secretaria-de-salud-segundo-lamentable-deceso-por-covid-19","status":"publish","type":"post","link":"https:\/\/amanecerhuasteco.com\/portal\/informa-secretaria-de-salud-segundo-lamentable-deceso-por-covid-19\/","title":{"rendered":"Informa secretar\u00eda de salud segundo lamentable deceso por COVID-19  \u00a0"},"content":{"rendered":"<p><strong>\u00a0<\/strong><\/p>\n<p>&nbsp;<\/p>\n<ul>\n<li><strong> Su manejo fue llevado en el IMSS. El paciente presentaba un cuadro de complicaci\u00f3n cr\u00f3nica de diabetes e hipertensi\u00f3n que complic\u00f3 su atenci\u00f3n hospitalaria.<\/strong><\/li>\n<li><strong> Se hace un llamado en\u00e9rgico en asumir distanciamiento social, sobre todo en pacientes que presentan enfermedades cr\u00f3nicas degenerativas, ya que son los que pueden agravarse.<\/strong><\/li>\n<\/ul>\n<p>San Luis Potos\u00ed.- La Secretar\u00eda de Salud Federal dio a conocer en su Conferencia de Prensa nocturna, sobre el segundo deceso en San Luis Potos\u00ed; se trata de un hombre en el rango de 50 a 59 a\u00f1os, con antecedentes cr\u00f3nicos degenerativos que complicaron su atenci\u00f3n hospitalaria con atenci\u00f3n m\u00e9dica en el Hospital General de Zona 50 del IMSS de esta ciudad, instancia que actu\u00f3 conforme a los protocolos que establece el Gobierno Federal por lo que procedi\u00f3 a notificar a este orden de gobierno y posteriormente a la Secretar\u00eda de Salud estatal.<\/p>\n<p>La Secretaria de Salud en el estado, M\u00f3nica Liliana Rangel Mart\u00ednez, inform\u00f3 que de acuerdo a la informaci\u00f3n del IMSS el paciente presentaba un cuadro complicado de diabetes e hipertensi\u00f3n, es decir estaba inmunol\u00f3gicamente comprometido, que lo llev\u00f3 a perder la batalla contra el Covid-19.<\/p>\n<p>Agreg\u00f3 que se trata del segundo deceso de un paciente en la entidad potosina en 24 horas, aunque reafirm\u00f3 que el tema de la atenci\u00f3n que se le brind\u00f3 en el IMSS con soporte m\u00e9dico fue el requerido para el caso.<\/p>\n<p>\u201cVoy a explicarlo as\u00ed, el Covid-19 es una enfermedad producida por un virus, que se contagia r\u00e1pidamente, que no tiene un tratamiento espec\u00edfico, que no tiene vacuna, que llega a afectar enormemente cuando se es mayor a 60 a\u00f1os, si son cr\u00f3nicos degenerativos, con sistema inmune comprometido o bajo, ellos pueden requerir hospitalizaci\u00f3n y pueden fallecer lamentablemente, el Covid-19 mata\u201d, detall\u00f3.<\/p>\n<p>Dio a conocer que el Gobierno del Estado y todo el Sector Salud env\u00edan sus condolencias m\u00e1s sentidas a sus familiares, quienes permanecen en este momento en un desafortunado distanciamiento social con su ser querido.<\/p>\n<p>Detall\u00f3 que el manejo en hospital fue de acuerdo a protocolos cl\u00ednicos de atenci\u00f3n, con tratamientos adecuados para neumon\u00eda infecciosa.<\/p>\n<p>Agreg\u00f3 que todos los contactos, tanto de familiares como de personal de salud que estuvieron en contacto, permanecen en aislamiento y en vigilancia epidemiol\u00f3gica.<\/p>\n","protected":false},"excerpt":{"rendered":"<p>\u00a0 &nbsp; Su manejo fue llevado en el IMSS. El paciente presentaba un cuadro de complicaci\u00f3n cr\u00f3nica de diabetes e hipertensi\u00f3n que complic\u00f3 su atenci\u00f3n hospitalaria. Se hace un llamado en\u00e9rgico en asumir distanciamiento social, sobre todo en pacientes que presentan enfermedades cr\u00f3nicas degenerativas, ya &hellip; <\/p>\n","protected":false},"author":1,"featured_media":44723,"comment_status":"open","ping_status":"open","sticky":false,"template":"","format":"standard","meta":{"footnotes":""},"categories":[7,11,4,12,21,20],"tags":[],"class_list":["post-44722","post","type-post","status-publish","format-standard","has-post-thumbnail","hentry","category-ciudad","category-estado","category-inicio","category-nacional","category-tamasopo","category-tamuin"],"_links":{"self":[{"href":"https:\/\/amanecerhuasteco.com\/portal\/wp-json\/wp\/v2\/posts\/44722","targetHints":{"allow":["GET"]}}],"collection":[{"href":"https:\/\/amanecerhuasteco.com\/portal\/wp-json\/wp\/v2\/posts"}],"about":[{"href":"https:\/\/amanecerhuasteco.com\/portal\/wp-json\/wp\/v2\/types\/post"}],"author":[{"embeddable":true,"href":"https:\/\/amanecerhuasteco.com\/portal\/wp-json\/wp\/v2\/users\/1"}],"replies":[{"embeddable":true,"href":"https:\/\/amanecerhuasteco.com\/portal\/wp-json\/wp\/v2\/comments?post=44722"}],"version-history":[{"count":1,"href":"https:\/\/amanecerhuasteco.com\/portal\/wp-json\/wp\/v2\/posts\/44722\/revisions"}],"predecessor-version":[{"id":44724,"href":"https:\/\/amanecerhuasteco.com\/portal\/wp-json\/wp\/v2\/posts\/44722\/revisions\/44724"}],"wp:featuredmedia":[{"embeddable":true,"href":"https:\/\/amanecerhuasteco.com\/portal\/wp-json\/wp\/v2\/media\/44723"}],"wp:attachment":[{"href":"https:\/\/amanecerhuasteco.com\/portal\/wp-json\/wp\/v2\/media?parent=44722"}],"wp:term":[{"taxonomy":"category","embeddable":true,"href":"https:\/\/amanecerhuasteco.com\/portal\/wp-json\/wp\/v2\/categories?post=44722"},{"taxonomy":"post_tag","embeddable":true,"href":"https:\/\/amanecerhuasteco.com\/portal\/wp-json\/wp\/v2\/tags?post=44722"}],"curies":[{"name":"wp","href":"https:\/\/api.w.org\/{rel}","templated":true}]}}