{"id":44789,"date":"2020-03-30T15:19:50","date_gmt":"2020-03-30T21:19:50","guid":{"rendered":"http:\/\/amanecerhuasteco.com\/portal\/?p=44789"},"modified":"2020-03-30T15:19:50","modified_gmt":"2020-03-30T21:19:50","slug":"30-de-marzo-dia-de-las-y-los-trabajadoras-del-hogar","status":"publish","type":"post","link":"https:\/\/amanecerhuasteco.com\/portal\/30-de-marzo-dia-de-las-y-los-trabajadoras-del-hogar\/","title":{"rendered":"30 de marzo, d\u00eda de las y los trabajadoras del hogar  \u00a0"},"content":{"rendered":"<p><strong>\u00a0<\/strong><\/p>\n<p>&nbsp;<\/p>\n<p>San Luis Potos\u00ed.- La Mesa Interinstitucional Especializada en Feminicidios, del Sistema Estatal para la Prevenci\u00f3n, Atenci\u00f3n, Sanci\u00f3n y Erradicaci\u00f3n de la violencia contra las mujeres en el estado, (SEPASEVM), recuerda en este d\u00eda la celebraci\u00f3n del D\u00eda Internacional de las Trabajadoras del Hogar, por tratarse de un grupo de mujeres en situaci\u00f3n vulnerable, y con la intenci\u00f3n de hacer visible la discriminaci\u00f3n que padece en general, en aspectos como el laboral, el legislativo y de g\u00e9nero.<\/p>\n<p>De acuerdo con la Encuesta Nacional de Ocupaci\u00f3n y Empleo realizada por el INEGI, para el cuarto trimestre de 2019, en M\u00e9xico 2.3 millones de personas se dedican al trabajo del hogar remunerado, y el 92 por ciento son mujeres, por lo que se trata de una actividad primordialmente feminizada.<\/p>\n<p>El trabajo que realiza este grupo de personas es subvalorado a pesar de la importancia que tiene en s\u00ed, al permitir que integrantes de las familias realicen actividades que contribuyan a su desarrollo personal y profesional, sin descuidar las necesidades de trabajo dom\u00e9stico y de cuidado de los hogares.<\/p>\n<p>La celebraci\u00f3n de este d\u00eda fue proclamada el 30 de marzo de 1988, durante el primer gran Congreso de Trabajadoras del Hogar, en Bogot\u00e1, Colombia, donde el tema de mayor inter\u00e9s fueron la discriminaci\u00f3n que sufren quienes se dedican a este trabajo y la falta de leyes que las amparen, por lo que la Organizaci\u00f3n de las Naciones Unidas, a trav\u00e9s de la Organizaci\u00f3n Internacional del Trabajo (OIT), proclama en el a\u00f1o 2011 un Convenio para asegurar el Trabajo Decente para los Trabajadores y Trabajadoras Dom\u00e9sticos.<\/p>\n<p>A pesar de que M\u00e9xico no ha ratificado el Convenio 189 de la OIT, en febrero de 2016 se constituy\u00f3 el primer sindicato de trabajadoras y trabajadores del hogar en M\u00e9xico, en la Ciudad de M\u00e9xico, y en diciembre de ese mismo a\u00f1o, present\u00f3 ante Consejo Nacional para Prevenir la Discriminaci\u00f3n (CONAPRED) un contrato colectivo que contempla de manera clara derechos y obligaciones como el acceso a seguridad social, un salario con base en horas laboradas, vacaciones y aguinaldo.<\/p>\n<p>El Convenio 189 no ha sido ratificado por M\u00e9xico a pesar de ser la primera norma internacional con medidas espec\u00edficas para mejorar las condiciones de vida de los y las trabajadoras del hogar, con lo que el pa\u00eds tendr\u00eda que reformar normativas vigentes, especialmente la Ley Federal del Trabajo y la Ley de Seguridad Social, con el objetivo de reconocer plenamente los derechos de las trabajadoras del hogar y crear incentivos para que las y los empleadores cumplan con las mismas obligaciones que se establecen en otras profesiones.<\/p>\n<p>En diciembre de 2018, la Segunda Sala de la Suprema Corte de Justicia de la Naci\u00f3n avala el proyecto en el que propone declarar inconstitucional el art\u00edculo 13 de la Ley del Seguro Social, en el que se declara que las y los trabajadores dom\u00e9sticos podr\u00e1n ser asegurados voluntariamente, por resultar violatorio del derecho humano a la seguridad social en igualdad de condiciones, por lo que el Instituto Mexicano del Seguro Social, de forma coordinada con la IOT y la Secretar\u00eda del Trabajo y Previsi\u00f3n Social, dise\u00f1\u00f3 el programa piloto de afiliaci\u00f3n obligatoria para personas trabajadoras del hogar, que incluye los seguros de riesgos de trabajo; enfermedades y maternidad; invalidez y vida, retiro, cesant\u00eda en edad avanzada y vejez.<\/p>\n<p>En el informe del IMSS al Ejecutivo Federal y al Congreso de la Uni\u00f3n sobre su situaci\u00f3n financiera y riesgos, con fecha de marzo de 2019, se menciona que, al 15 de mayo de 2019, se ten\u00edan m\u00e1s de 4 mil 540 solicitudes de inscripci\u00f3n, 14 por ciento de hombres y 86 por ciento de mujeres, la mayor\u00eda dentro del rango de edad de 50 a 60 a\u00f1os de edad, con un salario promedio de 4 mil 900 pesos.<\/p>\n<p>Sin embargo, no se cuenta con informaci\u00f3n sobre la situaci\u00f3n en San Luis Potos\u00ed.<\/p>\n<p>Sobre el tema, y hoy que se vive la Jornada Nacional de Sana Distancia, la Mesa de Feminicidios, recomienda aprovechar la estancia en casa para conocer m\u00e1s del tema, y sugiere las pel\u00edculas \u201cCriadas y Se\u00f1oras\u201d (The Help, 2011) del director Tate Taylor, \u201cLo que queda del d\u00eda\u201d (The remains of the day, 1993) del director James Ivory, y Spanglish (2004) del director James L. Brook.<\/p>\n<p>La Mesa Interinstitucional Especializada en Feminicidios reitera que trabaja con el objetivo de dar seguimiento y evaluar las acciones de prevenci\u00f3n, atenci\u00f3n, procesos, acompa\u00f1amiento de las v\u00edctimas y reparaci\u00f3n del da\u00f1o del delito de feminicidio.<\/p>\n<p>La Mesa de Feminicidios fue formada por la administraci\u00f3n del gobernador Juan Manuel Carreras L\u00f3pez, como parte del Sistema Estatal para la Prevenci\u00f3n, Atenci\u00f3n, Sanci\u00f3n y Erradicaci\u00f3n de la violencia contra las mujeres en el estado (SEPASEVM), y entre sus funciones est\u00e1 la coordinaci\u00f3n de esfuerzos y trabajos para contrarrestar el fen\u00f3meno de la violencia feminicida, coadyuvar en el dise\u00f1o y evaluaci\u00f3n de pol\u00edtica p\u00fablica a trav\u00e9s de la sugerencia de acciones eficaces a los diversos \u00f3rganos del gobierno, as\u00ed como sugerir, recomendar e impulsar acciones de sensibilizaci\u00f3n, capacitaci\u00f3n y profesionalizaci\u00f3n de quienes trabajan como servidores p\u00fablicos y en los medios de comunicaci\u00f3n, entre otras.<\/p>\n","protected":false},"excerpt":{"rendered":"<p>\u00a0 &nbsp; San Luis Potos\u00ed.- La Mesa Interinstitucional Especializada en Feminicidios, del Sistema Estatal para la Prevenci\u00f3n, Atenci\u00f3n, Sanci\u00f3n y Erradicaci\u00f3n de la violencia contra las mujeres en el estado, (SEPASEVM), recuerda en este d\u00eda la celebraci\u00f3n del D\u00eda Internacional de las Trabajadoras del Hogar, &hellip; <\/p>\n","protected":false},"author":1,"featured_media":44790,"comment_status":"open","ping_status":"open","sticky":false,"template":"","format":"standard","meta":{"footnotes":""},"categories":[7,11,4,21,20],"tags":[],"class_list":["post-44789","post","type-post","status-publish","format-standard","has-post-thumbnail","hentry","category-ciudad","category-estado","category-inicio","category-tamasopo","category-tamuin"],"_links":{"self":[{"href":"https:\/\/amanecerhuasteco.com\/portal\/wp-json\/wp\/v2\/posts\/44789","targetHints":{"allow":["GET"]}}],"collection":[{"href":"https:\/\/amanecerhuasteco.com\/portal\/wp-json\/wp\/v2\/posts"}],"about":[{"href":"https:\/\/amanecerhuasteco.com\/portal\/wp-json\/wp\/v2\/types\/post"}],"author":[{"embeddable":true,"href":"https:\/\/amanecerhuasteco.com\/portal\/wp-json\/wp\/v2\/users\/1"}],"replies":[{"embeddable":true,"href":"https:\/\/amanecerhuasteco.com\/portal\/wp-json\/wp\/v2\/comments?post=44789"}],"version-history":[{"count":1,"href":"https:\/\/amanecerhuasteco.com\/portal\/wp-json\/wp\/v2\/posts\/44789\/revisions"}],"predecessor-version":[{"id":44791,"href":"https:\/\/amanecerhuasteco.com\/portal\/wp-json\/wp\/v2\/posts\/44789\/revisions\/44791"}],"wp:featuredmedia":[{"embeddable":true,"href":"https:\/\/amanecerhuasteco.com\/portal\/wp-json\/wp\/v2\/media\/44790"}],"wp:attachment":[{"href":"https:\/\/amanecerhuasteco.com\/portal\/wp-json\/wp\/v2\/media?parent=44789"}],"wp:term":[{"taxonomy":"category","embeddable":true,"href":"https:\/\/amanecerhuasteco.com\/portal\/wp-json\/wp\/v2\/categories?post=44789"},{"taxonomy":"post_tag","embeddable":true,"href":"https:\/\/amanecerhuasteco.com\/portal\/wp-json\/wp\/v2\/tags?post=44789"}],"curies":[{"name":"wp","href":"https:\/\/api.w.org\/{rel}","templated":true}]}}