{"id":45048,"date":"2020-04-06T21:28:53","date_gmt":"2020-04-07T03:28:53","guid":{"rendered":"http:\/\/amanecerhuasteco.com\/portal\/?p=45048"},"modified":"2020-04-06T21:28:53","modified_gmt":"2020-04-07T03:28:53","slug":"plan-de-reactivacion-economica-ante-covid-19-del-gobierno-federal-permitira-generar-una-mayor-certeza-economica-de-la-poblacion","status":"publish","type":"post","link":"https:\/\/amanecerhuasteco.com\/portal\/plan-de-reactivacion-economica-ante-covid-19-del-gobierno-federal-permitira-generar-una-mayor-certeza-economica-de-la-poblacion\/","title":{"rendered":"Plan de reactivaci\u00f3n econ\u00f3mica ante Covid-19, del gobierno federal, permitir\u00e1 generar una mayor certeza econ\u00f3mica de la poblaci\u00f3n  \u00a0"},"content":{"rendered":"<p>&nbsp;<\/p>\n<p><strong>ATIENDE A LOS GRUPOS M\u00c1S VULNERABLES Y A LOS SECTORES PRODUCTIVOS QUE SE HAN VISTO AFECTADOS ANTE LA CONTINGENCIA SANITARIA: DIP. EDSON DE JES\u00daS QUINTANAR S\u00c1NCHEZ.<\/strong><\/p>\n<p>San Luis Potos\u00ed.- El presidente del grupo parlamentario de Morena en la LXII Legislatura, diputado Edson de Jes\u00fas Quintanar S\u00e1nchez, sostuvo que el Plan de Reactivaci\u00f3n Econ\u00f3mica ante COVID-19, que anunci\u00f3 el presidente de M\u00e9xico, Andr\u00e9s Manuel L\u00f3pez Obrador, permitir\u00e1 generar una mayor certeza econ\u00f3mica de la poblaci\u00f3n, sobre todo, de los sectores productivos que se han visto afectados ante la contingencia sanitaria.<\/p>\n<p>El legislador, consider\u00f3 que independientemente de las cr\u00edticas que han generado los partidos de oposici\u00f3n al presidente de M\u00e9xico,\u00a0 es necesario que se sumen a las acciones que se han implementado para enfrentar la contingencia sanitaria y la crisis econ\u00f3mica que se estar\u00e1 presentando a consecuencia de la pandemia que afecta al pa\u00eds.<\/p>\n<p>Quintanar S\u00e1nchez, consider\u00f3 que el anunci\u00f3 del presidente para enfrentar la situaci\u00f3n econ\u00f3mica, responde a las expectativas que se tiene de diversos sectores, sobre todo, aquellos que se encuentran en alta vulnerabilidad y que se ver\u00e1n beneficiados mediante la ampliaci\u00f3n de programas sociales en lo que se refiere a los adultos mayores, a j\u00f3venes, a las micro y peque\u00f1as empresas.<\/p>\n<p>Sostuvo que el presidente. Andr\u00e9s Manuel L\u00f3pez Obrador, est\u00e1 haciendo frente a la emergencia econ\u00f3mica y a la contingencia sanitaria por el COVID-19. \u201cHa estado asumiendo una actitud responsable y con resultados tangibles, se busca atender en estos momentos a la poblaci\u00f3n de menos recursos, sin que ello, signifique que tambi\u00e9n se est\u00e9n generando algunos est\u00edmulos para el sector empresarial del pa\u00eds\u201d.<\/p>\n<p>El presidente de la bancada de Morena, diputado Edson de Jes\u00fas Quintanar S\u00e1nchez, sostuvo que ahora le corresponder\u00e1 a los estados generar pol\u00edticas de apoyo para la poblaci\u00f3n vulnerable.<\/p>\n<p>&nbsp;<\/p>\n<p>&nbsp;<\/p>\n<p>&nbsp;<\/p>\n<p>&nbsp;<\/p>\n<p>&nbsp;<\/p>\n","protected":false},"excerpt":{"rendered":"<p>&nbsp; ATIENDE A LOS GRUPOS M\u00c1S VULNERABLES Y A LOS SECTORES PRODUCTIVOS QUE SE HAN VISTO AFECTADOS ANTE LA CONTINGENCIA SANITARIA: DIP. EDSON DE JES\u00daS QUINTANAR S\u00c1NCHEZ. San Luis Potos\u00ed.- El presidente del grupo parlamentario de Morena en la LXII Legislatura, diputado Edson de Jes\u00fas &hellip; <\/p>\n","protected":false},"author":1,"featured_media":45049,"comment_status":"open","ping_status":"open","sticky":false,"template":"","format":"standard","meta":{"footnotes":""},"categories":[7,23,11,4],"tags":[],"class_list":["post-45048","post","type-post","status-publish","format-standard","has-post-thumbnail","hentry","category-ciudad","category-congreso","category-estado","category-inicio"],"_links":{"self":[{"href":"https:\/\/amanecerhuasteco.com\/portal\/wp-json\/wp\/v2\/posts\/45048","targetHints":{"allow":["GET"]}}],"collection":[{"href":"https:\/\/amanecerhuasteco.com\/portal\/wp-json\/wp\/v2\/posts"}],"about":[{"href":"https:\/\/amanecerhuasteco.com\/portal\/wp-json\/wp\/v2\/types\/post"}],"author":[{"embeddable":true,"href":"https:\/\/amanecerhuasteco.com\/portal\/wp-json\/wp\/v2\/users\/1"}],"replies":[{"embeddable":true,"href":"https:\/\/amanecerhuasteco.com\/portal\/wp-json\/wp\/v2\/comments?post=45048"}],"version-history":[{"count":1,"href":"https:\/\/amanecerhuasteco.com\/portal\/wp-json\/wp\/v2\/posts\/45048\/revisions"}],"predecessor-version":[{"id":45050,"href":"https:\/\/amanecerhuasteco.com\/portal\/wp-json\/wp\/v2\/posts\/45048\/revisions\/45050"}],"wp:featuredmedia":[{"embeddable":true,"href":"https:\/\/amanecerhuasteco.com\/portal\/wp-json\/wp\/v2\/media\/45049"}],"wp:attachment":[{"href":"https:\/\/amanecerhuasteco.com\/portal\/wp-json\/wp\/v2\/media?parent=45048"}],"wp:term":[{"taxonomy":"category","embeddable":true,"href":"https:\/\/amanecerhuasteco.com\/portal\/wp-json\/wp\/v2\/categories?post=45048"},{"taxonomy":"post_tag","embeddable":true,"href":"https:\/\/amanecerhuasteco.com\/portal\/wp-json\/wp\/v2\/tags?post=45048"}],"curies":[{"name":"wp","href":"https:\/\/api.w.org\/{rel}","templated":true}]}}