{"id":45344,"date":"2020-04-17T09:49:41","date_gmt":"2020-04-17T15:49:41","guid":{"rendered":"http:\/\/amanecerhuasteco.com\/portal\/?p=45344"},"modified":"2020-04-17T09:49:41","modified_gmt":"2020-04-17T15:49:41","slug":"finaliza-la-zafra-2019-2020-del-ingenio-plan-de-ayala","status":"publish","type":"post","link":"https:\/\/amanecerhuasteco.com\/portal\/finaliza-la-zafra-2019-2020-del-ingenio-plan-de-ayala\/","title":{"rendered":"Finaliza la Zafra 2019-2020 \u00a0del Ingenio Plan de Ayala"},"content":{"rendered":"<p>&nbsp;<\/p>\n<p>Ciudad Valles.- La madrugada de este 16 de abril se dio por terminada la zafra 2019-2020 del Ingenio Plan de Ayala, con una afectaci\u00f3n de m\u00e1s del 50% de la producci\u00f3n.<\/p>\n<p>En entrevista con Carlos Zamora Flores, Presidente de la Asociaci\u00f3n de Ca\u00f1eros AC del IPA, inform\u00f3 que aunque \u201cno\u201d se ha firmado la acta final en el comit\u00e9 de producci\u00f3n y calidad ca\u00f1era este 17 de abril se dio por terminada la zafra 2019-2020 del Ingenio Plan de Ayala y se quedaron sin moler casi 2 mil toneladas que ser\u00e1n derivadas al Ingenio Alianza Popular de Tambaca.<\/p>\n<p>El dirigente ca\u00f1ero, dijo que hasta el 16 de abril con 101 d\u00edas de zafra, fueron molidas 495 160 toneladas, lo que significa una gran merma a la producci\u00f3n que normalmente se generaba en esta zona de abasto.<\/p>\n<p>La zafra 2019-2020 del Ingenio Plan de Ayala, arrojaron los siguientes resultados, sacarosa de 12.651, fibra de ca\u00f1a de 13.175, jugo mezclado de 80.636, y un KARBE de 110.707.<\/p>\n<p>As\u00ed mismo, fueron derivadas del Ingenio Alianza Popular 9,278 toneladas, cerrando la zafra del IPA con una molienda total de 521 232 toneladas de ca\u00f1a.<\/p>\n<p>Por \u00faltimo, se\u00f1al\u00f3 en breve se firmar\u00e1 el acta final de la zafra 2019-2020.<\/p>\n<p>&nbsp;<\/p>\n<p>&#8212;<\/p>\n","protected":false},"excerpt":{"rendered":"<p>&nbsp; Ciudad Valles.- La madrugada de este 16 de abril se dio por terminada la zafra 2019-2020 del Ingenio Plan de Ayala, con una afectaci\u00f3n de m\u00e1s del 50% de la producci\u00f3n. En entrevista con Carlos Zamora Flores, Presidente de la Asociaci\u00f3n de Ca\u00f1eros AC &hellip; <\/p>\n","protected":false},"author":1,"featured_media":45345,"comment_status":"open","ping_status":"open","sticky":false,"template":"","format":"standard","meta":{"footnotes":""},"categories":[7,11,4,12,21,20],"tags":[],"class_list":["post-45344","post","type-post","status-publish","format-standard","has-post-thumbnail","hentry","category-ciudad","category-estado","category-inicio","category-nacional","category-tamasopo","category-tamuin"],"_links":{"self":[{"href":"https:\/\/amanecerhuasteco.com\/portal\/wp-json\/wp\/v2\/posts\/45344","targetHints":{"allow":["GET"]}}],"collection":[{"href":"https:\/\/amanecerhuasteco.com\/portal\/wp-json\/wp\/v2\/posts"}],"about":[{"href":"https:\/\/amanecerhuasteco.com\/portal\/wp-json\/wp\/v2\/types\/post"}],"author":[{"embeddable":true,"href":"https:\/\/amanecerhuasteco.com\/portal\/wp-json\/wp\/v2\/users\/1"}],"replies":[{"embeddable":true,"href":"https:\/\/amanecerhuasteco.com\/portal\/wp-json\/wp\/v2\/comments?post=45344"}],"version-history":[{"count":1,"href":"https:\/\/amanecerhuasteco.com\/portal\/wp-json\/wp\/v2\/posts\/45344\/revisions"}],"predecessor-version":[{"id":45346,"href":"https:\/\/amanecerhuasteco.com\/portal\/wp-json\/wp\/v2\/posts\/45344\/revisions\/45346"}],"wp:featuredmedia":[{"embeddable":true,"href":"https:\/\/amanecerhuasteco.com\/portal\/wp-json\/wp\/v2\/media\/45345"}],"wp:attachment":[{"href":"https:\/\/amanecerhuasteco.com\/portal\/wp-json\/wp\/v2\/media?parent=45344"}],"wp:term":[{"taxonomy":"category","embeddable":true,"href":"https:\/\/amanecerhuasteco.com\/portal\/wp-json\/wp\/v2\/categories?post=45344"},{"taxonomy":"post_tag","embeddable":true,"href":"https:\/\/amanecerhuasteco.com\/portal\/wp-json\/wp\/v2\/tags?post=45344"}],"curies":[{"name":"wp","href":"https:\/\/api.w.org\/{rel}","templated":true}]}}