{"id":45380,"date":"2020-04-18T06:29:02","date_gmt":"2020-04-18T12:29:02","guid":{"rendered":"http:\/\/amanecerhuasteco.com\/portal\/?p=45380"},"modified":"2020-04-18T06:29:02","modified_gmt":"2020-04-18T12:29:02","slug":"reactiva-ayuntamiento-proyecto-de-reforestacion-masiva-en-el-bulevar","status":"publish","type":"post","link":"https:\/\/amanecerhuasteco.com\/portal\/reactiva-ayuntamiento-proyecto-de-reforestacion-masiva-en-el-bulevar\/","title":{"rendered":"Reactiva Ayuntamiento proyecto de reforestaci\u00f3n masiva en el bulevar"},"content":{"rendered":"<p>&nbsp;<\/p>\n<p>Ciudad Valles.- La Direcci\u00f3n de Ecolog\u00eda de Ciudad Valles reactiv\u00f3 la siembra de alrededor de 25 \u00e1rboles, palo de rosa,\u00a0 en el bulevar M\u00e9xico \u2013 Laredo, en los lugares donde fueron retirados los que se encontraban secos.<\/p>\n<p>El titular de la dependencia Gerardo Morales Dur\u00e1n, dijo que esta nueva siembra de \u00e1rboles,\u00a0 se realiza haciendo uso de la garant\u00eda que ofrece el proveedor. \u201cSon m\u00e1s chicos y delgados, y se espera aguanten m\u00e1s, su altura es de 3 a 5 metros\u201d, agreg\u00f3.<\/p>\n<p>Indic\u00f3 que este proyecto de reforestaci\u00f3n masiva, impulsado por el alcalde Adri\u00e1n Esper C\u00e1rdenas, es en beneficio de todos los habitantes, ya que permitir\u00e1 mayor sombra, m\u00e1s lluvias y disminuir considerablemente la temperatura.<\/p>\n<p>A\u00f1adi\u00f3 que los nuevos que se adquirir\u00e1n tambi\u00e9n tienen garant\u00eda; hasta el momento se han sembrado mil 500 \u00e1rboles en el municipio y la meta son 8 mil para este a\u00f1o.<\/p>\n<p>El funcionario municipal, dijo que la contingencia sanitaria por coronavirus, detuvo estas actividades, sin embargo se espera reanudar con la siembra, en un mes y medio; actualmente realizan trabajos de excavaci\u00f3n.<\/p>\n<p>&#8212;<\/p>\n","protected":false},"excerpt":{"rendered":"<p>&nbsp; Ciudad Valles.- La Direcci\u00f3n de Ecolog\u00eda de Ciudad Valles reactiv\u00f3 la siembra de alrededor de 25 \u00e1rboles, palo de rosa,\u00a0 en el bulevar M\u00e9xico \u2013 Laredo, en los lugares donde fueron retirados los que se encontraban secos. El titular de la dependencia Gerardo Morales &hellip; <\/p>\n","protected":false},"author":1,"featured_media":45381,"comment_status":"open","ping_status":"open","sticky":false,"template":"","format":"standard","meta":{"footnotes":""},"categories":[7,11,4],"tags":[],"class_list":["post-45380","post","type-post","status-publish","format-standard","has-post-thumbnail","hentry","category-ciudad","category-estado","category-inicio"],"_links":{"self":[{"href":"https:\/\/amanecerhuasteco.com\/portal\/wp-json\/wp\/v2\/posts\/45380","targetHints":{"allow":["GET"]}}],"collection":[{"href":"https:\/\/amanecerhuasteco.com\/portal\/wp-json\/wp\/v2\/posts"}],"about":[{"href":"https:\/\/amanecerhuasteco.com\/portal\/wp-json\/wp\/v2\/types\/post"}],"author":[{"embeddable":true,"href":"https:\/\/amanecerhuasteco.com\/portal\/wp-json\/wp\/v2\/users\/1"}],"replies":[{"embeddable":true,"href":"https:\/\/amanecerhuasteco.com\/portal\/wp-json\/wp\/v2\/comments?post=45380"}],"version-history":[{"count":2,"href":"https:\/\/amanecerhuasteco.com\/portal\/wp-json\/wp\/v2\/posts\/45380\/revisions"}],"predecessor-version":[{"id":45383,"href":"https:\/\/amanecerhuasteco.com\/portal\/wp-json\/wp\/v2\/posts\/45380\/revisions\/45383"}],"wp:featuredmedia":[{"embeddable":true,"href":"https:\/\/amanecerhuasteco.com\/portal\/wp-json\/wp\/v2\/media\/45381"}],"wp:attachment":[{"href":"https:\/\/amanecerhuasteco.com\/portal\/wp-json\/wp\/v2\/media?parent=45380"}],"wp:term":[{"taxonomy":"category","embeddable":true,"href":"https:\/\/amanecerhuasteco.com\/portal\/wp-json\/wp\/v2\/categories?post=45380"},{"taxonomy":"post_tag","embeddable":true,"href":"https:\/\/amanecerhuasteco.com\/portal\/wp-json\/wp\/v2\/tags?post=45380"}],"curies":[{"name":"wp","href":"https:\/\/api.w.org\/{rel}","templated":true}]}}