{"id":45427,"date":"2020-04-21T09:22:12","date_gmt":"2020-04-21T15:22:12","guid":{"rendered":"http:\/\/amanecerhuasteco.com\/portal\/?p=45427"},"modified":"2020-04-21T09:22:12","modified_gmt":"2020-04-21T15:22:12","slug":"pc-de-tamasopo-exhortan-a-ciudadanos-a-evitar-incendios-forestales","status":"publish","type":"post","link":"https:\/\/amanecerhuasteco.com\/portal\/pc-de-tamasopo-exhortan-a-ciudadanos-a-evitar-incendios-forestales\/","title":{"rendered":"PC de Tamasopo, exhortan a ciudadanos a evitar incendios forestales"},"content":{"rendered":"<p><img decoding=\"async\" class=\"alignnone size-full wp-image-45429\" src=\"https:\/\/amanecerhuasteco.com\/portal\/wp-content\/uploads\/2020\/04\/21-4-20-incendio-2.jpg\" alt=\"\" width=\"1280\" height=\"960\" \/><img decoding=\"async\" class=\"alignnone size-full wp-image-45430\" src=\"https:\/\/amanecerhuasteco.com\/portal\/wp-content\/uploads\/2020\/04\/21-4-20-incendio-3.jpg\" alt=\"\" width=\"1280\" height=\"720\" \/><\/p>\n<p>Tamasopo.-\u00a0 El titular de Protecci\u00f3n Civil Municipal, Jos\u00e9 de Jes\u00fas Res\u00e9ndiz Suarez, pidi\u00f3 a la poblaci\u00f3n a prevenir incendios forestales, luego de la intensa sequ\u00eda que mantiene el riesgo latente de un incendio las \u00e1reas forestales.<\/p>\n<p>Explico, que el uso del fuego es una pr\u00e1ctica muy com\u00fan en las actividades agr\u00edcolas tradicionales debido fundamentalmente a su bajo costo y f\u00e1cil acceso, sin embargo la falta de cuidados que muchas veces se da en este tipo de pr\u00e1cticas constituye una de las principales causas de incendios forestales en nuestro pa\u00eds.<\/p>\n<p>Ahora bien, es importante se\u00f1alar que derivado del cambio clim\u00e1tico hoy en d\u00eda la sequ\u00eda se prolonga por mayor tiempo y el calor solar provoca deshidrataci\u00f3n en las plantas, que recuperan el agua perdida del sustrato.<\/p>\n<p>No obstante, cuando la humedad del terreno desciende a un nivel inferior al 30% las plantas son incapaces de obtener agua del suelo, con lo que se van secando poco a poco. Este proceso provoca la emisi\u00f3n a la atm\u00f3sfera de etileno, un compuesto qu\u00edmico presente en la vegetaci\u00f3n y altamente combustible.<\/p>\n<p>Tiene lugar entonces un doble fen\u00f3meno: tanto las plantas como el aire que las rodea se vuelven f\u00e1cilmente inflamables, con lo que el riesgo de incendio se multiplica. Y si a estas condiciones se suma la existencia de per\u00edodos de altas temperaturas y vientos fuertes o moderados, la posibilidad de que una simple chispa provoque un incendio se vuelven significativa.<\/p>\n<p>Si tienes necesidad de usar el fuego en tus practicas agr\u00edcola, ganaderas sigue los siguientes consejos:<\/p>\n<ol>\n<li>Realiza la quema temprano, en condiciones de clima estables (viento, lluvia, sol) y con combustibles secos.<\/li>\n<li>Prepara el terreno desde antes con guardarrayas.<\/li>\n<li>Quema con franjas.<\/li>\n<li>Si el terreno es inclinado comienza desde arriba y con el viento en contra.<\/li>\n<li>En las pendientes cava zanjas para atrapar brazas.<\/li>\n<li>Nunca hagas la quema tu solo pide ayuda a tus vecinos.<\/li>\n<li>Consulta con t\u00e9cnicos forestales de la regi\u00f3n<\/li>\n<li>Vigila el comportamiento del fuego<\/li>\n<li>Recuerda los descuidos provocan incendios<\/li>\n<li>Si el fuego sale de control avisa.<\/li>\n<\/ol>\n<p>&#8212;<\/p>\n","protected":false},"excerpt":{"rendered":"<p>Tamasopo.-\u00a0 El titular de Protecci\u00f3n Civil Municipal, Jos\u00e9 de Jes\u00fas Res\u00e9ndiz Suarez, pidi\u00f3 a la poblaci\u00f3n a prevenir incendios forestales, luego de la intensa sequ\u00eda que mantiene el riesgo latente de un incendio las \u00e1reas forestales. Explico, que el uso del fuego es una pr\u00e1ctica &hellip; <\/p>\n","protected":false},"author":1,"featured_media":45428,"comment_status":"open","ping_status":"open","sticky":false,"template":"","format":"standard","meta":{"footnotes":""},"categories":[7,11,4,12,21,20],"tags":[],"class_list":["post-45427","post","type-post","status-publish","format-standard","has-post-thumbnail","hentry","category-ciudad","category-estado","category-inicio","category-nacional","category-tamasopo","category-tamuin"],"_links":{"self":[{"href":"https:\/\/amanecerhuasteco.com\/portal\/wp-json\/wp\/v2\/posts\/45427","targetHints":{"allow":["GET"]}}],"collection":[{"href":"https:\/\/amanecerhuasteco.com\/portal\/wp-json\/wp\/v2\/posts"}],"about":[{"href":"https:\/\/amanecerhuasteco.com\/portal\/wp-json\/wp\/v2\/types\/post"}],"author":[{"embeddable":true,"href":"https:\/\/amanecerhuasteco.com\/portal\/wp-json\/wp\/v2\/users\/1"}],"replies":[{"embeddable":true,"href":"https:\/\/amanecerhuasteco.com\/portal\/wp-json\/wp\/v2\/comments?post=45427"}],"version-history":[{"count":2,"href":"https:\/\/amanecerhuasteco.com\/portal\/wp-json\/wp\/v2\/posts\/45427\/revisions"}],"predecessor-version":[{"id":45432,"href":"https:\/\/amanecerhuasteco.com\/portal\/wp-json\/wp\/v2\/posts\/45427\/revisions\/45432"}],"wp:featuredmedia":[{"embeddable":true,"href":"https:\/\/amanecerhuasteco.com\/portal\/wp-json\/wp\/v2\/media\/45428"}],"wp:attachment":[{"href":"https:\/\/amanecerhuasteco.com\/portal\/wp-json\/wp\/v2\/media?parent=45427"}],"wp:term":[{"taxonomy":"category","embeddable":true,"href":"https:\/\/amanecerhuasteco.com\/portal\/wp-json\/wp\/v2\/categories?post=45427"},{"taxonomy":"post_tag","embeddable":true,"href":"https:\/\/amanecerhuasteco.com\/portal\/wp-json\/wp\/v2\/tags?post=45427"}],"curies":[{"name":"wp","href":"https:\/\/api.w.org\/{rel}","templated":true}]}}