{"id":45454,"date":"2020-04-21T10:04:29","date_gmt":"2020-04-21T16:04:29","guid":{"rendered":"http:\/\/amanecerhuasteco.com\/portal\/?p=45454"},"modified":"2020-04-21T10:04:29","modified_gmt":"2020-04-21T16:04:29","slug":"avanza-programa-de-entrega-de-despensas-en-la-zona-tenek","status":"publish","type":"post","link":"https:\/\/amanecerhuasteco.com\/portal\/avanza-programa-de-entrega-de-despensas-en-la-zona-tenek\/","title":{"rendered":"Avanza programa de entrega de despensas en la zona t\u00e9nek"},"content":{"rendered":"<p><img decoding=\"async\" class=\"alignnone size-full wp-image-45456\" src=\"https:\/\/amanecerhuasteco.com\/portal\/wp-content\/uploads\/2020\/04\/21-4-20-adrian-2.jpg\" alt=\"\" width=\"1024\" height=\"642\" \/><img decoding=\"async\" class=\"alignnone size-full wp-image-45457\" src=\"https:\/\/amanecerhuasteco.com\/portal\/wp-content\/uploads\/2020\/04\/21-4-20-adrian-3.jpg\" alt=\"\" width=\"1024\" height=\"762\" \/><\/p>\n<p>Ciudad Valles.- Las Chochas, El Tamarindo y La Pila, fueron las comunidades de la zona t\u00e9nek, visitadas por el alcalde Adri\u00e1n Esper C\u00e1rdenas, lugares en donde realiz\u00f3 la entrega de los apoyos de la canasta b\u00e1sica y productos de limpieza, que ayudar\u00e1n para que los habitantes sobrelleven los d\u00edas de aislamiento por la contingencia, Covid-19.<\/p>\n<p>Con este programa emergente, el Ayuntamiento realiza una entrega equitativa para beneficiar a la poblaci\u00f3n vulnerable, sin condicionar el apoyo.<\/p>\n<p>Recalc\u00f3 el presidente municipal, durante sus visitas a estas localidades, que la entrega de las despensas es totalmente gratuita.<\/p>\n<p>Estuvo acompa\u00f1ado de funcionarios municipales y de la regidora Irma Medina y el regidor Jos\u00e9 Guadalupe Contreras.<\/p>\n<p>Por la ma\u00f1ana, el DIF municipal entreg\u00f3 m\u00e1s despensas a los habitantes del Chical 1 y 2.<\/p>\n<p>&#8212;<\/p>\n","protected":false},"excerpt":{"rendered":"<p>Ciudad Valles.- Las Chochas, El Tamarindo y La Pila, fueron las comunidades de la zona t\u00e9nek, visitadas por el alcalde Adri\u00e1n Esper C\u00e1rdenas, lugares en donde realiz\u00f3 la entrega de los apoyos de la canasta b\u00e1sica y productos de limpieza, que ayudar\u00e1n para que los &hellip; <\/p>\n","protected":false},"author":1,"featured_media":45455,"comment_status":"open","ping_status":"open","sticky":false,"template":"","format":"standard","meta":{"footnotes":""},"categories":[7,11,4],"tags":[],"class_list":["post-45454","post","type-post","status-publish","format-standard","has-post-thumbnail","hentry","category-ciudad","category-estado","category-inicio"],"_links":{"self":[{"href":"https:\/\/amanecerhuasteco.com\/portal\/wp-json\/wp\/v2\/posts\/45454","targetHints":{"allow":["GET"]}}],"collection":[{"href":"https:\/\/amanecerhuasteco.com\/portal\/wp-json\/wp\/v2\/posts"}],"about":[{"href":"https:\/\/amanecerhuasteco.com\/portal\/wp-json\/wp\/v2\/types\/post"}],"author":[{"embeddable":true,"href":"https:\/\/amanecerhuasteco.com\/portal\/wp-json\/wp\/v2\/users\/1"}],"replies":[{"embeddable":true,"href":"https:\/\/amanecerhuasteco.com\/portal\/wp-json\/wp\/v2\/comments?post=45454"}],"version-history":[{"count":2,"href":"https:\/\/amanecerhuasteco.com\/portal\/wp-json\/wp\/v2\/posts\/45454\/revisions"}],"predecessor-version":[{"id":45459,"href":"https:\/\/amanecerhuasteco.com\/portal\/wp-json\/wp\/v2\/posts\/45454\/revisions\/45459"}],"wp:featuredmedia":[{"embeddable":true,"href":"https:\/\/amanecerhuasteco.com\/portal\/wp-json\/wp\/v2\/media\/45455"}],"wp:attachment":[{"href":"https:\/\/amanecerhuasteco.com\/portal\/wp-json\/wp\/v2\/media?parent=45454"}],"wp:term":[{"taxonomy":"category","embeddable":true,"href":"https:\/\/amanecerhuasteco.com\/portal\/wp-json\/wp\/v2\/categories?post=45454"},{"taxonomy":"post_tag","embeddable":true,"href":"https:\/\/amanecerhuasteco.com\/portal\/wp-json\/wp\/v2\/tags?post=45454"}],"curies":[{"name":"wp","href":"https:\/\/api.w.org\/{rel}","templated":true}]}}