{"id":45511,"date":"2020-04-22T18:26:59","date_gmt":"2020-04-23T00:26:59","guid":{"rendered":"http:\/\/amanecerhuasteco.com\/portal\/?p=45511"},"modified":"2020-04-22T18:26:59","modified_gmt":"2020-04-23T00:26:59","slug":"exhorta-mexico-a-los-paises-del-g20-y-organismos-internacionales-a-cooperar-para-facilitar-el-flujo-de-alimentos-a-nivel-global-ante-covid-19","status":"publish","type":"post","link":"https:\/\/amanecerhuasteco.com\/portal\/exhorta-mexico-a-los-paises-del-g20-y-organismos-internacionales-a-cooperar-para-facilitar-el-flujo-de-alimentos-a-nivel-global-ante-covid-19\/","title":{"rendered":"Exhorta M\u00e9xico a los pa\u00edses del G20 y organismos internacionales a cooperar para facilitar el flujo de alimentos a nivel global, ante COVID-19"},"content":{"rendered":"<p>&nbsp;<\/p>\n<p>M\u00e9xico.- En la Reuni\u00f3n Virtual Extraordinaria de Ministros de Agricultura del G20, el secretario V\u00edctor Villalobos asegur\u00f3 que ante esta pandemia mundial el encuentro representa \u201cla determinaci\u00f3n de nuestros pa\u00edses para asegurar la funcionalidad de la infraestructura log\u00edstica en la distribuci\u00f3n de alimentos a nivel global\u201d.<\/p>\n<p>El titular de Agricultura afirm\u00f3 que debemos trabajar juntos para fomentar la cooperaci\u00f3n internacional y establecer las bases para una sociedad nueva y m\u00e1s fuerte, que sea m\u00e1s resistente a estos impactos.<\/p>\n<p>Con la representaci\u00f3n del Gobierno de M\u00e9xico, el secretario de Agricultura y Desarrollo Rural, V\u00edctor Villalobos Ar\u00e1mbula, exhort\u00f3 a todos los pa\u00edses del G20 y organismos internacionales a evitar la imposici\u00f3n de barreras al comercio internacional y asegurar el flujo continuo de los alimentos, productos e insumos para la producci\u00f3n agr\u00edcola.<\/p>\n<p>\u201cDebemos trabajar juntos para fomentar la cooperaci\u00f3n internacional y establecer las bases para una sociedad nueva y m\u00e1s fuerte, que sea m\u00e1s resistente a estos impactos\u201d, afirm\u00f3 el secretario en su participaci\u00f3n en la Reuni\u00f3n Extraordinaria Virtual de Ministros de Agricultura del G20: Acciones conjuntas sobre seguridad alimentaria ante emergencia de COVID-19.<\/p>\n<p>Vivimos tiempos incomparables, con desaf\u00edos sin precedentes en nuestras capacidades para enfrentar la pandemia y sus riesgos, por lo que de este tipo de encuentros se deben generar los mecanismos necesarios para responder ahora, as\u00ed como despu\u00e9s de que finalice la emergencia sanitaria, expres\u00f3.<\/p>\n<p>\u201cEn este sentido, pedimos a todos los pa\u00edses que se abstengan de imponer barreras innecesarias al comercio internacional, especialmente a los alimentos y productos agr\u00edcolas\u201d, subray\u00f3.<\/p>\n<p>V\u00edctor Villalobos asegur\u00f3 que ante esta pandemia mundial el encuentro de hoy representa \u201cla determinaci\u00f3n de nuestros pa\u00edses para asegurar la funcionalidad de la infraestructura log\u00edstica en la distribuci\u00f3n de alimentos en las comunidades y ciudades\u201d.<\/p>\n<p>Subray\u00f3 que la ciencia, innovaci\u00f3n y trasferencia de tecnolog\u00eda son factores determinantes para el mundo en la producci\u00f3n y trasformaci\u00f3n de alimentos, adem\u00e1s de la suma de valores para garantizar la seguridad alimentaria: se trata de instrumentos que representan las llaves para alcanzar un trabajo en unidad.<\/p>\n<p>Precis\u00f3 que se debe garantizar, una vez que esta pandemia est\u00e9 bajo control y que todas las actividades sean reactivadas, los mecanismos que promuevan el flujo de capital y las inversiones en el sector de la agricultura, con el objetivo de revitalizar esta actividad productiva para alcanzar los niveles \u00f3ptimos en las \u00e1reas interrumpidas por la contingencia.<\/p>\n<p>\u201cRespaldamos el llamado a las organizaciones internacionales que participan en esta reuni\u00f3n \u2014las organizaciones de las Naciones Unidas para la Alimentaci\u00f3n y la Agricultura (FAO) y para la Cooperaci\u00f3n y el Desarrollo Econ\u00f3micos (OCDE) y el Fondo Internacional de Desarrollo Agr\u00edcola (FIDA)\u2014 para que trabajen junto con el G20 en la redacci\u00f3n de un plan de trabajo y una hoja de ruta para identificar oportunidades urgentes de inversi\u00f3n en el sector agr\u00edcola, que pueden tener impacto social en pa\u00edses de bajos ingresos, con potencial para aliviar los efectos negativos, no s\u00f3lo de COVID-19, sino tambi\u00e9n de posibles futuros brotes de enfermedades animales, vegetales o humanas\u201d, se\u00f1al\u00f3.<\/p>\n<p>Declaratoria de Ministros de Agricultura del G20 sobre COVID-19<\/p>\n<p>La declaratoria conjunta de los Ministros de Agricultura del G20 estableci\u00f3 el acuerdo de trabajar en unidad para garantizar la salud, la seguridad, el bienestar y la movilidad de los trabajadores agr\u00edcolas y de la cadena de suministro de alimentos.<\/p>\n<p>El compromiso de evitar cualquier medida injustificada que pueda conducir a aumentos excesivos de los precios de los alimentos en los mercados internacionales, que amenaza la seguridad y nutricional de la poblaci\u00f3n mundial, especialmente de la m\u00e1s vulnerable.<\/p>\n<p>Considera tambi\u00e9n el trabajo conjunto para garantizar alimentos suficientes, inocuos y nutritivos disponibles y accesibles para todos los consumidores, incluyendo los m\u00e1s pobres y vulnerables, de manera oportuna y organizada.<\/p>\n<p>El G20 est\u00e1 compuesto por 19 pa\u00edses m\u00e1s la Uni\u00f3n Europea. Los estados miembros son: Argentina, Australia, Brasil, Canad\u00e1, China, Francia, Alemania, India, Indonesia, Italia, Jap\u00f3n, M\u00e9xico, Rusia, Arabia Saudita, Sud\u00e1frica, Corea del Sur, Turqu\u00eda, Reino Unido y Estados Unidos.<\/p>\n<p>En la reuni\u00f3n virtual participaron tambi\u00e9n los directores generales de las organizaciones Mundial de la Salud (OMS), Tedros Adhanom Ghebreyesus, de la Mundial de Comercio (OMC), Roberto Azev\u00eado, y de la Mundial de la Alimentaci\u00f3n y la Salud (FAO), Qu Dongyu, as\u00ed como al secretario general de la Organizaci\u00f3n para la Cooperaci\u00f3n y el Desarrollo Econ\u00f3micos (OCDE), \u00c1ngel Gurr\u00eda, entre otros.<\/p>\n<p>&#8212;<\/p>\n","protected":false},"excerpt":{"rendered":"<p>&nbsp; M\u00e9xico.- En la Reuni\u00f3n Virtual Extraordinaria de Ministros de Agricultura del G20, el secretario V\u00edctor Villalobos asegur\u00f3 que ante esta pandemia mundial el encuentro representa \u201cla determinaci\u00f3n de nuestros pa\u00edses para asegurar la funcionalidad de la infraestructura log\u00edstica en la distribuci\u00f3n de alimentos a &hellip; <\/p>\n","protected":false},"author":1,"featured_media":45512,"comment_status":"open","ping_status":"open","sticky":false,"template":"","format":"standard","meta":{"footnotes":""},"categories":[7,11,4,12,5,21,20],"tags":[],"class_list":["post-45511","post","type-post","status-publish","format-standard","has-post-thumbnail","hentry","category-ciudad","category-estado","category-inicio","category-nacional","category-politica","category-tamasopo","category-tamuin"],"_links":{"self":[{"href":"https:\/\/amanecerhuasteco.com\/portal\/wp-json\/wp\/v2\/posts\/45511","targetHints":{"allow":["GET"]}}],"collection":[{"href":"https:\/\/amanecerhuasteco.com\/portal\/wp-json\/wp\/v2\/posts"}],"about":[{"href":"https:\/\/amanecerhuasteco.com\/portal\/wp-json\/wp\/v2\/types\/post"}],"author":[{"embeddable":true,"href":"https:\/\/amanecerhuasteco.com\/portal\/wp-json\/wp\/v2\/users\/1"}],"replies":[{"embeddable":true,"href":"https:\/\/amanecerhuasteco.com\/portal\/wp-json\/wp\/v2\/comments?post=45511"}],"version-history":[{"count":1,"href":"https:\/\/amanecerhuasteco.com\/portal\/wp-json\/wp\/v2\/posts\/45511\/revisions"}],"predecessor-version":[{"id":45513,"href":"https:\/\/amanecerhuasteco.com\/portal\/wp-json\/wp\/v2\/posts\/45511\/revisions\/45513"}],"wp:featuredmedia":[{"embeddable":true,"href":"https:\/\/amanecerhuasteco.com\/portal\/wp-json\/wp\/v2\/media\/45512"}],"wp:attachment":[{"href":"https:\/\/amanecerhuasteco.com\/portal\/wp-json\/wp\/v2\/media?parent=45511"}],"wp:term":[{"taxonomy":"category","embeddable":true,"href":"https:\/\/amanecerhuasteco.com\/portal\/wp-json\/wp\/v2\/categories?post=45511"},{"taxonomy":"post_tag","embeddable":true,"href":"https:\/\/amanecerhuasteco.com\/portal\/wp-json\/wp\/v2\/tags?post=45511"}],"curies":[{"name":"wp","href":"https:\/\/api.w.org\/{rel}","templated":true}]}}