{"id":45607,"date":"2020-04-26T20:02:17","date_gmt":"2020-04-27T02:02:17","guid":{"rendered":"http:\/\/amanecerhuasteco.com\/portal\/?p=45607"},"modified":"2020-04-26T20:02:17","modified_gmt":"2020-04-27T02:02:17","slug":"entre-columnas-416","status":"publish","type":"post","link":"https:\/\/amanecerhuasteco.com\/portal\/entre-columnas-416\/","title":{"rendered":"ENTRE COLUMNAS"},"content":{"rendered":"<p>AFLORAN RANCIAS \u00a0\u00a0\u201cMA\u00d1AS\u201d POLITICAS, aprovechan la desgracia para beneficio personal o hacer pol\u00edtica.-\u00a0 Repito aquella an\u00e9cdota, nunca la olvidare\u00a0 cuando un alcalde \u201cchapul\u00edn\u201d en funciones de esta Ciudad Valles, coment\u00e1bamos la presencia de ciclones en el Golfo de M\u00e9xico, entusiasmado me dijo \u201c\u2026 ojal\u00e1\u00a0 pegue un se\u00f1or Hurac\u00e1n en esta regi\u00f3n \u2013 sorprendido le pregunt\u00e9 &#8211;\u00a0 porqu\u00e9\u00a0 se\u00f1or alcalde &#8211;\u00a0 respondi\u00f3: \u201c\u2026 llegar\u00eda mucha ayuda\u00a0 en dinero y material que manejar\u00edamos\u00a0 sin dar\u00a0 cuentas \u00a0a nadie\u2026 comprendes?\u00a0 &#8211; dijo &#8211;\u00a0 mucha lana\u2026 mucha lana\u201d<\/p>\n<p>A 30 a\u00f1os de este hecho,\u00a0 nos enteramos como el gobierno federal\u00a0 envi\u00f3 a los estados\u00a0 millones de pesos para\u00a0 apoyar a los gobiernos \u00a0locales\u00a0 en la campa\u00f1a contra el coronavirus.<\/p>\n<p>De inmediato en el caso de SLP el mandatario dispuso adquirir ambulancias y veh\u00edculos de apoyo con un costo superior a 40 millones de pesos. \u00bfCu\u00e1nto envi\u00f3 la federaci\u00f3n?\u00a0 400 millones de pesos extras para la secretar\u00eda de salud estatal.<\/p>\n<p>Refieren los medios informativos capitalinos \u201cNO ALINEADOS\u201d que adem\u00e1s de esa compra extraordinaria, se adquirieron miles de despensas alimenticias pero han detectado que su precio unitario es superior al normal que impera en el mercado local. El recurso federal fue \u00a0para\u00a0 cubrir este\u00a0 apoyo a familias de escasos recursos\u00a0 afectados por la pandemia. Las despensas deb\u00edan llegar a todo\u00a0 el estado a trav\u00e9s del DIF totalmente gratis.\u00a0 Pero de acuerdo las noticias de plataformas digitales, el estado\u00a0 recupera la inversi\u00f3n \u00a0al obligar a cada\u00a0 ayuntamiento a\u00a0 adquirir determinada cantidad de despensas.<\/p>\n<p>. Aqu\u00ed es donde afloran las viejas \u201cma\u00f1as\u201d los\u00a0 encargados comunitarios o l\u00edderes\u00a0 cobraron hasta 50 pesos\u00a0 cada una.<\/p>\n<p>Cuando en Valles\u00a0\u00a0 el gobierno independiente fue enterado de esta anomal\u00eda,\u00a0 el alcalde Adri\u00e1n Esper personalmente\u00a0 recorre colonias, rancher\u00edas y ejidos para entregar los beneficios \u201cLos mal pensados diran que anda en campa\u00f1a\u201d.<\/p>\n<p>Hasta los choferes\u00a0 de taxis alcanzaron, lava\/carros y boleros recibieron este beneficio, aunque se\u00a0 filtr\u00f3\u00a0 la denuncia que su dirigente de taxis \u00a0exig\u00eda el pago de 35 pesos por cada despensa.<\/p>\n<p>La denuncia de los medios Tuneros se\u00a0 corroborar\u00e1\u00a0 hasta cuando el gobierno federal audite\u00a0 los millones de pesos destinados a este rubro emergente.<\/p>\n<p>Por lo pronto no salga \u2026. Qu\u00e9dese en casa<\/p>\n<p>++++++++++<\/p>\n<p>TENIS\u00a0 PANAM\u201d<\/p>\n<p>CALIDAD, ESTILOS Y PRECIO.<\/p>\n<p>Vis\u00edtanos. Madero 114 norte (entre Ju\u00e1rez y Escontr\u00eda) Cd. Valles SLP M\u00e9xico.<\/p>\n<p>++++++<\/p>\n<p>EXITUS\u00a0 CREDIT.<\/p>\n<p>Pr\u00e9stamos inmediatos a pensionados<\/p>\n<p>CFE, ISSSTE.FFCC, SCT, PEMEX,\u00a0 ACTIVOS Y JUBILADIS\u00a0 IMSS<\/p>\n<p>SIN AFECTAR TARJETON.<\/p>\n<p>Ll\u00e1menos las 24 hrs del d\u00eda\u00a0 4811039565<\/p>\n<p>CREDITO INMEDIATO<\/p>\n<p>+++++++++<\/p>\n<p>OYO HOTELS\u00a0 INVERTIR\u00c1 EN VALLES.<\/p>\n<p>No se dio mucha divulgaci\u00f3n al proyecto\u00a0 de la\u00a0 empresa trasnacional Hindu \u00a0Oyo Hotels\u00a0 que invierte\u00a0 en la entidad potosina\u00a0 en una cadena de 10 hoteles, incluyendo la\u00a0 prometedora regi\u00f3n Huasteca a partir de este a{o\u00a0 seg\u00fan revel\u00f3 una fuente de Turismo\u00a0\u00a0\u00a0 ,\u00a0\u00a0 a \u00a0\u00a0\u00a0\u00a0\u00a0\u00a0\u00a0\u00a0\u00a0\u00a0\u00a0\u00a0\u00a0\u00a0\u00a0\u00a0\u00a0\u00a0\u00a0\u00a0\u00a0\u00a0\u00a0\u00a0\u00a0\u00a0\u00a0\u00a0\u00a0a partir de este a\u00f1o\u00a0 revel\u00f3\u00a0 una fuente\u00a0 de Turismo\u00a0 estatal.<\/p>\n<p>La pol\u00edtica de expansi\u00f3n de la empresa consiste en transformar, remodelar, \u00a0convertir o adaptar hoteles a sus marcas, que son: Hoteles Collection O, Hoteles Capital O u Oyo Hoteles, y de esta manera, estandarizar la calidad de sus servicios.<\/p>\n<p>Dentro de los hoteles que ser\u00e1n parte de esta expansi\u00f3n se encuentran en la ciudad capital est\u00e1n Collection O Casa Costanza, Capital O Mansi\u00f3n Los Arcos, Capital O del Pozo, Capital O Hotel San Jos\u00e9, Oyo Hotel Posada La Estaci\u00f3n, Oyo Hotel de Gante, Oyo Hotel Posada Bugambilias.\u00a0 En Matehuala proyectan a{adir a la cadena los hoteles Oyo Hotel Casa Real, Oyo Hotel Casino del Valle,\u00a0 Oyo Hotel Oasis.<\/p>\n<p>En lo que respecta a Ciudad Valles La Puerta Grande de la Huasteca\u00a0 la cadena india invertir\u00e1 en el hotel \u00abPuerta de Jade\u00bb, (ubicado en la zona centro\u00a0 por la avenida Carranza) Los inversionistas ven que la Huasteca tiene un futuro tur\u00edstico preponderante (despu\u00e9s del coronavirus)<\/p>\n<p>++++++++++++++<\/p>\n<p>Frutas y legumbres \u201cEL PEQUES\u201d<\/p>\n<p>Local 51 en el mercado\u00a0 \u201cGonzalo N. Santos\u201d por la calle P. D\u00edaz frente a la Tortiller\u00eda. Tel.\u00a0 381-14-64 para servicio a domicilio de sus pedidos. mayoreo y menudeo a los mejores precios.<\/p>\n<h2>Atenci\u00f3n personal de su amigo \u201cEl Peque\u201d<\/h2>\n<p>+++++++<\/p>\n<p>Sal\u00f3n de fiestas<\/p>\n<p>\u201cECLIPSE\u201d\u00a0 Sal\u00f3n de eventos, incluye<br \/>\n-Mobiliario para 100 personas<br \/>\n-Alberca<br \/>\n-\u00c1rea de servicio<br \/>\nInformes al 4811073382<\/p>\n<p>+++++<\/p>\n<p><strong>Medicamento antiparasitario podr\u00eda curar el coronavirus<\/strong>.<\/p>\n<p>Final del formulario<\/p>\n<p><strong>* Los resultados podr\u00edan verse en pr\u00f3ximos d\u00edas.<\/strong><\/p>\n<p><strong>\u00a0* Las 24 horas se produce una reducci\u00f3n realmente significativa\u201d, explic\u00f3 Kylie Wagstaff, autora principal del estudio<\/strong><\/p>\n<p>abril 5, 2020.<\/p>\n<p>Seg\u00fan un estudio realizado por el Biomedicine Discovery Institute (BDI) de la Universidad de Monas en Melbourne, Australia, y al Peter Doherty Institute of Infection and Inmmunity (Doherty Institute), publican en su pagina Web que<u>\u00a0el\u00a0medicamento antiparasitario\u00a0\u201civermectin\u201d, el cual se encuentra disponible en todo el mundo, podr\u00eda eliminar el\u00a0coronavirus<\/u>\u00a0en cuesti\u00f3n de 48 horas.<\/p>\n<p>Agregaron que se descubri\u00f3 que con una sola dosis, se podr\u00eda eliminar el virus.<\/p>\n<p>\u201cHemos descubierto que incluso una sola dosis podr\u00eda eliminar todo el virus a las 48 horas y que, adem\u00e1s, a las 24 horas se produce una reducci\u00f3n realmente significativa\u201d, explic\u00f3 Kylie Wagstaff, autora principal del estudio.<\/p>\n<p>Dicho f\u00e1rmaco, el cual fue aprobado por la Agencia Americana del Medicamento (FDA), indicaron que tambi\u00e9n es utilizado \u201cin vitro\u201d para combatir el VIH, dengue, gripe y Zika.<\/p>\n<p>Sin embargo, los expertos indicaron que la medicaci\u00f3n todav\u00eda se mantiene bajo ensayo cl\u00ednico, debido a que falta determinar la dosis que podr\u00eda ser la correcta en humanos para luchar contra el\u00a0<strong>Covid-19<\/strong>.<\/p>\n<p>\u201cLa ivermectina se usa ampliamente y se considera un medicamento seguro. Necesitamos determinar ahora si la dosis a la que se puede usar en humanos ser\u00e1 efectiva, ese es el siguiente paso\u201d, se\u00f1al\u00f3.<\/p>\n<p>Recalcaron que hasta el momento no hay un medicamento determinado para curar el virus, de lo contrario se estar\u00edan salvando millones de vida al d\u00eda de hoy\u2026\u2026<\/p>\n<p>Adem\u00e1s, a\u00fan falta de un tiempo para concretar una vacuna que trate la cepa.<\/p>\n<p>\u201cSiendo realistas, pasar\u00e1 un tiempo antes de que una vacuna est\u00e9 ampliamente disponible\u201d, afirm\u00f3 Wagstaff.<\/p>\n<p>La cient\u00edfica afirm\u00f3 que a\u00fan se desconoce como actuar\u00eda dicho f\u00e1rmaco, sin embargo, abri\u00f3 la posibilidad de que el efecto sea favorable.<\/p>\n<p>A\u00f1adi\u00f3 que el uso del Ivermectin a\u00fan se mantiene en pruebas precl\u00ednicas y ensayos cl\u00ednicos.<\/p>\n<p>Publicado abril 2 -2020.<\/p>\n<p>+++++++++++++<\/p>\n<p>YA ESTAMOS EN CASA\u2026\u2026..<\/p>\n<p>Calle Martha No.\u00a0 Entrada al Carmen 2 Junto a Oxxo.<\/p>\n<p>RESTAURANT\u00a0 DE\u00a0 MARISCOS \u201cEL PARAISO\u201d<\/p>\n<p>Atenci\u00f3n personal de su propietario Chanito.<\/p>\n<p>Solicite presupuesto, precios\u00a0 y ordene al<\/p>\n<p>Celular 481 102 5590<\/p>\n<p>Servicio de 11\u00a0\u00a0 a 8 de la noche<\/p>\n<p>+++++++<\/p>\n<p>INFECCIONES MIC\u00d3TICAS EN LA PIEL.-<\/p>\n<p>\u00bfQU\u00c9 ES?\u00a0\u00a0 Las infecciones nic\u00f3ticas\u00a0 o f\u00fangicas\u00a0 son provocadas por hongos que infectan la piel. Son enfermedades frecuentes, contagiosas y curables\u00a0 con un tratamiento correcto.<\/p>\n<p>\u00bfC\u00f3mo se produce?\u00a0 En general los hongos son microorganismos que crecen mejor en\u00a0 condiciones de humedad y calor. Por ello\u00a0 muchas micosis suelen\u00a0 contraerse\u00a0 en lugares p\u00fablicos como piscinas,\u00a0 ducha o vestuarios, lugares frecuentados\u00a0 por mucha gente y donde se dan las condiciones\u00a0\u00a0 requeridas de humedad y calor.\u00a0 Adem\u00e1s los hongos pueden comportarse\u00a0\u00a0 como g\u00e9rmenes oportunistas, es decir\u00a0 que se aprovechan\u00a0 de una situaci\u00f3n\u00a0 en la que el paciente\u00a0 tiene una disminuci\u00f3n en sus deensas. Esto ocurre por ejemplo\u00a0 en los pacientes de edad avanzada, en los diab\u00b4ticos o en los pacientes tratados\u00a0 con medicamentos para\u00a0 el c\u00e1ncer (quimioterapia) entre otros.<\/p>\n<p>S\u00edntomas.- Seg\u00fan la zona de la piel afectada, las principales micosis son:\u00a0 Tinea Pedis o pie de atleta.-\u00a0 Ocurre cuando los hongos infectan\u00a0 los pies. La forma mas habitual se\u00a0 manifiesta con picor, descarnaci\u00f3n y en ocasiones mal olor entre los dedos de los pies. En otras formas\u00a0 el aspecto de la resequedad y des carnaci\u00f3n\u00a0 en toda la planta del pi\u00e9.<\/p>\n<p>Estas son las manifestaciones del mal: Tinea Corporis\u00a0 o herpes\u00a0 circinado.-\u00a0 Infestaci\u00f3n que afecta cualquier \u00e1rea\u00a0 del cuerpo. Se manifiesta por placas en forma de\u00a0 anillo que se descaman en el borde muy se curan por el centro. Pueden ser \u00fanicas o m\u00faltiples . Es\u00a0 frecuente contraerla a partir de animales infectados (gatos conejos etc)<\/p>\n<p>Tinea manuum\u00a0 o ti\u00f1a de las manos\u00a0 denominadas asi\u00a0 cuando afecta las manos.\u00a0\u00a0\u00a0 Tinea\u00a0 capitis o\u00a0 auerion. Infecci\u00f3n por hongos del cuero cabelludo suele manifestarse por placas\u00a0 muy inflamadas y supurativas. Pueden causar\u00a0 destrucci\u00f3n irreversible del cabello y zonas de alopecia (calvas)\u00a0 si no es tratada a tiempo.<\/p>\n<p>Diagn\u00f3stico.- En la mayor\u00eda de los casos\u00a0 el dermat\u00f3logo\u00a0 diagnostica estas infecciones\u00a0 solo con la exploraci\u00f3n. Si existen dudas con otros diagn\u00f3sticos puede hacer un raspado de la descarnaci\u00f3n para practicar un cultivo o un examen al microscopio. En otras ocasiones puede practicarse una peque\u00f1a biopsia.<\/p>\n<p>Tratamiento.- Existen diversos antibi\u00f3ticos activos\u00a0 frente a los hongos (anti f\u00fangicos) \u00a0que pueden emplearse por v\u00eda t\u00f3picas (en crema) o v\u00eda oral (en pastillas)\u00a0 El tipo de infecci\u00f3n y su\u00a0 extensi\u00f3n\u00a0 indicar\u00e1 alguna otra v\u00eda En lo general pueden tomarse\u00a0 durante mas tiempo que los antibi\u00f3ticos frente a otros g\u00e9rmenes como las bacterias.<\/p>\n<p>Medidas preventivas.- Con respecto a las infecciones\u00a0 de los pies (pie de atleta)\u00a0 la prevenci\u00f3n\u00a0 esta dirigida al uso\u00a0 de chancletas\u00a0 en lugares p\u00fablicos como duchas, piscinas, vestuarios etc.\u00a0 En especial deportistas\u00a0 que los frecuentan. Adem\u00e1s es f\u00e1cil que el hongo crezca\u00a0\u00a0 si existen condiciones de humedad y calor, por lo que eas recomendable tomarse un tiempo despu\u00e9s de la ducha\u00a0 para secarse bien los pies y debe usarse un calzado\u00a0 que facilite la transpiraci\u00f3n.<\/p>\n<p>Principio del formulario<\/p>\n<p>Principio del formulario<\/p>\n<p>++++++++++++++<\/p>\n<p>QFB\u00a0 FABIOLA GARCIA ALVAREZ<\/p>\n<p>Perito dictaminador en an\u00e1lisis bacteriol\u00f3gico de agua<\/p>\n<p>Y alimentos con n\u00famero GES-PD 0705<\/p>\n<p>Perito dictaminador en\u00a0 estupefacientes GES-PD0523<\/p>\n<p>Maestr\u00eda\u00a0 en an\u00e1lisis cl\u00ednicos 1301 \u2013 368068<\/p>\n<p>Ced prof\u00b7\u00a0 8664204\u00a0\u00a0 Tel. 38 1 66 64<\/p>\n<p>Asesor\u00eda,\u00a0 auditor\u00eda\u00a0 y gesti\u00f3n ambiental.}<\/p>\n<ol>\n<li>Victoria No. 8 zona centro Cd Valles SLP.<\/li>\n<\/ol>\n<p>++++++++++<\/p>\n<p><strong>DESABASTO DE AGUA\u00a0 A LA ZONA TENEK SIN RESOLVER.<\/strong><\/p>\n<p><strong>\u00a0La pasada\u00a0 semana\u00a0 varios d\u00edas\u00a0 las familias\u00a0 que habitan en la cordillera Tenek (al poniente de la ciudad)\u00a0 padecieron el desabasto de agua\u00a0 a causa de fallas\u00a0 en el bombeo y tanques de almacenamiento, el problema fue resuelto\u00a0 hasta que personal de la DAPA\u00a0 auxilio a los trabajadores de Obras P\u00fablicas de\u00a0 esta dependencia depende\u00a0 operaci\u00f3n y servicios de agua entubada a\u00a0 las comunidades rurales.<\/strong><\/p>\n<p><strong>El \u00a023\u00a0 de septiembre del 2019\u00a0 cuando el estiaje\u00a0 empezaba y causaba el deabasto de agua\u00a0 a los habitantes, los afectados en una manifestaci\u00f3n frente al palacio municipal denunciaron que propietarios de ranchos y hasta\u00a0 de un sal\u00f3n social ubicado\u00a0 en las proximidades donde pasa\u00a0\u00a0 el tubo de abastecimiento general, se robaban el agua, esa era la causa que no llegara el vital l\u00edquido a las cisternas de distribuci\u00f3n.\u00a0 Han pasado\u00a0 mas de medio a\u00f1o y\u00a0 ninguna autoridad a\u00a0 dado respuesta de la denuncia mientras\u00a0 el problema persiste.<\/strong><\/p>\n<p>No s\u00f3lo las tomas clandestinas para riego y para ranchos ganaderos les quitan agua a los ind\u00edgenas, tambi\u00e9n hay una alberca de reciente construcci\u00f3n cerca de San Antonio Huichimal, denunciio en aquella fecha \u00a0el director de Asuntos Ind\u00edgenas, Jos\u00e9 Doroteo Hern\u00e1ndez Moctezuma.<\/p>\n<p>Corresponde\u00a0 a la sindicatura\u00a0 municipal realizar\u00a0 las investigaciones y en su caso consignar\u00a0 ante las autoridades correspondientes\u00a0 este robo de agua, la red\u00a0 es la conocida como sistema Tanchach\u00edn y fue para uso dom\u00e9stico\u00a0 no para beneficiar hacendados\u00a0 ubicados\u00a0 al paso del tubo principal\u00a0 de abasto desde el nacimiento Santa Anita.<\/p>\n<p>Principio del formularioFinal del formularioFinal del formulario+++++++++++++++<\/p>\n<p>\u201cHOTEL RIVIERA\u201d\u00a0\u00a0 en el coraz\u00f3n de<\/p>\n<h2>Ciudad Valles SLP.<\/h2>\n<h2>5 DE Mayo 24\u00a0 Tel 014813823097<\/h2>\n<h3>Email <a href=\"mailto:hotelrivieravalles@hotmail.com\">hotelrivieravalles hotmail.com<\/a><\/h3>\n<p>T\u00edpicamente Huasteco.<\/p>\n<p>+++++++++++++<\/p>\n<p>ROGEL DEL ROSAL DENUNCIA ABUSO DE\u00a0 ELEKTRA.<\/p>\n<p>+.-\u00a0 Humilde campesina v\u00edctima de la voracidad del \u201casesor presidencial\u201d<\/p>\n<p>Todo M\u00e9xico sabe que\u00a0 el propietario de Elektra, TV azteca etc es\u00a0 el asesor presidencial Ricardo Salinas, es\u00a0 el que menos cumple las disposici0omes oficiales\u00a0 de clausurar temporalmente\u00a0 actividades en sus empresas, considerado como un reto a la autoridad del presidente AMLO.<\/p>\n<p>Elektra\u00a0\u00a0 no\u00a0 suspendi\u00f3 sus actividades cotidianas, adem\u00e1s\u00a0 tiene la particularidad de acoso, persecuci\u00f3n\u00a0 amenazas etc\u00a0\u00a0 contra de los clientes que\u00a0 incurren en atraso de pago de\u00a0 abonos por pr\u00e9stamos o cr\u00e9ditos\u00a0 obtenidos de esa\u00a0 empresa. Un caso\u00a0 en particular es denunciado por el luchador social Rogel del Rosal Valladares\u00a0 vecino de Xilitla quien solicita\u00a0 \u00a0al Gobierno Federal a iniciar investigar las empresas de Ricardo Salinas Pliego, mismas que han afectado enormemente a \u00a0personas que por necesidad\u00a0 e ignorancia han ca\u00eddo en las fauces\u00a0 de la insana prestamista\/agiotista con\u00a0 tolerancia oficial.<\/p>\n<p>Es el caso de\u00a0 Juliana\u00a0 cuya denuncia aparece en redes sociales firmado por Rogel del Rosal una mujer ind\u00edgena n\u00e1huatl que vive en la comunidad de Tlacoapa, ella solicit\u00f3 un pr\u00e9stamo de seis mil pesos a Elektra, de los cuales ya pag\u00f3 nueve mil 600 pesos, pero ahora los cobradores de dicha empresa, la hostigan\u00a0 en su morada\u00a0 exigi\u00e9ndole el pago de otros 13 mil 300 pesos, \u00a0advirti\u00e9ndole que si no paga\u00a0 ser\u00e1\u00a0 sometida a juicio, las amenazas las plasman\u00a0 en escritos\u00a0 ap\u00f3crifos de\u00a0\u00a0 supuestas autoridades,<\/p>\n<p>Del Rosal se a caracterizado por la lucha social por las familias campesinas, lamenta que en\u00a0 la regi\u00f3n sur de la Huasteca\u00a0 existen cuando menos 10 mil familias\u00a0 ind\u00edgenas\u00a0 que sufren la persecuci\u00f3n der\u00a0 los cobradores de Elektra \u00a0\u00a0\u201csi ya pagaron el capital m\u00e1s intereses, es un abuso e injusticia\u00a0 porque\u00a0\u00a0\u00a0 en algunos casos si se ven involucrados jueces\u00a0 por juicios mercantiles, que mediante mecanismos leguleyos los sigan extorsionando \u00a0por el propietario de las empresas que adeudan\u00a0 mas de 50 mil millones de pesos al SAT\u201d<\/p>\n<p>Principio del formularioPrincipio del formulario+++++++++<\/p>\n<p>CARROCERIAS<\/p>\n<p>BUSTOS.<\/p>\n<p>Reforma y Lerdo de tejada Col. Altavista.<\/p>\n<p>Cd Valles SLP\u00a0 Tel. 3824777.<\/p>\n<p>En carrocer\u00edas para camiones y camionetas nadie nos compite.<\/p>\n<p>+++++++++++++++<\/p>\n<p>ASESOR DEL AYUNTAMIENTO DE VALLES\u00a0\u00a0 VS\u00a0 REGIDOR DE MORENA.<\/p>\n<p>&#8211; Haga sus apuestas.<\/p>\n<p>&#8211; \u201cNi siquiera se dieron unas cachetadas guajoloteras\u201d<\/p>\n<p>-El mun\u00edcipe\u00a0 Esper C\u00e1rdenas minimiza\u00a0 el suceso.<\/p>\n<p>Es casi seguro que\u00a0 el\u00a0 \u201cpleito\u201d\u00a0\u00a0 entre\u00a0 el asesor del alcalde y el regidor de Morena, no pasar\u00e1 mas all\u00e1 de un esc\u00e1ndalo intrascendente, aunque\u00a0 analizando\u00a0 la situaci\u00f3n,\u00a0 el regidor\u00a0 lleva ventaja, su\u00a0 agresor fue hasta su domicilio (del edil) \u00e9ste es autoridad\u00a0 a quien\u00a0 el presunto\u00a0 agresor debe respetar por su condici\u00f3n de autoridad\/patr\u00f3n.<\/p>\n<p>El asesor\u00a0 conocido como Lalo Pi\u00f1a\u00a0 (Eduardo Salda\u00f1a Villareal) lleg\u00f3 al domicilio del \u00a0regidor Marco Antonio Conde P\u00e9rez en calle Monterrey n\u00famero 4, de la colonia Mirador, donde seg\u00fan el regidor (que tambi\u00e9n se hace pasar como concejal) lleg\u00f3 Eduardo Salda\u00f1a Villarreal, asesor del alcalde \u00a0a bordo de de un autom\u00f3vil color caf\u00e9 tipo Audi.\u00a0\u00a0 \u00a0Seg\u00fan declar\u00f3\u00a0 minutos despu\u00e9s de los hechos\u00a0 el integrante del cabildo Vallense, Lalo Pi\u00f1a \u201cse baj\u00f3 y me empez\u00f3 a insultar, venia en un Audi, solo y me empieza a insultar a mi persona, a mi investidura, a mi familia personal y a mi familia pol\u00edtica\u201d\u00a0 A\u00f1adi\u00f3 el afectado\u00a0 que\u00a0 presentar\u00eda denuncia ante el Ministerio P\u00fablico por considerar que la agresi\u00f3n verbal conlleva amenazas\u00a0 graves.<\/p>\n<p>Compa\u00f1eros del cabildo\u00a0 comentaron que\u00a0 d\u00edas antes\u00a0 Conde P\u00e9rez y otro regidor\u00a0 solicitaron\u00a0\u00a0 informaci\u00f3n\u00a0 sobre\u00a0 las funciones que desempe\u00f1aban dos \u201casesores\u201d\u00a0 y el monto de sus salarios, posiblemente eso\u00a0 molest\u00f3 al\u00a0 agresor. Esta semana\u00a0 deber\u00e1 cumplir\u00a0 Conde P\u00e9rez informar como se comprometi\u00f3\u00a0 sobre\u00a0 la acusaci\u00f3n ante el fiscal.\u00a0 El segundo \u201casesor\u201d\u00a0 renuncio\u00a0 el pasado mi\u00e9rcoles 21 de abril.<\/p>\n<p>+++++++++++++<\/p>\n<p>El sitio ideal para\u00a0 sus fiestas\u2026<\/p>\n<p>\u201cFINCA\u00a0 SAN ISIDRO\u201d<\/p>\n<p>Sal\u00f3n para fiestas de todo tipo.<\/p>\n<p>Carretera Valles \u2013 R\u00edo Verde Km. 8<\/p>\n<p>Contrataciones al Tel. 01 481 179 09<\/p>\n<p>Cd. Valles SLP M\u00e9xico.<\/p>\n<p>++++++++<\/p>\n<p>&nbsp;<\/p>\n<p>CANCELADA LA FENAPO POR ESTE A\u00d1O.<\/p>\n<p>Dos meses para organizar la feria anual de Valles 2020.<\/p>\n<p>+.- Tentativamente\u00a0 regidores\u00a0 pospusieron evento para primera quincena de julio.<\/p>\n<p>La primera intentona a contrarreloj\u00a0 para organizar la feria anual de Valles 2020 fue un colosal fracaso, no se concesion\u00f3 a ninguna empresa y despu\u00e9s el comit\u00e9 organizador (de\u00a0 regidores y funcionarios municipales) se les vino el\u00a0 tiempo encima y deciden\u00a0 posponer\u00a0 la fecha para\u00a0\u00a0 el mes de julio (2 al 12) pero la pandemia del coronavirus\u00a0 necesariamente acaba con las intenciones\u00a0 de la fiesta, todo mundo\u00a0 en la administraci\u00f3n municipal de Valles\u00a0 est\u00e1 \u00a0cumpliendo encomiendas para atender al pueblo por los efectos\u00a0 en la salud y la econom\u00eda familiar.<\/p>\n<p>Ahora los regidores y funcionarios municipales organizadores del evento ferial 2020\u00a0 ya tienen una causal para justificar su incapacidad que tuvieron desde \u00a0el momento que recibieron la encomienda porque seg\u00fan comentan ellos mismos, la\u00a0 organizaci\u00f3n real\u00a0 de la fiesta la har\u00eda otra entidad particular.<\/p>\n<p>La pandemia es la raz\u00f3n por lo que desde ahora\u00a0 se anticipa que no habr\u00e1 feria\u00a0 para\u00a0 la primera quincena de julio cuando\u00a0 con algo de suerte estaremos saliendo del ciclo post pandemia, no habr\u00e1 recursos econ\u00f3micos<\/p>\n<p>cuando existir\u00e1n otras necesidades que resolver prioritariamente, adem\u00e1s\u00a0\u00a0 el tiempo. Si consideramos 5 meses\u00a0 despu\u00e9s de que se declare libre de contagios celebrar reuniones p\u00fablicas y respetar la fecha\u00a0 tradicional\u00a0 del evento en abril, lo mas seguro es que se cancele\u00a0 la 2020. Usted que opina.<\/p>\n<p>++++++++++++++<\/p>\n<p>\u201cCAF\u00c9 Y RESTAURANT\u00a0 EL FAROLITO\u201d<\/p>\n<p>Lo mejor de la cocina Huasteca; el tradicional zacahuil y cazueladas.<\/p>\n<p>Atendemos toda clase de\u00a0 festejos. Pedidos al<\/p>\n<p>Tel\u00a0 3821017 Ciudad Valles SLP.<\/p>\n<p>+++++++++++++<\/p>\n<p>D E\u00a0 V O L A D A.-<\/p>\n<p><strong>Renuncia Ram\u00f3n Coronado, otro de los asesores del alcalde Vallense.- Preferible renunciar que ser RENUNCIADO, fue la determinaci\u00f3n de otro de los asesores\u00a0 del alcalde Vallense, se trata de <\/strong>Ram\u00f3n Coronado Velarde (priista), quien justificaba el sueldo\u00a0 a control remoto porque\u00a0 su desempe\u00f1o profesional es en el magisterio, actualmente y desde\u00a0 su ingreso al trienio Independiente es responsable del EMSAD del ejido Zaragoza, donde lleva varios a\u00f1os como funcionario\u00a0 al que nunca solicit\u00f3 permiso o licencia se justificaba que en la escuela trabajaba de siete y media de la ma\u00f1ana a dos de la tarde y en la Presidencia por las tardes y fines de semana. De acuerdo con la n\u00f3mina este\u00a0 ganaba 16 mil pesos mensuales\u2026 y otro tanto en la escuela. Vali\u00f3 la pena\u00a0 traicionar su partido ahora es \u201cindependiente\u201d<\/p>\n<p>+++++++++<\/p>\n<p>HICIERON SU AGOSTO VENDEDORAS DE GORDITAS DE CANASTA.- <strong>\u00a0Salvo excepciones, la actividad\u00a0 restaurantera en esta ciudad\u00a0 suspendi\u00f3 actividades atendiendo exhorto del Sector Salud\u00a0 so pena de clausura, medida adoptada para\u00a0 evitar la propagaci\u00f3n de la pandemia del coronavirus en esta ciudad.<\/strong><\/p>\n<p>S\u00f3lo los comercios considerados como indispensables como farmacias, ferreter\u00edas, tiendas con venta de alimentos y otros productos son los que pueden estar abiertos, los dem\u00e1s \u00a0deben cerrar temporalmente. Sin embargo existen algunos establecimientos\u00a0 no esenciales que siguen trabajando normalmente, estos\u00a0 al decir del secretario municipal ser\u00e1n sancionados y clausurados conforme a la ley.<\/p>\n<p>++++++<\/p>\n<p>La cita es tradici\u00f3n en el Caf\u00e9 \u201cLa Nueva Fe\u201d\u00a0 aut\u00e9nticos platillos Huastecos\u00a0 aqu\u00ed los degustar\u00e1. Frente al palacio municipal Cd Valles, S,LP\u2026. Si usted visita Ciudad Valles y no degusta su exquisito caf\u00e9\u00a0 en \u201cLa Nueva Fe,\u00a0 no vino a Valles.<\/p>\n<p>++<\/p>\n<p>&nbsp;<\/p>\n<p>&nbsp;<\/p>\n<p>&nbsp;<\/p>\n<p>&nbsp;<\/p>\n<p>&nbsp;<\/p>\n<p>&nbsp;<\/p>\n<p>&nbsp;<\/p>\n<p>&nbsp;<\/p>\n<p>&nbsp;<\/p>\n<p>&nbsp;<\/p>\n<p>&nbsp;<\/p>\n<p>&nbsp;<\/p>\n<p>&nbsp;<\/p>\n<p>&nbsp;<\/p>\n<p>&nbsp;<\/p>\n<p>&nbsp;<\/p>\n<p>&nbsp;<\/p>\n<p>&nbsp;<\/p>\n<p>&nbsp;<\/p>\n<p>&nbsp;<\/p>\n<p>&nbsp;<\/p>\n<p>&nbsp;<\/p>\n<p>&nbsp;<\/p>\n<p>&nbsp;<\/p>\n<p>&nbsp;<\/p>\n<p>&nbsp;<\/p>\n<p>&nbsp;<\/p>\n<p>&nbsp;<\/p>\n","protected":false},"excerpt":{"rendered":"<p>AFLORAN RANCIAS \u00a0\u00a0\u201cMA\u00d1AS\u201d POLITICAS, aprovechan la desgracia para beneficio personal o hacer pol\u00edtica.-\u00a0 Repito aquella an\u00e9cdota, nunca la olvidare\u00a0 cuando un alcalde \u201cchapul\u00edn\u201d en funciones de esta Ciudad Valles, coment\u00e1bamos la presencia de ciclones en el Golfo de M\u00e9xico, entusiasmado me dijo \u201c\u2026 ojal\u00e1\u00a0 pegue &hellip; <\/p>\n","protected":false},"author":1,"featured_media":44123,"comment_status":"open","ping_status":"open","sticky":false,"template":"","format":"standard","meta":{"footnotes":""},"categories":[17,4],"tags":[],"class_list":["post-45607","post","type-post","status-publish","format-standard","has-post-thumbnail","hentry","category-colaboraciones","category-inicio"],"_links":{"self":[{"href":"https:\/\/amanecerhuasteco.com\/portal\/wp-json\/wp\/v2\/posts\/45607","targetHints":{"allow":["GET"]}}],"collection":[{"href":"https:\/\/amanecerhuasteco.com\/portal\/wp-json\/wp\/v2\/posts"}],"about":[{"href":"https:\/\/amanecerhuasteco.com\/portal\/wp-json\/wp\/v2\/types\/post"}],"author":[{"embeddable":true,"href":"https:\/\/amanecerhuasteco.com\/portal\/wp-json\/wp\/v2\/users\/1"}],"replies":[{"embeddable":true,"href":"https:\/\/amanecerhuasteco.com\/portal\/wp-json\/wp\/v2\/comments?post=45607"}],"version-history":[{"count":2,"href":"https:\/\/amanecerhuasteco.com\/portal\/wp-json\/wp\/v2\/posts\/45607\/revisions"}],"predecessor-version":[{"id":45609,"href":"https:\/\/amanecerhuasteco.com\/portal\/wp-json\/wp\/v2\/posts\/45607\/revisions\/45609"}],"wp:featuredmedia":[{"embeddable":true,"href":"https:\/\/amanecerhuasteco.com\/portal\/wp-json\/wp\/v2\/media\/44123"}],"wp:attachment":[{"href":"https:\/\/amanecerhuasteco.com\/portal\/wp-json\/wp\/v2\/media?parent=45607"}],"wp:term":[{"taxonomy":"category","embeddable":true,"href":"https:\/\/amanecerhuasteco.com\/portal\/wp-json\/wp\/v2\/categories?post=45607"},{"taxonomy":"post_tag","embeddable":true,"href":"https:\/\/amanecerhuasteco.com\/portal\/wp-json\/wp\/v2\/tags?post=45607"}],"curies":[{"name":"wp","href":"https:\/\/api.w.org\/{rel}","templated":true}]}}