{"id":45751,"date":"2020-04-30T15:29:38","date_gmt":"2020-04-30T21:29:38","guid":{"rendered":"http:\/\/amanecerhuasteco.com\/portal\/?p=45751"},"modified":"2020-04-30T15:29:38","modified_gmt":"2020-04-30T21:29:38","slug":"fiscalia-detuvo-a-dos-hombres-por-probable-secuestro-en-ciudad-valles","status":"publish","type":"post","link":"https:\/\/amanecerhuasteco.com\/portal\/fiscalia-detuvo-a-dos-hombres-por-probable-secuestro-en-ciudad-valles\/","title":{"rendered":"Fiscal\u00eda detuvo a dos hombres por probable secuestro en Ciudad Valles"},"content":{"rendered":"<p>&nbsp;<\/p>\n<ul>\n<li>Ya fueron vinculados a proceso y estar\u00e1n en prisi\u00f3n preventiva<\/li>\n<li>Los presuntos habr\u00edan privado de la libertad a la v\u00edctima en su domicilio<\/li>\n<\/ul>\n<p>Ciudad Valles. &#8211; La Fiscal\u00eda General del Estado de San Luis Potos\u00ed (FGESLP), a trav\u00e9s de la Polic\u00eda de Investigaci\u00f3n en la Huasteca Norte, detuvo a dos hombres presuntamente relacionados en un secuestro ocurrido en Ciudad Valles, y ya en la audiencia de vinculaci\u00f3n a proceso, los litigadores de la Unidad Especializada de Combate al Secuestro (UECS) lograron que quedar\u00e1n en prisi\u00f3n preventiva oficiosa.<\/p>\n<p>Son dos individuos de 27 y 32 a\u00f1os de edad se\u00f1alados como probables responsables del delito de secuestro agravado en contra de una persona de identidad reservada, esto despu\u00e9s de que se presentaran los datos de prueba iniciales.<\/p>\n<p>El Juez de Control inform\u00f3 a los dos sujetos identificados como Jos\u00e9 Mat\u00edas \u201cN\u201d y Eduardo \u201cN\u201d que permanecer\u00e1n en prisi\u00f3n preventiva en el centro de reinserci\u00f3n social de la zona, adem\u00e1s de estipular un plazo de 3 meses de cierre para la investigaci\u00f3n complementaria.<\/p>\n<p>Los hechos se suscitaron el d\u00eda 15 de abril del a\u00f1o 2020, cuando presuntamente los imputados en compa\u00f1\u00eda de otras personas, quienes se encontraban armadas, ingresaron al domicilio de la v\u00edctima, ubicado en la colonia Obrera, oblig\u00e1ndolo a subir a un veh\u00edculo, traslad\u00e1ndolo a una casa de seguridad ubicada en el fraccionamiento Villa Brisa en donde lo mantuvieron incomunicado.<\/p>\n<p>Los se\u00f1alados presumiblemente golpearon al agraviado en varias ocasiones mientras lo amenazaban con hacerle da\u00f1o, exigi\u00e9ndole una fuerte cantidad de efectivo, as\u00ed como dos autom\u00f3viles. La v\u00edctima accedi\u00f3 a entregar los veh\u00edculos de inmediato por lo que nuevamente se trasladaron a su vivienda en donde los hombres se apoderaron de los carros para despu\u00e9s salir huyendo del lugar.<\/p>\n<p>Al tener conocimiento de lo ocurrido, el personal de la FGESLP comenz\u00f3 de inmediato con las indagaciones correspondientes, logrando obtener datos de prueba en contra de los ahora detenidos y vinculados a proceso, por lo que el agente del Ministerio P\u00fablico de la UECS acudi\u00f3 ante el Juez de Control para solicitarle la orden de aprehensi\u00f3n en contra de los presuntos.<\/p>\n<p>&nbsp;<\/p>\n<p>Con el mandamiento judicial, los agentes de la Polic\u00eda de Investigaci\u00f3n (PDI) implementaron un operativo de b\u00fasqueda, logrando la detenci\u00f3n de Jos\u00e9 Mat\u00edas de 32 a\u00f1os de edad sobre el Libramiento Poniente, en donde se le inform\u00f3 sobre lo ordenado por el Juez, adem\u00e1s de los derechos que lo asisten.<\/p>\n<p>De igual forma, los elementos investigadores lograron ubicar a Eduardo \u201cN\u201d de 27 a\u00f1os de edad, en la colonia 18 de marzo de Ciudad Valles, en donde previa identificaci\u00f3n como polic\u00edas activos de la Fiscal\u00eda le hicieron saber la orden de aprehensi\u00f3n vigente en su contra.<\/p>\n<p>Los dos hombres fueron presentados al Juez de Control con los resultados ya mencionados, y con los argumentos de los litigadores de la UECS se lograron vincular a proceso.<\/p>\n<p>Cabe se\u00f1alar que contin\u00faan las investigaciones para esclarecer este hecho en su totalidad.<\/p>\n<p>&#8212;<\/p>\n","protected":false},"excerpt":{"rendered":"<p>&nbsp; Ya fueron vinculados a proceso y estar\u00e1n en prisi\u00f3n preventiva Los presuntos habr\u00edan privado de la libertad a la v\u00edctima en su domicilio Ciudad Valles. &#8211; La Fiscal\u00eda General del Estado de San Luis Potos\u00ed (FGESLP), a trav\u00e9s de la Polic\u00eda de Investigaci\u00f3n en &hellip; <\/p>\n","protected":false},"author":1,"featured_media":45752,"comment_status":"open","ping_status":"open","sticky":false,"template":"","format":"standard","meta":{"footnotes":""},"categories":[7,11,4,12,19],"tags":[],"class_list":["post-45751","post","type-post","status-publish","format-standard","has-post-thumbnail","hentry","category-ciudad","category-estado","category-inicio","category-nacional","category-policia"],"_links":{"self":[{"href":"https:\/\/amanecerhuasteco.com\/portal\/wp-json\/wp\/v2\/posts\/45751","targetHints":{"allow":["GET"]}}],"collection":[{"href":"https:\/\/amanecerhuasteco.com\/portal\/wp-json\/wp\/v2\/posts"}],"about":[{"href":"https:\/\/amanecerhuasteco.com\/portal\/wp-json\/wp\/v2\/types\/post"}],"author":[{"embeddable":true,"href":"https:\/\/amanecerhuasteco.com\/portal\/wp-json\/wp\/v2\/users\/1"}],"replies":[{"embeddable":true,"href":"https:\/\/amanecerhuasteco.com\/portal\/wp-json\/wp\/v2\/comments?post=45751"}],"version-history":[{"count":2,"href":"https:\/\/amanecerhuasteco.com\/portal\/wp-json\/wp\/v2\/posts\/45751\/revisions"}],"predecessor-version":[{"id":45754,"href":"https:\/\/amanecerhuasteco.com\/portal\/wp-json\/wp\/v2\/posts\/45751\/revisions\/45754"}],"wp:featuredmedia":[{"embeddable":true,"href":"https:\/\/amanecerhuasteco.com\/portal\/wp-json\/wp\/v2\/media\/45752"}],"wp:attachment":[{"href":"https:\/\/amanecerhuasteco.com\/portal\/wp-json\/wp\/v2\/media?parent=45751"}],"wp:term":[{"taxonomy":"category","embeddable":true,"href":"https:\/\/amanecerhuasteco.com\/portal\/wp-json\/wp\/v2\/categories?post=45751"},{"taxonomy":"post_tag","embeddable":true,"href":"https:\/\/amanecerhuasteco.com\/portal\/wp-json\/wp\/v2\/tags?post=45751"}],"curies":[{"name":"wp","href":"https:\/\/api.w.org\/{rel}","templated":true}]}}