{"id":45758,"date":"2020-05-01T07:31:02","date_gmt":"2020-05-01T13:31:02","guid":{"rendered":"http:\/\/amanecerhuasteco.com\/portal\/?p=45758"},"modified":"2020-05-01T07:31:02","modified_gmt":"2020-05-01T13:31:02","slug":"se-aplicara-programa-de-apoyo-fiscal-para-reactivar-la-economia-local-afectada-por-la-pandemia","status":"publish","type":"post","link":"https:\/\/amanecerhuasteco.com\/portal\/se-aplicara-programa-de-apoyo-fiscal-para-reactivar-la-economia-local-afectada-por-la-pandemia\/","title":{"rendered":"Se aplicar\u00e1 programa de apoyo fiscal para reactivar la econom\u00eda local afectada por la pandemia"},"content":{"rendered":"<p><img decoding=\"async\" class=\"alignnone size-full wp-image-45760\" src=\"https:\/\/amanecerhuasteco.com\/portal\/wp-content\/uploads\/2020\/05\/1-5-20-CABILDO-2.jpg\" alt=\"\" width=\"1024\" height=\"636\" srcset=\"https:\/\/amanecerhuasteco.com\/portal\/wp-content\/uploads\/2020\/05\/1-5-20-CABILDO-2.jpg 1024w, https:\/\/amanecerhuasteco.com\/portal\/wp-content\/uploads\/2020\/05\/1-5-20-CABILDO-2-348x215.jpg 348w\" sizes=\"(max-width: 1024px) 100vw, 1024px\" \/><\/p>\n<p>Ciudad Valles.- El Cabildo de Ciudad Valles aprob\u00f3 un programa de apoyos, para incentivar al sector comercial, que enfrenta una crisis econ\u00f3mica por la pandemia de coronavirus, Covid-19.<\/p>\n<p>La solicitud fue presentada por la tesorera municipal Laura Patricia Gonz\u00e1lez Alvarado, por instrucciones del alcalde Adri\u00e1n Esper C\u00e1rdenas.<\/p>\n<p>La propuesta incluye: descuentos en actualizaci\u00f3n y recargos de impuesto predial, no cobrar derecho de piso a ind\u00edgenas, no cobro en panteones, ni en la emisi\u00f3n de actas de nacimiento y defunci\u00f3n; la funcionaria reconoci\u00f3 que esto representar\u00e1 hasta un 20%<\/p>\n<p>menos de ingresos a la Tesorer\u00eda municipal, \u201cpero se apoyar\u00e1 a la poblaci\u00f3n\u201d, agreg\u00f3 Gonz\u00e1lez Alvarado.<\/p>\n<p>Este programa de apoyo fiscal entrar\u00e1 en vigor desde este 1 de mayo, hasta el 30 de junio de este a\u00f1o 2020.<\/p>\n<p>Tambi\u00e9n fue aprobada la solicitud de un recurso extraordinario\u00a0 de 25 millones de pesos, para enfrentar la contingencia sanitaria por Covid-19 y poder atender la crisis econ\u00f3mica que afecta a familias y empresas. Esta propuesta fue presentada por el regidor Marco Antonio Conde, para que este recurso sea solicitado al Gobierno federal o estatal.<\/p>\n<p>Por otro lado el regidor Ignacio Vicente present\u00f3 un proyecto de perifoneo, el cual\u00a0 fue canalizado a las comisiones de Comercio, Espect\u00e1culos P\u00fablicos y Ecolog\u00eda, para su dictamen; en \u00e9ste se explica que las empresas que llevan sus productos a domicilio, como son la venta de tortillas y agua purificada, utilizan un sonido excesivo y molesto.<\/p>\n<p>\u201cExisten quejas de habitantes de las colonias por el ruido generado, as\u00ed mismo de la m\u00fasica que consideran agresiva\u201d, agreg\u00f3 el funcionario.<\/p>\n<p>En esta sesi\u00f3n, se aprob\u00f3 por unanimidad la cuenta p\u00fablica del mes de marzo de 2020, as\u00ed como el informe trimestral de enero a marzo de este mismo a\u00f1o, de los recursos ejercidos del ramo 33 y de los ingresos municipales.<\/p>\n<p>Tambi\u00e9n por se aprob\u00f3 por mayor\u00eda la propuesta de las modificaciones, ajustes e incrementos a los diferentes rubros del presupuesto de ingresos y egresos, autorizados para el ejercicio del mes de marzo del 2020.<\/p>\n<p>Adem\u00e1s se aval\u00f3 el dictamen emitido por la Contralor\u00eda Interna de los estados financieros, formulados por la Tesorer\u00eda municipal, correspondiente al mes de marzo del ejercicio 2020.<\/p>\n<p>La regidora Irma Hern\u00e1ndez Medina propuso a Cabildo apoyar a las familias con\u00a0 viviendas da\u00f1adas por la contingencia ambiental, solicita se someta para su an\u00e1lisis y aprobaci\u00f3n la revisi\u00f3n del expediente para que el Instituto de Vivienda, emita un dictamen para evaluar la posibilidad de apoyar a las familias afectadas por la tormenta que cay\u00f3 recientemente en la regi\u00f3n.<\/p>\n<p>&#8212;<\/p>\n","protected":false},"excerpt":{"rendered":"<p>Ciudad Valles.- El Cabildo de Ciudad Valles aprob\u00f3 un programa de apoyos, para incentivar al sector comercial, que enfrenta una crisis econ\u00f3mica por la pandemia de coronavirus, Covid-19. La solicitud fue presentada por la tesorera municipal Laura Patricia Gonz\u00e1lez Alvarado, por instrucciones del alcalde Adri\u00e1n &hellip; <\/p>\n","protected":false},"author":1,"featured_media":45759,"comment_status":"open","ping_status":"open","sticky":false,"template":"","format":"standard","meta":{"footnotes":""},"categories":[7,11,4],"tags":[],"class_list":["post-45758","post","type-post","status-publish","format-standard","has-post-thumbnail","hentry","category-ciudad","category-estado","category-inicio"],"_links":{"self":[{"href":"https:\/\/amanecerhuasteco.com\/portal\/wp-json\/wp\/v2\/posts\/45758","targetHints":{"allow":["GET"]}}],"collection":[{"href":"https:\/\/amanecerhuasteco.com\/portal\/wp-json\/wp\/v2\/posts"}],"about":[{"href":"https:\/\/amanecerhuasteco.com\/portal\/wp-json\/wp\/v2\/types\/post"}],"author":[{"embeddable":true,"href":"https:\/\/amanecerhuasteco.com\/portal\/wp-json\/wp\/v2\/users\/1"}],"replies":[{"embeddable":true,"href":"https:\/\/amanecerhuasteco.com\/portal\/wp-json\/wp\/v2\/comments?post=45758"}],"version-history":[{"count":2,"href":"https:\/\/amanecerhuasteco.com\/portal\/wp-json\/wp\/v2\/posts\/45758\/revisions"}],"predecessor-version":[{"id":45762,"href":"https:\/\/amanecerhuasteco.com\/portal\/wp-json\/wp\/v2\/posts\/45758\/revisions\/45762"}],"wp:featuredmedia":[{"embeddable":true,"href":"https:\/\/amanecerhuasteco.com\/portal\/wp-json\/wp\/v2\/media\/45759"}],"wp:attachment":[{"href":"https:\/\/amanecerhuasteco.com\/portal\/wp-json\/wp\/v2\/media?parent=45758"}],"wp:term":[{"taxonomy":"category","embeddable":true,"href":"https:\/\/amanecerhuasteco.com\/portal\/wp-json\/wp\/v2\/categories?post=45758"},{"taxonomy":"post_tag","embeddable":true,"href":"https:\/\/amanecerhuasteco.com\/portal\/wp-json\/wp\/v2\/tags?post=45758"}],"curies":[{"name":"wp","href":"https:\/\/api.w.org\/{rel}","templated":true}]}}