{"id":46301,"date":"2020-05-16T08:46:46","date_gmt":"2020-05-16T14:46:46","guid":{"rendered":"http:\/\/amanecerhuasteco.com\/portal\/?p=46301"},"modified":"2020-05-16T08:46:46","modified_gmt":"2020-05-16T14:46:46","slug":"evaluan-agricultura-bid-y-fao-reactivacion-de-sistemas-agroalimentarios-en-america-ante-los-efectos-del-covid-19","status":"publish","type":"post","link":"https:\/\/amanecerhuasteco.com\/portal\/evaluan-agricultura-bid-y-fao-reactivacion-de-sistemas-agroalimentarios-en-america-ante-los-efectos-del-covid-19\/","title":{"rendered":"Eval\u00faan Agricultura, BID y FAO reactivaci\u00f3n de sistemas agroalimentarios en Am\u00e9rica ante los efectos del COVID-19"},"content":{"rendered":"<p>&nbsp;<\/p>\n<p>M\u00e9xico.- En conferencia virtual, el secretario V\u00edctor Villalobos Ar\u00e1mbula, el presidente del BID, Luis Moreno Mej\u00eda, y el subdirector general para el Desarrollo Econ\u00f3mico y Social de la FAO, M\u00e1ximo Torero Cullen, compartieron l\u00edneas de trabajo y experiencias enfocados a fortalecer los sistemas alimentarios en la regi\u00f3n.<\/p>\n<p>Coincidieron en la importancia de la cooperaci\u00f3n global para enfrentar la trilog\u00eda salud, alimentos y desarrollo, a trav\u00e9s de un cambio en los sistemas agroalimentarios con el fomento de la innovaci\u00f3n y las tecnolog\u00edas y promover el financiamiento en el sector, lo que permitir\u00e1 impulsar la productividad.<\/p>\n<p>El secretario de Agricultura y Desarrollo Rural, V\u00edctor Villalobos Ar\u00e1mbula, el presidente del Banco Interamericano de Desarrollo (BID), Luis Moreno Mej\u00eda, y el subdirector general para el Desarrollo Econ\u00f3mico y Social de la Organizaci\u00f3n de las Naciones Unidades para la Alimentaci\u00f3n y la Agricultura (FAO), M\u00e1ximo Torero Cullen, compartieron l\u00edneas de trabajo y experiencias enfocados a fortalecer los sistemas alimentarios en la regi\u00f3n ante los efectos de la contingencia sanitaria.<\/p>\n<p>Con el tema: \u201cRetos para la seguridad alimentaria en Am\u00e9rica Latina y el Caribe en el contexto del COVID-19\u201d, los participantes coincidieron en la importancia de la cooperaci\u00f3n global para atender la trilog\u00eda salud, alimentos y desarrollo, a trav\u00e9s de un cambio en los sistemas agroalimentarios con el fomento de la innovaci\u00f3n y las tecnolog\u00edas y la promoci\u00f3n del financiamiento en el sector.<\/p>\n<p>Como representante del sector p\u00fablico y ante una audiencia de cerca de 900 participantes, en videoconferencia el titular de Agricultura se\u00f1al\u00f3 que, derivado de la situaci\u00f3n de emergencia, hay una agenda de trabajo con los ministros de regiones de Am\u00e9rica enfocada a atender el desaf\u00edo de garantizar la producci\u00f3n y suministro de alimentos.<\/p>\n<p>M\u00e9xico ha prestado especial atenci\u00f3n a los m\u00e1s afectados, principalmente de las zonas rurales con acciones concretas, que benefician a productores de peque\u00f1a y mediana escala, se\u00f1al\u00f3.<\/p>\n<p>Lo anterior, agreg\u00f3, basado en tres puntos: evitar acciones unilaterales en el libre flujo de alimentos; fortalecer las medidas de sanidad e inocuidad en el sector agroalimentario y fortalecer los canales de comunicaci\u00f3n e informaci\u00f3n para optimizar la comercializaci\u00f3n de productos en la regi\u00f3n, con la participaci\u00f3n de los 34 pa\u00edses del hemisferio.<\/p>\n<p>Afirm\u00f3 que se atiende el llamado a las organizaciones internacionales para contar con un plan de trabajo e identificar oportunidades urgentes de inversi\u00f3n en el sector agr\u00edcola, que pueden tener un impacto social en pa\u00edses de bajos ingresos de la regi\u00f3n, con atenci\u00f3n especial en zonas de comunidades vulnerables.<\/p>\n<p>Destac\u00f3 que en la atenci\u00f3n a la presente emergencia sanitaria, M\u00e9xico, Canad\u00e1 y Estados Unidos sostienen un di\u00e1logo permanente y el compromiso de mantener abiertas las fronteras al transporte de alimentos, con el prop\u00f3sito de garantizar su disponibilidad; adem\u00e1s, se ha reiterado la disposici\u00f3n de trabajar junto a nuestras contrapartes y con organizaciones regionales e internacionales para superar estos desaf\u00edos, subray\u00f3.<\/p>\n<p>El presidente del BID, Luis Moreno Mej\u00eda, indic\u00f3 que las circunstancias actuales marcan un cambio en la estructuraci\u00f3n del sistema de seguridad alimentaria, que ya surte efectos en pa\u00edses de Centro y Sudam\u00e9rica con problemas de inflaci\u00f3n, y en la operatividad de algunas \u00e1reas de los sectores productivos.<\/p>\n<p>Asegur\u00f3 que es una prioridad global el proteger el futuro de los sistemas alimentarios para fortalecer la seguridad alimentaria de los pa\u00edses del continente americano, con atenci\u00f3n en Am\u00e9rica Latina y el Caribe.<\/p>\n<p>Refiri\u00f3 que la pandemia por el COVID-19 llevar\u00eda a que m\u00e1s personas caigan en situaci\u00f3n de inseguridad alimentaria en la regi\u00f3n, por lo que es preciso \u2013dijo\u2014 el trabajo en equipo para superar retos y desaf\u00edos para el sector agroalimentario a nivel global.<\/p>\n<p>El economista en Jefe y subdirector general para el Desarrollo Econ\u00f3mico y Social de la FAO, M\u00e1ximo Torero Cullen, mencion\u00f3 que en el contexto global se toman medidas ante la pandemia, como es atender la oferta y la demanda, principalmente en cereales, frutas y c\u00e1rnicos, la log\u00edstica para el transporte y suministro de alimentos, as\u00ed como la necesidad de mano de obra en la agricultura y la agroindustria.<\/p>\n<p>En la regi\u00f3n de Am\u00e9rica Latina y el Caribe, precis\u00f3, la mayor parte de las exportaciones agroalimentarias van a China y Estados Unidos, por lo que cualquier problema nos hace vulnerables y el corredor seco en Centroam\u00e9rica los hace importadores de alimentos.<\/p>\n<p>Esta situaci\u00f3n, hace necesario la instrumentaci\u00f3n de un plan de acciones conjuntas para fortalecer los protocolos sanitarios que incidan en impulsar la producci\u00f3n y abasto en los mercados internos y externos, apunt\u00f3.<\/p>\n<p>&#8212;<\/p>\n","protected":false},"excerpt":{"rendered":"<p>&nbsp; M\u00e9xico.- En conferencia virtual, el secretario V\u00edctor Villalobos Ar\u00e1mbula, el presidente del BID, Luis Moreno Mej\u00eda, y el subdirector general para el Desarrollo Econ\u00f3mico y Social de la FAO, M\u00e1ximo Torero Cullen, compartieron l\u00edneas de trabajo y experiencias enfocados a fortalecer los sistemas alimentarios &hellip; <\/p>\n","protected":false},"author":1,"featured_media":46302,"comment_status":"open","ping_status":"open","sticky":false,"template":"","format":"standard","meta":{"footnotes":""},"categories":[7,11,4,12,21,20],"tags":[],"class_list":["post-46301","post","type-post","status-publish","format-standard","has-post-thumbnail","hentry","category-ciudad","category-estado","category-inicio","category-nacional","category-tamasopo","category-tamuin"],"_links":{"self":[{"href":"https:\/\/amanecerhuasteco.com\/portal\/wp-json\/wp\/v2\/posts\/46301","targetHints":{"allow":["GET"]}}],"collection":[{"href":"https:\/\/amanecerhuasteco.com\/portal\/wp-json\/wp\/v2\/posts"}],"about":[{"href":"https:\/\/amanecerhuasteco.com\/portal\/wp-json\/wp\/v2\/types\/post"}],"author":[{"embeddable":true,"href":"https:\/\/amanecerhuasteco.com\/portal\/wp-json\/wp\/v2\/users\/1"}],"replies":[{"embeddable":true,"href":"https:\/\/amanecerhuasteco.com\/portal\/wp-json\/wp\/v2\/comments?post=46301"}],"version-history":[{"count":2,"href":"https:\/\/amanecerhuasteco.com\/portal\/wp-json\/wp\/v2\/posts\/46301\/revisions"}],"predecessor-version":[{"id":46304,"href":"https:\/\/amanecerhuasteco.com\/portal\/wp-json\/wp\/v2\/posts\/46301\/revisions\/46304"}],"wp:featuredmedia":[{"embeddable":true,"href":"https:\/\/amanecerhuasteco.com\/portal\/wp-json\/wp\/v2\/media\/46302"}],"wp:attachment":[{"href":"https:\/\/amanecerhuasteco.com\/portal\/wp-json\/wp\/v2\/media?parent=46301"}],"wp:term":[{"taxonomy":"category","embeddable":true,"href":"https:\/\/amanecerhuasteco.com\/portal\/wp-json\/wp\/v2\/categories?post=46301"},{"taxonomy":"post_tag","embeddable":true,"href":"https:\/\/amanecerhuasteco.com\/portal\/wp-json\/wp\/v2\/tags?post=46301"}],"curies":[{"name":"wp","href":"https:\/\/api.w.org\/{rel}","templated":true}]}}