{"id":46356,"date":"2020-05-18T10:39:31","date_gmt":"2020-05-18T16:39:31","guid":{"rendered":"http:\/\/amanecerhuasteco.com\/portal\/?p=46356"},"modified":"2020-05-19T16:38:35","modified_gmt":"2020-05-19T22:38:35","slug":"amanecer-politico-15","status":"publish","type":"post","link":"https:\/\/amanecerhuasteco.com\/portal\/amanecer-politico-15\/","title":{"rendered":"AMANECER POL\u00cdTICO"},"content":{"rendered":"<p><img decoding=\"async\" class=\"alignnone size-full wp-image-46357\" src=\"https:\/\/amanecerhuasteco.com\/portal\/wp-content\/uploads\/2020\/05\/18-5-20-MORENA.jpg\" alt=\"\" width=\"602\" height=\"156\" \/><\/p>\n<p>El trabajo trascendente para la pol\u00edtica que siga impulsando el proyecto del Presidente de la Rep\u00fablica, Andr\u00e9s Manuel L\u00f3pez Obrador de combatir la corrupci\u00f3n en todos los niveles de gobierno se encuentra en estos momentos en manos de Alfonso Ram\u00edrez Cu\u00e9llar, actual Presidente del Partido Movimiento de Regeneraci\u00f3n Nacional \u00a0(MORENA), quien ser\u00e1 pieza clave en los futuros procesos electorales que lleven a cabo en M\u00e9xico, deber\u00e1 tener la visi\u00f3n nacional primero para realizar la reestructuraci\u00f3n total de MORENA, despu\u00e9s designar a los mejores hombres que manejen la pol\u00edtica de cada estado y municipio, finalmente postular personas honestas, con liderazgo y comulguen con la 4T, de no ser as\u00ed dif\u00edcilmente el proyecto de naci\u00f3n de AMLO se disolver\u00e1\u2026\u2026\u2026\u2026\u2026.En el caso espec\u00edfico de San Luis Potos\u00ed, la salida de Sergio Serrano Soriano como dirigente estatal de MORENA es inminente, y aqu\u00ed se ver\u00e1 la mano de Ram\u00edrez Cuellar, porque de no equivocarse ser\u00eda el inicio de un proyecto pol\u00edtico que ganar\u00eda por primera vez la \u201cGubernatura\u201d en San Luis Potos\u00ed en alianza con otros partidos pol\u00edticos\u2026\u2026..Aunque no tendr\u00e1n votos en cascada como se tuvieron con AMLO, ahora son gobierno federal desde donde se deciden muchas cosas, se impulsan las pol\u00edticas p\u00fablicas que benefician a las masas populares, y que definitivamente sumaran votos al partido en el poder, adem\u00e1s de que muchos seguidores del PRI, PAN y PRD que se est\u00e1n sumando a las filas de MORENA, que aunque no hay afiliaci\u00f3n ya se encuentran formados\u2026\u2026\u2026\u2026.Candidatura a la gubernatura por MORENA de un huasteco, \u00a0es un tema que preocupa a los pol\u00edticos curros, aunque la idea surgi\u00f3 de manera inmediata al triunfo de AMLO, por la cantidad votos obtenidos en la zona huasteca de San Luis Potos\u00ed, poco a poco se ha intentado desmotivarla ya que si llegara un huasteco seguramente habr\u00eda m\u00e1s atenci\u00f3n a esta zona, pero para que eso pueda ocurrir, todo depende del trabajo de Alfonso Ram\u00edrez Cuellar desde la Ciudad de M\u00e9xico, para que el pr\u00f3ximo presidente de MORENA en San Luis Potos\u00ed, sea el resultado de un proceso democr\u00e1tico que le permita al nuevo dirigente estatal hacer \u201calianzas\u201d con otros partidos potosinos, que le dar\u00e1 muchas posibilidades de ganar puestos de elecci\u00f3n popular especialmente la Gubernatura, la cuesti\u00f3n que un candidato huasteco tendr\u00eda que unificar a todos los partidos pol\u00edticos de izquierda y pocos cumplen ese requisito\u2026\u2026\u2026..Si la decisi\u00f3n viene de la Ciudad de M\u00e9xico, como en los viejos tiempos del PRI, el candidato a Gobernador de San Luis Potos\u00ed, ser\u00e1 Esteban Moctezuma Barrag\u00e1n, actual Secretario de Educaci\u00f3n P\u00fablica, aunque ser\u00eda una imposici\u00f3n al interior de MORENA, la realidad es que se encuentran ya apuntados muchos personajes que del anonimato se hicieron p\u00fablicos por el voto en cascada de AMLO y ahora creen tener posibilidad de ocupar cargos de elecci\u00f3n popular si participan en las elecciones que siguen, es el caso de legisladores locales, federales y funcionarios p\u00fablicos, aunque su trabajo en beneficio de los ciudadanos ha sido muy pobre\u2026\u2026\u2026..<\/p>\n<p>&nbsp;<\/p>\n<p>Comentarios al correo: <a href=\"mailto:amanecer_david@hotmail.com\">amanecer_david@hotmail.com<\/a><\/p>\n<p>&#8212;<\/p>\n","protected":false},"excerpt":{"rendered":"<p>El trabajo trascendente para la pol\u00edtica que siga impulsando el proyecto del Presidente de la Rep\u00fablica, Andr\u00e9s Manuel L\u00f3pez Obrador de combatir la corrupci\u00f3n en todos los niveles de gobierno se encuentra en estos momentos en manos de Alfonso Ram\u00edrez Cu\u00e9llar, actual Presidente del Partido &hellip; <\/p>\n","protected":false},"author":1,"featured_media":46357,"comment_status":"open","ping_status":"open","sticky":true,"template":"","format":"standard","meta":{"footnotes":""},"categories":[47],"tags":[],"class_list":["post-46356","post","type-post","status-publish","format-standard","has-post-thumbnail","hentry","category-amanecer-politico"],"_links":{"self":[{"href":"https:\/\/amanecerhuasteco.com\/portal\/wp-json\/wp\/v2\/posts\/46356","targetHints":{"allow":["GET"]}}],"collection":[{"href":"https:\/\/amanecerhuasteco.com\/portal\/wp-json\/wp\/v2\/posts"}],"about":[{"href":"https:\/\/amanecerhuasteco.com\/portal\/wp-json\/wp\/v2\/types\/post"}],"author":[{"embeddable":true,"href":"https:\/\/amanecerhuasteco.com\/portal\/wp-json\/wp\/v2\/users\/1"}],"replies":[{"embeddable":true,"href":"https:\/\/amanecerhuasteco.com\/portal\/wp-json\/wp\/v2\/comments?post=46356"}],"version-history":[{"count":1,"href":"https:\/\/amanecerhuasteco.com\/portal\/wp-json\/wp\/v2\/posts\/46356\/revisions"}],"predecessor-version":[{"id":46358,"href":"https:\/\/amanecerhuasteco.com\/portal\/wp-json\/wp\/v2\/posts\/46356\/revisions\/46358"}],"wp:featuredmedia":[{"embeddable":true,"href":"https:\/\/amanecerhuasteco.com\/portal\/wp-json\/wp\/v2\/media\/46357"}],"wp:attachment":[{"href":"https:\/\/amanecerhuasteco.com\/portal\/wp-json\/wp\/v2\/media?parent=46356"}],"wp:term":[{"taxonomy":"category","embeddable":true,"href":"https:\/\/amanecerhuasteco.com\/portal\/wp-json\/wp\/v2\/categories?post=46356"},{"taxonomy":"post_tag","embeddable":true,"href":"https:\/\/amanecerhuasteco.com\/portal\/wp-json\/wp\/v2\/tags?post=46356"}],"curies":[{"name":"wp","href":"https:\/\/api.w.org\/{rel}","templated":true}]}}