{"id":46372,"date":"2020-05-18T13:08:29","date_gmt":"2020-05-18T19:08:29","guid":{"rendered":"http:\/\/amanecerhuasteco.com\/portal\/?p=46372"},"modified":"2020-05-18T13:08:29","modified_gmt":"2020-05-18T19:08:29","slug":"ejidatarios-de-guadalupe-victoria-denuncian-que-inversionistas-intentan-despojarlos-de-sus-tierras-para-crear-una-zona-industrial","status":"publish","type":"post","link":"https:\/\/amanecerhuasteco.com\/portal\/ejidatarios-de-guadalupe-victoria-denuncian-que-inversionistas-intentan-despojarlos-de-sus-tierras-para-crear-una-zona-industrial\/","title":{"rendered":"Ejidatarios de Guadalupe Victoria, denuncian que inversionistas intentan despojarlos de sus tierras para crear una \u201cZona Industrial\u201d"},"content":{"rendered":"<p>&nbsp;<\/p>\n<p>Mexquitic.- Sin importar la dif\u00edcil situaci\u00f3n que vive Mexquitic de Carmona con el incremento de contagios de COVID-19, grupos organizados por la inmobiliaria\u00a0 CALETTO, propiedad de la familia Torres Corzo,\u00a0 irrumpieron en los terrenos de la comunidad Guadalupe Victoria y su anexo La Cruz,\u00a0 poniendo en riesgo a los habitantes de esa localidad.<\/p>\n<p>Al respecto el presidente del Comisariado de Guadalupe Victoria, Antonio Tovar, declar\u00f3: \u201cEst\u00e1n trayendo a la gente y lo que ellos comentan que esas tierras son de ellos,\u00a0 es con lo que nos quieren provocar.<\/p>\n<p>Si hay algunas personas que se alteran mucho de parte de ellos, aunque s\u00f3lo ha habido agresi\u00f3n verbal, alguna que otra persona es m\u00e1s rebelde\u201d.<\/p>\n<p>Por su parte el abogado Jos\u00e9 Corpus Salazar, calific\u00f3 dichos actos como criminales y delictivos, \u201cNo puede ser posible que los fraccionadores desesperados por despojar y construir proyectos Inmobiliarios en tierras ajenas violenten los lineamientos de salud y seguridad\u201d.<\/p>\n<p>Los ejidatarios y comuneros de Guadalupe Victoria se\u00f1alan que manifestaron que no van a responder con violencia. \u201cAqu\u00ed nosotros nos hemos mantenido en nuestra posici\u00f3n de no buscarles problema. Ya se inform\u00f3 al Gobierno Estatal en tres ocasiones y quedaron de resguardar el lugar\u00bb.<\/p>\n<p>Asimismo el Comisariado Antonio Tovar indic\u00f3 que por ahora s\u00f3lo reunir\u00e1n a la gente para la vigilancia que siempre han tenido y buscar\u00e1n por medio de su abogado el apoyo del Gobierno Estatal y Municipal.<\/p>\n<p>En el mismo sentido pidieron a la ciudadan\u00eda y autoridades estar al pendiente para que les puedan apoyar en caso de que esto derivara en un conflicto m\u00e1s grave.<\/p>\n<p>Por otra parte los ejidatarios aseguran que quienes pretenden invadir sus tierras, quieren crear ah\u00ed una nueva zona industrial, \u201cNuestras tierras y las de Suspiro Picacho son ambicionadas por grupos empresariales e industriales.<\/p>\n<p>As\u00ed mismo el comisariado estableci\u00f3 que los responsables intelectuales de estos actos ser\u00e1n denunciados tambi\u00e9n ante el Gobierno Federal y se pedir\u00e1 el apoyo de la Guardia Nacional.<\/p>\n<p>&#8212;<\/p>\n","protected":false},"excerpt":{"rendered":"<p>&nbsp; Mexquitic.- Sin importar la dif\u00edcil situaci\u00f3n que vive Mexquitic de Carmona con el incremento de contagios de COVID-19, grupos organizados por la inmobiliaria\u00a0 CALETTO, propiedad de la familia Torres Corzo,\u00a0 irrumpieron en los terrenos de la comunidad Guadalupe Victoria y su anexo La Cruz,\u00a0 &hellip; <\/p>\n","protected":false},"author":1,"featured_media":46371,"comment_status":"open","ping_status":"open","sticky":false,"template":"","format":"standard","meta":{"footnotes":""},"categories":[7,11,4,12,19],"tags":[],"class_list":["post-46372","post","type-post","status-publish","format-standard","has-post-thumbnail","hentry","category-ciudad","category-estado","category-inicio","category-nacional","category-policia"],"_links":{"self":[{"href":"https:\/\/amanecerhuasteco.com\/portal\/wp-json\/wp\/v2\/posts\/46372","targetHints":{"allow":["GET"]}}],"collection":[{"href":"https:\/\/amanecerhuasteco.com\/portal\/wp-json\/wp\/v2\/posts"}],"about":[{"href":"https:\/\/amanecerhuasteco.com\/portal\/wp-json\/wp\/v2\/types\/post"}],"author":[{"embeddable":true,"href":"https:\/\/amanecerhuasteco.com\/portal\/wp-json\/wp\/v2\/users\/1"}],"replies":[{"embeddable":true,"href":"https:\/\/amanecerhuasteco.com\/portal\/wp-json\/wp\/v2\/comments?post=46372"}],"version-history":[{"count":2,"href":"https:\/\/amanecerhuasteco.com\/portal\/wp-json\/wp\/v2\/posts\/46372\/revisions"}],"predecessor-version":[{"id":46374,"href":"https:\/\/amanecerhuasteco.com\/portal\/wp-json\/wp\/v2\/posts\/46372\/revisions\/46374"}],"wp:featuredmedia":[{"embeddable":true,"href":"https:\/\/amanecerhuasteco.com\/portal\/wp-json\/wp\/v2\/media\/46371"}],"wp:attachment":[{"href":"https:\/\/amanecerhuasteco.com\/portal\/wp-json\/wp\/v2\/media?parent=46372"}],"wp:term":[{"taxonomy":"category","embeddable":true,"href":"https:\/\/amanecerhuasteco.com\/portal\/wp-json\/wp\/v2\/categories?post=46372"},{"taxonomy":"post_tag","embeddable":true,"href":"https:\/\/amanecerhuasteco.com\/portal\/wp-json\/wp\/v2\/tags?post=46372"}],"curies":[{"name":"wp","href":"https:\/\/api.w.org\/{rel}","templated":true}]}}