{"id":46440,"date":"2020-05-21T06:19:15","date_gmt":"2020-05-21T12:19:15","guid":{"rendered":"http:\/\/amanecerhuasteco.com\/portal\/?p=46440"},"modified":"2020-05-21T06:19:15","modified_gmt":"2020-05-21T12:19:15","slug":"en-ciudad-valles-fge-logra-prision-preventiva-para-un-hombre-acusado-de-robo-de-infante-y-violacion","status":"publish","type":"post","link":"https:\/\/amanecerhuasteco.com\/portal\/en-ciudad-valles-fge-logra-prision-preventiva-para-un-hombre-acusado-de-robo-de-infante-y-violacion\/","title":{"rendered":"En Ciudad Valles FGE logra prisi\u00f3n preventiva para un hombre acusado de robo de infante y violaci\u00f3n"},"content":{"rendered":"<p>&nbsp;<\/p>\n<p>El imputado tiene 82 a\u00f1os; la defensa solicit\u00f3 arraigo domiciliario y fue negado por el riesgo<\/p>\n<p>Ciudad Valles. &#8211; Despu\u00e9s de que el Juez de Control calificara de legal la detenci\u00f3n en flagrancia de un hombre de 82 a\u00f1os de edad, por su presunta responsabilidad en los delitos de robo de infante y violaci\u00f3n en Ciudad Valles, litigadores de la Delegaci\u00f3n S\u00e9ptima de la Fiscal\u00eda General del Estado de San Luis Potos\u00ed (FGESLP) lograron que se le vinculara a proceso y se le diera prisi\u00f3n preventiva.<\/p>\n<p>Tras escuchar los datos de prueba presentados por los abogados de la instituci\u00f3n, la autoridad judicial dict\u00f3 un plazo de tres meses para realizar la investigaci\u00f3n complementaria, adem\u00e1s de informarle al imputado que llevar\u00e1 su proceso bajo la medida cautelar de prisi\u00f3n preventiva oficiosa.<\/p>\n<p>Los hechos ocurrieron el 16 de mayo del a\u00f1o 2020, cuando la menor de 10 a\u00f1os de identidad reservada, caminaba por una vereda de la colonia L\u00e1zaro C\u00e1rdenas del municipio vallense y el ahora detenido presumiblemente la tom\u00f3 con sus brazos, tap\u00e1ndole la boca, y llev\u00e1ndola por la fuerza a su domicilio particular; en el interior, le realiz\u00f3 tocamientos a la v\u00edctima y presumiblemente la viol\u00f3, al igual que la mantuvo cautiva durante varias horas.<\/p>\n<p>Los familiares de la menor se percataron de su ausencia, acudiendo a denunciar la desaparici\u00f3n de la menor, siendo rescatada en el inmueble; al salir el imputado fue detenido en flagrancia por elementos de la Polic\u00eda Estatal, los cuales pusieron al sujeto a disposici\u00f3n del agente del Ministerio P\u00fablico en turno quien inici\u00f3 el proceso legal de inmediato.<\/p>\n<p>Cabe destacar que la audiencia inicial, la defensa del se\u00f1alado solicit\u00f3 modificar la medida cautelar por la edad del imputado, pidiendo el arraigo domiciliario, sin embargo, los litigadores de la S\u00e9ptima Delegaci\u00f3n de la FGESLP se negaron, argumentando el riesgo social que implicaba que el presunto no quedara recluido.<\/p>\n<p>Esto debido a que el domicilio donde se encontrar\u00eda el sujeto ser\u00eda el mismo en donde se llev\u00f3 a cabo el hecho con apariencia de delito, por lo que la autoridad judicial coincidi\u00f3 con la Fiscal\u00eda y neg\u00f3 dicha petici\u00f3n, quedando recluido en el centro de reinserci\u00f3n social de Ciudad Valles.<\/p>\n<p>&nbsp;<\/p>\n","protected":false},"excerpt":{"rendered":"<p>&nbsp; El imputado tiene 82 a\u00f1os; la defensa solicit\u00f3 arraigo domiciliario y fue negado por el riesgo Ciudad Valles. &#8211; Despu\u00e9s de que el Juez de Control calificara de legal la detenci\u00f3n en flagrancia de un hombre de 82 a\u00f1os de edad, por su presunta &hellip; <\/p>\n","protected":false},"author":1,"featured_media":46441,"comment_status":"open","ping_status":"open","sticky":false,"template":"","format":"standard","meta":{"footnotes":""},"categories":[7,11,4,19],"tags":[],"class_list":["post-46440","post","type-post","status-publish","format-standard","has-post-thumbnail","hentry","category-ciudad","category-estado","category-inicio","category-policia"],"_links":{"self":[{"href":"https:\/\/amanecerhuasteco.com\/portal\/wp-json\/wp\/v2\/posts\/46440","targetHints":{"allow":["GET"]}}],"collection":[{"href":"https:\/\/amanecerhuasteco.com\/portal\/wp-json\/wp\/v2\/posts"}],"about":[{"href":"https:\/\/amanecerhuasteco.com\/portal\/wp-json\/wp\/v2\/types\/post"}],"author":[{"embeddable":true,"href":"https:\/\/amanecerhuasteco.com\/portal\/wp-json\/wp\/v2\/users\/1"}],"replies":[{"embeddable":true,"href":"https:\/\/amanecerhuasteco.com\/portal\/wp-json\/wp\/v2\/comments?post=46440"}],"version-history":[{"count":1,"href":"https:\/\/amanecerhuasteco.com\/portal\/wp-json\/wp\/v2\/posts\/46440\/revisions"}],"predecessor-version":[{"id":46442,"href":"https:\/\/amanecerhuasteco.com\/portal\/wp-json\/wp\/v2\/posts\/46440\/revisions\/46442"}],"wp:featuredmedia":[{"embeddable":true,"href":"https:\/\/amanecerhuasteco.com\/portal\/wp-json\/wp\/v2\/media\/46441"}],"wp:attachment":[{"href":"https:\/\/amanecerhuasteco.com\/portal\/wp-json\/wp\/v2\/media?parent=46440"}],"wp:term":[{"taxonomy":"category","embeddable":true,"href":"https:\/\/amanecerhuasteco.com\/portal\/wp-json\/wp\/v2\/categories?post=46440"},{"taxonomy":"post_tag","embeddable":true,"href":"https:\/\/amanecerhuasteco.com\/portal\/wp-json\/wp\/v2\/tags?post=46440"}],"curies":[{"name":"wp","href":"https:\/\/api.w.org\/{rel}","templated":true}]}}