{"id":46489,"date":"2020-05-22T08:07:01","date_gmt":"2020-05-22T14:07:01","guid":{"rendered":"http:\/\/amanecerhuasteco.com\/portal\/?p=46489"},"modified":"2020-05-22T08:07:01","modified_gmt":"2020-05-22T14:07:01","slug":"inician-perforacion-de-pozo-para-abastecer-al-ejido-laguna-del-mante","status":"publish","type":"post","link":"https:\/\/amanecerhuasteco.com\/portal\/inician-perforacion-de-pozo-para-abastecer-al-ejido-laguna-del-mante\/","title":{"rendered":"Inician perforaci\u00f3n de pozo para abastecer al ejido Laguna del Mante"},"content":{"rendered":"<p><img decoding=\"async\" class=\"alignnone size-full wp-image-46491\" src=\"https:\/\/amanecerhuasteco.com\/portal\/wp-content\/uploads\/2020\/05\/22-5-20-POZO.jpg\" alt=\"\" width=\"720\" height=\"1280\" \/><\/p>\n<p>Ciudad Valles.- El Gobierno municipal que encabeza el alcalde Adri\u00e1n Esper C\u00e1rdenas inici\u00f3 con la perforaci\u00f3n de un pozo profundo, en el ejido Laguna del Mante, uno de los\u00a0 m\u00e1s grandes del municipio de Ciudad Valles.<\/p>\n<p>El director de Codesol Alberto Esp\u00ednola Maldonado, dijo, que con esta obra, se busca atender la emergencia por la sequia que impacta en esta zona del municipio.<\/p>\n<p>\u201cPor ello el d\u00eda de hoy a trav\u00e9s de Codesol se empiezan los trabajos para tener una alternativa de suministro de agua y que los m\u00e1s de 4 mil habitantes de ese ejido puedan estar con la tranquilidad de tener agua en sus hogares\u201d, afirm\u00f3 el funcionario municipal.<\/p>\n<p>Dijo que una de las prioridades del gobierno del Lic. Adri\u00e1n Esper C\u00e1rdenas es dotar de fuentes de abastecimiento de agua a comunidades, que por a\u00f1os han padecido por la falta del\u00a0 vital l\u00edquido y se ha trabajado en resolver esta necesidad.<\/p>\n<p>Con estas acciones el ejido Loma de la Concha, Loma del Barranco, Crucero de Las Pitas, El Sidral, cuentan ya con abastecimiento propio de agua.<\/p>\n<p>Tambi\u00e9n anunci\u00f3\u00a0 que est\u00e1 por iniciar otra obra similar de perforaci\u00f3n de pozo profundo, en el ejido San Miguel y se realizan trabajos geof\u00edsicos de exploraci\u00f3n en\u00a0 Buenavista 1, El Aguaje, El Cinco, ejido Las Pitas y Sabino del Obispo.<\/p>\n<p>&#8212;<\/p>\n","protected":false},"excerpt":{"rendered":"<p>Ciudad Valles.- El Gobierno municipal que encabeza el alcalde Adri\u00e1n Esper C\u00e1rdenas inici\u00f3 con la perforaci\u00f3n de un pozo profundo, en el ejido Laguna del Mante, uno de los\u00a0 m\u00e1s grandes del municipio de Ciudad Valles. El director de Codesol Alberto Esp\u00ednola Maldonado, dijo, que &hellip; <\/p>\n","protected":false},"author":1,"featured_media":46490,"comment_status":"open","ping_status":"open","sticky":false,"template":"","format":"standard","meta":{"footnotes":""},"categories":[7,4],"tags":[],"class_list":["post-46489","post","type-post","status-publish","format-standard","has-post-thumbnail","hentry","category-ciudad","category-inicio"],"_links":{"self":[{"href":"https:\/\/amanecerhuasteco.com\/portal\/wp-json\/wp\/v2\/posts\/46489","targetHints":{"allow":["GET"]}}],"collection":[{"href":"https:\/\/amanecerhuasteco.com\/portal\/wp-json\/wp\/v2\/posts"}],"about":[{"href":"https:\/\/amanecerhuasteco.com\/portal\/wp-json\/wp\/v2\/types\/post"}],"author":[{"embeddable":true,"href":"https:\/\/amanecerhuasteco.com\/portal\/wp-json\/wp\/v2\/users\/1"}],"replies":[{"embeddable":true,"href":"https:\/\/amanecerhuasteco.com\/portal\/wp-json\/wp\/v2\/comments?post=46489"}],"version-history":[{"count":2,"href":"https:\/\/amanecerhuasteco.com\/portal\/wp-json\/wp\/v2\/posts\/46489\/revisions"}],"predecessor-version":[{"id":46493,"href":"https:\/\/amanecerhuasteco.com\/portal\/wp-json\/wp\/v2\/posts\/46489\/revisions\/46493"}],"wp:featuredmedia":[{"embeddable":true,"href":"https:\/\/amanecerhuasteco.com\/portal\/wp-json\/wp\/v2\/media\/46490"}],"wp:attachment":[{"href":"https:\/\/amanecerhuasteco.com\/portal\/wp-json\/wp\/v2\/media?parent=46489"}],"wp:term":[{"taxonomy":"category","embeddable":true,"href":"https:\/\/amanecerhuasteco.com\/portal\/wp-json\/wp\/v2\/categories?post=46489"},{"taxonomy":"post_tag","embeddable":true,"href":"https:\/\/amanecerhuasteco.com\/portal\/wp-json\/wp\/v2\/tags?post=46489"}],"curies":[{"name":"wp","href":"https:\/\/api.w.org\/{rel}","templated":true}]}}