{"id":48739,"date":"2020-08-03T19:09:41","date_gmt":"2020-08-04T01:09:41","guid":{"rendered":"http:\/\/amanecerhuasteco.com\/portal\/?p=48739"},"modified":"2020-08-03T19:09:41","modified_gmt":"2020-08-04T01:09:41","slug":"fiscalia-detiene-a-7-personas-presuntamente-relacionadas-con-danos-en-el-centro-de-slp","status":"publish","type":"post","link":"https:\/\/amanecerhuasteco.com\/portal\/fiscalia-detiene-a-7-personas-presuntamente-relacionadas-con-danos-en-el-centro-de-slp\/","title":{"rendered":"Fiscal\u00eda detiene a 7 personas presuntamente relacionadas con da\u00f1os en el centro de SLP"},"content":{"rendered":"<p>&nbsp;<\/p>\n<p>-Estar\u00edan relacionados a los destrozos del pasado viernes 5 de junio de 2020<\/p>\n<p>San Luis Potos\u00ed. La Fiscal\u00eda General del Estado de San Luis Potos\u00ed (FGESLP) captur\u00f3 a siete personas, presuntamente relacionadas con diversos hechos delictivos ocurridos el pasado 5 de junio de 2020, en donde se ocasionaron da\u00f1os en primer cuadro la ciudad Capital.<\/p>\n<p>La Polic\u00eda de Investigaci\u00f3n (PDI) cumpliment\u00f3 \u00f3rdenes de aprehensi\u00f3n a seis hombres y una mujer, por el delito de mot\u00edn en concurso real con el diverso de da\u00f1o en las cosas.<\/p>\n<p>Las personas detenidas fueron identificadas como Josu\u00e9 Antonio \u201cN; Jonathan Eduardo \u201cN\u201d; Marco Santiago \u201cN\u201d; Jos\u00e9 Ra\u00fal \u201cN\u201d; Iv\u00e1n Alberto \u201cN\u201d; Jessica Karina \u201cN\u201d; y \u00c1ngel de Jes\u00fas \u201cN\u201d; de edades de entre los 18 y 24 a\u00f1os.<\/p>\n<p>Las detenciones se realizaron en varios puntos de la zona metropolitana de San Luis Potos\u00ed.<\/p>\n<p>Tras los avances de una ardua investigaci\u00f3n, el Agente del Ministerio P\u00fablico especializado y la PDI trabajaron para obtener datos de prueba de su probable intervenci\u00f3n en eso hechos, para posteriormente solicitar al Juez de Control las \u00f3rdenes de aprehensi\u00f3n respectivas.<\/p>\n<p>La y los imputados una vez asegurados fueron puestos a disposici\u00f3n de la autoridad judicial que los solicita, internos en el centro de reinserci\u00f3n social de La Pila, en espera de que se comience con su audiencia inicial en pr\u00f3ximas horas.<\/p>\n<p>La FGESLP inform\u00f3 que se mantienen las investigaciones sobre lo ocurrido ese viernes 5 de junio del presente a\u00f1o, trabajando en m\u00e1s posibles individualizaciones para deslindar responsabilidades y esclarecer el caso en su totalidad.<\/p>\n<p>El 7 de junio de 2020, la instituci\u00f3n de procuraci\u00f3n de justicia logr\u00f3 que fueran vinculadas a proceso dos mujeres y un hombre, quienes se encuentran en la etapa de investigaciones complementarias.<\/p>\n<p>&#8212;<\/p>\n","protected":false},"excerpt":{"rendered":"<p>&nbsp; -Estar\u00edan relacionados a los destrozos del pasado viernes 5 de junio de 2020 San Luis Potos\u00ed. La Fiscal\u00eda General del Estado de San Luis Potos\u00ed (FGESLP) captur\u00f3 a siete personas, presuntamente relacionadas con diversos hechos delictivos ocurridos el pasado 5 de junio de 2020, &hellip; <\/p>\n","protected":false},"author":1,"featured_media":48740,"comment_status":"open","ping_status":"open","sticky":false,"template":"","format":"standard","meta":{"footnotes":""},"categories":[7,23,11,4,12,19,5,20],"tags":[],"class_list":["post-48739","post","type-post","status-publish","format-standard","has-post-thumbnail","hentry","category-ciudad","category-congreso","category-estado","category-inicio","category-nacional","category-policia","category-politica","category-tamuin"],"_links":{"self":[{"href":"https:\/\/amanecerhuasteco.com\/portal\/wp-json\/wp\/v2\/posts\/48739","targetHints":{"allow":["GET"]}}],"collection":[{"href":"https:\/\/amanecerhuasteco.com\/portal\/wp-json\/wp\/v2\/posts"}],"about":[{"href":"https:\/\/amanecerhuasteco.com\/portal\/wp-json\/wp\/v2\/types\/post"}],"author":[{"embeddable":true,"href":"https:\/\/amanecerhuasteco.com\/portal\/wp-json\/wp\/v2\/users\/1"}],"replies":[{"embeddable":true,"href":"https:\/\/amanecerhuasteco.com\/portal\/wp-json\/wp\/v2\/comments?post=48739"}],"version-history":[{"count":1,"href":"https:\/\/amanecerhuasteco.com\/portal\/wp-json\/wp\/v2\/posts\/48739\/revisions"}],"predecessor-version":[{"id":48741,"href":"https:\/\/amanecerhuasteco.com\/portal\/wp-json\/wp\/v2\/posts\/48739\/revisions\/48741"}],"wp:featuredmedia":[{"embeddable":true,"href":"https:\/\/amanecerhuasteco.com\/portal\/wp-json\/wp\/v2\/media\/48740"}],"wp:attachment":[{"href":"https:\/\/amanecerhuasteco.com\/portal\/wp-json\/wp\/v2\/media?parent=48739"}],"wp:term":[{"taxonomy":"category","embeddable":true,"href":"https:\/\/amanecerhuasteco.com\/portal\/wp-json\/wp\/v2\/categories?post=48739"},{"taxonomy":"post_tag","embeddable":true,"href":"https:\/\/amanecerhuasteco.com\/portal\/wp-json\/wp\/v2\/tags?post=48739"}],"curies":[{"name":"wp","href":"https:\/\/api.w.org\/{rel}","templated":true}]}}