{"id":48931,"date":"2020-08-12T12:44:45","date_gmt":"2020-08-12T18:44:45","guid":{"rendered":"http:\/\/amanecerhuasteco.com\/portal\/?p=48931"},"modified":"2020-08-12T12:44:45","modified_gmt":"2020-08-12T18:44:45","slug":"se-espera-una-zafra-2020-2021-productiva-tito-fortanelli","status":"publish","type":"post","link":"https:\/\/amanecerhuasteco.com\/portal\/se-espera-una-zafra-2020-2021-productiva-tito-fortanelli\/","title":{"rendered":"Se espera una zafra 2020-2021 productiva: \u201cTito Fortanelli\u201d"},"content":{"rendered":"<p>&nbsp;<\/p>\n<p>-Prepara su \u00faltimo informe de actividades<\/p>\n<p>&nbsp;<\/p>\n<p>Tamasopo.- Definitivamente en Alianza Popular tendremos mejor producci\u00f3n que en la zafra anterior y la Uni\u00f3n Local de Productores de Ca\u00f1a AC, reafirma el compromiso de respaldar y apoyar a sus miembros para que obtengan mayores ganancias de su cultivo.<\/p>\n<p>El dirigente ca\u00f1ero, Luis Roberto Fortanelli, inform\u00f3 que luego de un alto en las actividades como medida de prevenci\u00f3n de la pandemia del COVID19, se reactivaron las actividades en la Uni\u00f3n Local de Productores de Ca\u00f1a AC de Alianza Popular, iniciando con servicios como la entrega de cr\u00e9ditos de av\u00edo y refaccionario a los socios productores.<\/p>\n<p>Destac\u00f3, que al mismo tiempo el personal de esta organizaci\u00f3n, se encuentra ya preparando el \u00faltimo informe de actividades de esta directiva, para dar a conocer el trabajo realizado durante la zafra 2019-2020.<\/p>\n<p>Se\u00f1al\u00f3, que tambi\u00e9n se preparan para el inicio de la zafra 2020-2021 que ser\u00e1 muy productiva gracias a las lluvias registradas, y ser\u00e1 a principios del mes de septiembre cuando se haga el primer estimado, para iniciar la zafra 2020-2021 a mediados del mes de noviembre de este a\u00f1o.<\/p>\n<p>Fortanelli Mart\u00ednez, expres\u00f3, que luego de la intensa sequ\u00eda la recuperaci\u00f3n del campo es lenta, pero sin duda se tendr\u00e1 mejor producci\u00f3n, porque la lluvia lleg\u00f3 tarde y el desarrollo de la ca\u00f1a va bien y definitivamente vamos a tener mejor producci\u00f3n que la zafra 2019-2020.<\/p>\n<p>Respecto a la reparaci\u00f3n del Ingenio Alianza Popular, el representante ca\u00f1ero, dijo textualmente \u201cNo hemos revisado el avance de la reparaci\u00f3n de la f\u00e1brica, lo que se sabe es que las calderas que es el coco de ellos le estaban poniendo atenci\u00f3n, el generador que tiene el Ingenio lo estaban reparando y se aumentar\u00eda una centrifuga m\u00e1s, lo que nos dan a entender es que se preparan a una mayor molienda\u201d.<\/p>\n<p>Record\u00f3, que la zafra 2018-2019\u00a0 el Ingenio estimo moler 8500 toneladas de ca\u00f1a diarias, y lo m\u00e1s que ha molido son 8 mil toneladas, en la zafra 2019-2020 el nuevo gerente fue precavido estuvo moliendo por debajo de las 7 mil toneladas.<\/p>\n<p>Sin embargo, ahora con la sequ\u00eda hay muchas siembra nueva, y se ampli\u00f3 la superficie de abasto, hay ahora productores de ca\u00f1a de los municipios de Tanquian, Tamuin y San Vicente, \u00a0por lo que el problema es que si el Ingenio no crece y la superficie se est\u00e1 ampliando demasiado se corre el riesgo que en un a\u00f1o productivo se quede ca\u00f1a.<\/p>\n<p>&#8212;<\/p>\n","protected":false},"excerpt":{"rendered":"<p>&nbsp; -Prepara su \u00faltimo informe de actividades &nbsp; Tamasopo.- Definitivamente en Alianza Popular tendremos mejor producci\u00f3n que en la zafra anterior y la Uni\u00f3n Local de Productores de Ca\u00f1a AC, reafirma el compromiso de respaldar y apoyar a sus miembros para que obtengan mayores ganancias &hellip; <\/p>\n","protected":false},"author":1,"featured_media":48932,"comment_status":"open","ping_status":"open","sticky":false,"template":"","format":"standard","meta":{"footnotes":""},"categories":[13,14,28,7,22,11,4,10,12,5,31,24,21,20],"tags":[],"class_list":["post-48931","post","type-post","status-publish","format-standard","has-post-thumbnail","hentry","category-agropecuaria","category-caneros","category-cnc","category-ciudad","category-ebano","category-estado","category-inicio","category-municipios","category-nacional","category-politica","category-sanluispotosi","category-san-vicente","category-tamasopo","category-tamuin"],"_links":{"self":[{"href":"https:\/\/amanecerhuasteco.com\/portal\/wp-json\/wp\/v2\/posts\/48931","targetHints":{"allow":["GET"]}}],"collection":[{"href":"https:\/\/amanecerhuasteco.com\/portal\/wp-json\/wp\/v2\/posts"}],"about":[{"href":"https:\/\/amanecerhuasteco.com\/portal\/wp-json\/wp\/v2\/types\/post"}],"author":[{"embeddable":true,"href":"https:\/\/amanecerhuasteco.com\/portal\/wp-json\/wp\/v2\/users\/1"}],"replies":[{"embeddable":true,"href":"https:\/\/amanecerhuasteco.com\/portal\/wp-json\/wp\/v2\/comments?post=48931"}],"version-history":[{"count":1,"href":"https:\/\/amanecerhuasteco.com\/portal\/wp-json\/wp\/v2\/posts\/48931\/revisions"}],"predecessor-version":[{"id":48933,"href":"https:\/\/amanecerhuasteco.com\/portal\/wp-json\/wp\/v2\/posts\/48931\/revisions\/48933"}],"wp:featuredmedia":[{"embeddable":true,"href":"https:\/\/amanecerhuasteco.com\/portal\/wp-json\/wp\/v2\/media\/48932"}],"wp:attachment":[{"href":"https:\/\/amanecerhuasteco.com\/portal\/wp-json\/wp\/v2\/media?parent=48931"}],"wp:term":[{"taxonomy":"category","embeddable":true,"href":"https:\/\/amanecerhuasteco.com\/portal\/wp-json\/wp\/v2\/categories?post=48931"},{"taxonomy":"post_tag","embeddable":true,"href":"https:\/\/amanecerhuasteco.com\/portal\/wp-json\/wp\/v2\/tags?post=48931"}],"curies":[{"name":"wp","href":"https:\/\/api.w.org\/{rel}","templated":true}]}}