{"id":49822,"date":"2020-09-14T22:56:36","date_gmt":"2020-09-15T04:56:36","guid":{"rendered":"http:\/\/amanecerhuasteco.com\/portal\/?p=49822"},"modified":"2020-09-14T22:56:36","modified_gmt":"2020-09-15T04:56:36","slug":"entre-columnas-433","status":"publish","type":"post","link":"https:\/\/amanecerhuasteco.com\/portal\/entre-columnas-433\/","title":{"rendered":"ENTRE COLUMNAS"},"content":{"rendered":"<p><strong>EN EL A\u00d1O DE HIDALGO, EL ESTADO RECIBIRA MENOS PRESUPUESTO PARA EL 2021.<\/strong><\/p>\n<p><strong>El presupuesto anual 2021, para\u00a0 nuestro estado ser\u00e1 reducido lo que motivar\u00e1 un<\/strong><strong> a\u00f1o muy complicado para la\u00a0 ejecuci\u00f3n de\u00a0 obras y servicios b\u00e1sicos a los ciudadanos, por la disminuci\u00f3n de mas de 5 mil millones de pesos\u00a0 \u00a0Al respecto el diputado\u00a0 tricolor Mauricio Ram\u00edrez Konishi\u00a0 manifest\u00f3\u00a0 preocupaci\u00f3n\u00a0 porqu \u201cLos empresarios no tienen el acompa\u00f1amiento y respaldo del gobierno federal, de tal manera que el pr\u00f3ximo a\u00f1o \u201ctodos deberemos apretarnos el cintur\u00f3n, ser creativos y alcanzar a rescatar lo que se pueda del a\u00f1o fiscal que viene, pues 5 mil millones de pesos menos preocupa a la econom\u00eda estatal y hay que estar alertas\u201d.<\/strong><\/p>\n<p><strong>La\u00a0 disminuci\u00f3n es de 5577 millones de pesos\u00a0 o sea\u00a0 un 9.1%\u00a0 del\u00a0 ejercicio fiscal\u00a0 actual.<\/strong><\/p>\n<p><strong>++++++<\/strong><\/p>\n<p><strong>EXITUS\u00a0 CREDIT.<\/strong><\/p>\n<p><strong>Pr\u00e9stamos inmediatos a pensionados <\/strong><\/p>\n<p><strong>CFE, ISSSTE.FFCC, SCT, PEMEX,\u00a0 ACTIVOS Y JUBILADIS\u00a0 IMSS <\/strong><\/p>\n<p><strong>SIN AFECTAR TARJETON.<\/strong><\/p>\n<p><strong>Ll\u00e1menos las 24 hrs del d\u00eda\u00a0 4811039565<\/strong><\/p>\n<p><strong>CREDITO INMEDIATO <\/strong><\/p>\n<p><strong>+++++++++\u00a0\u00a0\u00a0\u00a0\u00a0\u00a0\u00a0\u00a0\u00a0\u00a0\u00a0\u00a0\u00a0\u00a0\u00a0\u00a0\u00a0\u00a0\u00a0\u00a0\u00a0\u00a0 <\/strong><\/p>\n<p><strong>++++++++++++++<\/strong><\/p>\n<p><strong>SEGUIRA TO\u00d1O JUAREZ\u00a0\u00a0 EN LA\u00a0 UNION \u2026.el poder tras el trono\u2026.La planilla azul encabezada por Eduardo Mart\u00ednez Morales\u00a0 gan\u00f3\u00a0 con 771\u00a0 votos\u00a0 la dirigencia\u00a0\u00a0 de la Uni\u00f3n Local de Productores de Ca\u00f1a de Az\u00facar del Ingenio Plan de Ayala, al superar casi\u00a0 dos a uno a su m\u00e1s cercano aspirante al mismo cargo la planilla verde encabezada por Mois\u00e9s Morales del \u00c1ngel, con 447 votos, y en tercer lugar la planilla roja del teniente Eduardo Maldonado Torres, con 384 votos.<\/strong><\/p>\n<p><strong>Un tercio de los\u00a0 socios\u00a0 de la organizaci\u00f3n\u00a0 no dependiente de ninguna\u00a0 entidad oficial o pol\u00edtica (ahora es\u00a0 AC \u2026.sin embargo\u2026..) no votaron atribuy\u00e9ndose\u00a0 la causa\u00a0 al temor de contagio por la pandemia. To\u00f1o Ju\u00e1rez (de tesorero)\u00a0 y su planilla que integr\u00f3 de \u00faltima hora, llega\u00a0 con menos de la mitad del padr\u00f3n a oros 6 a\u00f1os.<\/strong><\/p>\n<p><strong>+++++++<\/strong><\/p>\n<p><strong>Sal\u00f3n de fiestas <\/strong><\/p>\n<p><strong>\u201cECLIPSE\u201d\u00a0 Sal\u00f3n de eventos, incluye<br \/>\n-Mobiliario para 100 personas<br \/>\n-Alberca<br \/>\n-\u00c1rea de servicio<br \/>\nInformes al 4811073382<\/strong><\/p>\n<p><strong>+++++\u00a0\u00a0\u00a0\u00a0\u00a0\u00a0\u00a0\u00a0\u00a0\u00a0\u00a0\u00a0 <\/strong><\/p>\n<p><strong>COMO SIEMPRE, EL PRI CON SUS TRIQUI\u00d1UELAS.<\/strong><\/p>\n<p><strong>&#8211;\u00a0 Dos planillas;\u00a0 Humberto Torres\u00a0 Medrano y Armando Arias por la presidencia del partido.<\/strong><\/p>\n<p><strong>&#8211;\u00a0 Directivos\u00a0 estatales violan sus propios estatutos. El responsable de elecciones en Valles no tiene conocimiento oficial<\/strong><\/p>\n<p><strong>Candidatos en campa\u00f1a, publicada\u00a0 la convocatoria\u00a0 pero los directivos en Ciudad Valles\u00a0 ignoraban\u00a0 ese proceso\u00a0 emanado de la dirigencia estatal del PRI,\u00a0 inclusive el coordinador\u00a0 municipal que ya\u00a0 declaraba\u00a0 conforme a estatutos que Herminia Res\u00e9ndiz\u00a0 &#8211; actual presidenta del partido \u2013 continuar\u00eda un a\u00f1o mas hasta pasadas las elecciones del 2021, pero no, el procedimiento estaba en marcha, las elecciones ser\u00e1n el 30 de este mes.<\/strong><\/p>\n<p><strong>La convocatoria fue publicada en internet el 29 de agosto, pero oficialmente los directivos\u00a0 que al parecer ya no son tomados en cuenta,\u00a0 hasta el martes 8\u00a0 nadie\u00a0 de estos y mucho menos la militancia estaba enterada de los requisitos. Ahora se\u00a0 sabe que la elecci\u00f3n ser\u00e1 por <\/strong><strong>Consejeras y Consejeros Pol\u00edticos se realizar\u00e1 la renovaci\u00f3n de la dirigencia municipal del partido en Valles, para el periodo 2020-2023.<\/strong><\/p>\n<p><strong>Los requisitos (que ya debieron presentar el plazo venci\u00f3 este s\u00e1bado 12) \u00a0son el 20 por ciento de la estructura territorial municipal, tres de los sectores, 20 por ciento de los consejeros pol\u00edticos que radiquen en el municipio o 5 por ciento del padr\u00f3n de afiliados al partido.\u00a0\u00a0 Antes\u00a0 de\u00a0 conocer que ya estaba publicada la convocatoria, el \u00a0responsable de la Comisi\u00f3n de Procesos Internos del PRI en Valles , Luis Fernando Gonz\u00e1lez Casta\u00f1eda e integrante del Consejo Pol\u00edtico, \u00a0se\u00f1alo que \u00a0en\u00a0 entrevista con la aun\u00a0 presidenta del partido en esta ciudad\u00a0 no ten\u00eda conocimiento de la emisi\u00f3n de la convocatoria ya que tampoco fue colocada en estrados como lo marca el reglamento interno del partido. Lo que procede en casos\u00a0 como el referido proceso, se amplia el per\u00edodo e los l\u00edderes en ejercicio o se designa un delegado especial. Algo mas, el responsable de la Comisi\u00f3n de Procesos Internos del PRI\u00a0 municipal , Luis Fernando Gonz\u00e1lez Casta\u00f1eda. Tambi\u00e9n integrante del Consejo Pol\u00edtico, se\u00f1alo que<\/strong><\/p>\n<p><strong>el comit\u00e9 no ha sido enterado de la emisi\u00f3n de la convocatoria ya que tampoco fue colocada en estrados como lo marca el reglamento interno, los estatutos internos son muy claros y puede impugnarse, en virtud que la renovaci\u00f3n no procede al mismo tiempo que se presenta un proceso electoral, que en el estado inicia el pr\u00f3ximo 30 de septiembre; explic\u00f3 que las opciones son que se de una extensi\u00f3n a la actual dirigencia o en su caso se nombre un delegado. (la cabeza tricolor anda de cabeza por el coronavirus 19)<\/strong><\/p>\n<p><strong>+++++++++++++<\/strong><\/p>\n<p><strong>YA ESTAMOS EN CASA\u2026\u2026..<\/strong><\/p>\n<p><strong>Calle Martha No.\u00a0 Entrada al Carmen 2 Junto a Oxxo.<\/strong><\/p>\n<p><strong>RESTAURANT\u00a0 DE\u00a0 MARISCOS \u201cEL PARAISO\u201d<\/strong><\/p>\n<p><strong>Atenci\u00f3n personal de su propietario Chanito.<\/strong><\/p>\n<p><strong>Solicite presupuesto, precios\u00a0 y ordene al <\/strong><\/p>\n<p><strong>\u00a0\u00a0\u00a0\u00a0\u00a0\u00a0\u00a0\u00a0\u00a0\u00a0\u00a0\u00a0\u00a0 Celular 481 102 5590<\/strong><\/p>\n<p><strong>Servicio de 11\u00a0\u00a0 a 8 de la noche<\/strong><\/p>\n<p><strong>+++++++<\/strong><\/p>\n<p><strong>TRATAMIENTOS\u00a0 QUIRURGICOS DE LA PROSTATA.<\/strong><\/p>\n<p><strong>De acuerdo con el trabajo aportado a la comunidad por la QFB Fabiola Garc\u00eda \u00c1lvarez presidenta d e la Asociaci\u00f3n de Qu\u00edmicos en Movimiento A C, en esta \u00faltima parte\u00a0 refiere\u00a0 los tratamientos\u00a0 que la FDA\u00a0 a aprobado algunos\u00a0 dispositivos\u00a0 para utilizarse\u00a0 en la cirug\u00eda\u00a0 trans-uretral\u00a0 con agujas\u00a0 en la que se env\u00eda energ\u00eda\u00a0 de baja frecuencia para quemar la hiperplasia prost\u00e9tica, la vaporizaci\u00f3n con el uso\u00a0 de energ\u00eda el\u00e9ctrica ; la cirug\u00eda laser\u00a0 y la resecci\u00f3n trans uretral de la pr\u00f3stata. Estos procedimientos invasivos o no, obligan al paciente a usar\u00a0 un cat\u00e9ter urinario\u00a0 por tres o cuatro d\u00edas\u00a0 despu\u00e9s de la cirug\u00eda. Requieren seguimiento pues,\u00a0 no evitan el riesgo de c\u00e1ncer.<\/strong><\/p>\n<p><strong>CANCER DE LA PROSTATA.- El crecimiento prost\u00e9tico es silencioso y asintom\u00e1tico en las fases tempranas Aunque es motivo de discusiones\u00a0 hasta ahora la prueba el\u00a0 ant\u00edgeno prost\u00e9tico espec\u00edfico, junto con el examen digital\u00a0 v\u00eda rectal, son las mejores opciones\u00a0 para detectar el c\u00e1ncer\u00a0 en hombres de 50\u00a0 a\u00f1os y mas. Dem\u00e1s estas acciones\u00a0 son las indicadas\u00a0 para monitorear\u00a0 a los pacientes despu\u00e9s del tratamiento.<\/strong><\/p>\n<p><strong>El APE es una sustancia elaborada por la pr\u00f3stata que se encuentra en el semen\u00a0 y en peque\u00f1as cantidades\u00a0 en la sangre.. En presencia de c\u00e1ncer\u00a0 su nivel aumenta por arriba de 4 nanogramos por mililitro. Pero se debe considerar que tambi\u00e9n puede encontrarse b elevado en la HPB.<\/strong><\/p>\n<p><strong>El diagn\u00f3stico debe\u00a0 basarse en la valoraci\u00f3n\u00a0 de los factores de riesgo como la edad, antecedentes familiares, el cuadro cl\u00ednico, el examen digital y la prueba de la APE. El \u00e9xito\u00a0 en la lucha contra el c\u00e1ncer prost\u00e9tico depende de su diagnostico temprano y el tratamiento adecuado.<\/strong><\/p>\n<p><strong>Principio del formulario<\/strong><\/p>\n<p><strong>Principio del formulario<\/strong><\/p>\n<p><strong>++++++++++++++<\/strong><\/p>\n<p><strong>QFB\u00a0 FABIOLA GARCIA ALVAREZ<\/strong><\/p>\n<p><strong>Perito dictaminador en an\u00e1lisis bacteriol\u00f3gico de agua<\/strong><\/p>\n<p><strong>Y alimentos con n\u00famero GES-PD 0705<\/strong><\/p>\n<p><strong>Perito dictaminador en\u00a0 estupefacientes GES-PD0523<\/strong><\/p>\n<p><strong>Maestr\u00eda\u00a0 en an\u00e1lisis cl\u00ednicos 1301 \u2013 368068<\/strong><\/p>\n<p><strong>Ced prof<\/strong><strong>\u00b7<\/strong><strong>\u00a0 8664204\u00a0\u00a0 Tel. 38 1 66 64<\/strong><\/p>\n<p><strong>Asesor\u00eda,\u00a0 auditor\u00eda\u00a0 y gesti\u00f3n ambiental.<\/strong><\/p>\n<ol>\n<li><strong> Victoria No. 8 zona centro Cd Valles SLP.<\/strong><\/li>\n<\/ol>\n<p><strong>++++++++++\u00a0\u00a0\u00a0\u00a0\u00a0\u00a0\u00a0\u00a0\u00a0\u00a0\u00a0\u00a0\u00a0\u00a0 <\/strong><\/p>\n<p><strong>ESTADO DELEGA A ALCALDES DECISION DE APERTURA DE SITIOS TURISTICOS.\u00a0 <\/strong><\/p>\n<p><strong>Los presidentes municipales decidir\u00e1n en sus territorios \u00a0si autoriza reabrir o no parajes tur\u00edsticos siempre y cuando cumplan los protocolos de seguridad y sanitarios establecidos por el sector salud, seg\u00fan revel\u00f3\u00a0 Carlos Solares\u00a0 presidente\u00a0 de la Asociaci\u00f3n de Hoteles de la Huasteca, aclar\u00f3 que no hay una fecha precisa\u00a0 para\u00a0 reanudar\u00a0 la captaci\u00f3n de\u00a0 hu\u00e9spedes, mientras tanto\u00a0 la situaci\u00f3n econ\u00f3mica de los prestadores de este\u00a0 servicio\u00a0 enfrentan grave crisis imposible de continuar sin que las autoridades\u00a0\u00a0 sanitarias y municipales\u00a0 tomen en cuenta el clamor de\u00a0 los afectados.<\/strong><\/p>\n<p><strong>El representante\u00a0 de\u00a0 los\u00a0 hoteleros expres\u00f3\u00a0 ante\u00a0 medios informativos \u00abLo que\u00a0 tratamos es que no hay una fecha exacta, no sabemos si es por falta de colaboraci\u00f3n de los gobiernos municipales que no le han dado la importancia debida\u00bb explic\u00f3 que las autoridades sanitarias\u00a0 endosa\u00a0 a\u00a0 los municipios para que se hagan responsables de los protocolos\u00a0 respectivos y\u00a0 vigilancia de los sitios tur\u00edsticos a efecto de\u00a0 hacer valer las disposiciones\u00a0 emitidas.<\/strong><\/p>\n<p><strong>As\u00ed de desesperante est\u00e1\u00a0 la situaci\u00f3n de los hoteleros\u00a0 que se refleja en la econom\u00eda local estacada desde hace mas de cinco meses..<\/strong><\/p>\n<p><strong>Principio del formularioFinal del formularioFinal del formulario<\/strong><strong>+++++++++++++++<\/strong><\/p>\n<p><strong>\u201cHOTEL RIVIERA\u201d\u00a0\u00a0 en el coraz\u00f3n de <\/strong><\/p>\n<h2>Ciudad Valles SLP.<\/h2>\n<h2>5 DE Mayo 24\u00a0 Tel 014813823097<\/h2>\n<h3>Email <a href=\"mailto:hotelrivieravalles@hotmail.com\">hotelrivieravalles hotmail.com<\/a><\/h3>\n<p><strong>T\u00edpicamente Huasteco.<\/strong><\/p>\n<p><strong>++++++++<\/strong><\/p>\n<p><strong>POLITICOS\/EMPRESARIOS\u00a0 TIENEN BLOQUEADO EL DESARROLLO DE LA HUASTECA.<\/strong><\/p>\n<p><strong>Tiene raz\u00f3n el ingeniero Ra\u00fal Camacho\u00a0 director\u00a0 de desarrollo econ\u00f3mico municipal\u00a0 al lamentarse\u00a0 la an\u00e9mica repuesta a su gestor\u00eda ante instancia del gobierno del estado y\u00a0 de organismos\u00a0 empresariales para\u00a0\u00a0 intentar\u00a0 interesarlos\u00a0 en aprovechar las condiciones\u00a0 cercanas al puerto Altamira el\u00a0 mas grande\u00a0\u00a0 del Golfo de M\u00e9xico para las exportaciones, pero la respuesta es nula, as\u00ed lo hemos sostenido siempre en\u00a0 esta columna.\u00a0 Los gobiernos\u00a0 anteriores y actual del estado,\u00a0 pareciera que\u00a0 tienen compromiso solamente con los pol\u00edticos\/empresarios industriales\u00a0 para\u00a0 asentarse en la capital de estado y municipios aleda\u00f1os. Nada para la Huasteca. <\/strong><\/p>\n<p><strong>Aqu\u00ed reproducimos lo que el citado funcionario escribi\u00f3 esta semana en su cuenta de facebook.<br \/>\n<\/strong><strong>\u00a1Ya m\u00e1s no se puede hacer!<\/strong><\/p>\n<p><strong>Hemos visitado y recibido a muchos empresarios interesados en invertir en nuestra Ciudad. <\/strong><\/p>\n<p><strong>Pero nos hemos topado con reglamentos y disposiciones de hace medio siglo que impiden echar a andar proyectos que vendr\u00edan a darle la vuelta a tantas d\u00e9cadas de abandono y falta de oportunidades.<\/strong><\/p>\n<p><strong>\u00bfSab\u00edan ustedes que el 70% de los egresados de las carreras de Ingenier\u00eda se encuentran laborando fuera de nuestra Ciudad, ante la falta de empresas?<\/strong><\/p>\n<p><strong>Vamos a luchar y poner todo nuestro empe\u00f1o para romper los candados <\/strong><strong>que nos han impuesto los pol\u00edticos for\u00e1neos a los vallenses para que nuestra Ciudad salga adelante.<\/strong><\/p>\n<p><strong>Esta pandemia nos despert\u00f3 a todos y nos abri\u00f3 lo ojos <\/strong><strong>en preparar el camino para tener las 2 econom\u00edas trabajando a la par:<\/strong><\/p>\n<p><strong>El turismo y la industria sustentable.<\/strong><\/p>\n<p><strong>\u00a1Dios bendiga a Ciudad Valles!<\/strong><\/p>\n<p><strong>+++++++++++<\/strong><\/p>\n<p><strong>CARROCERIAS\u00a0 BUSTOS<\/strong><\/p>\n<p><strong>BUSTOS.<\/strong><\/p>\n<p><strong>Reforma y Lerdo de tejada Col. Altavista.<\/strong><\/p>\n<p><strong>Cd Valles SLP\u00a0 Tel. 3824777.<\/strong><\/p>\n<p><strong>En carrocer\u00edas para camiones y camionetas nadie nos compite.<\/strong><\/p>\n<p><strong>+++++++++++++++<\/strong><\/p>\n<p><strong>JJOA\u00a0 POR DISPOSICION DE\u00a0 ASF\u00a0 DEBE RESARCIR\u00a0 24 MILLONES DE PESOS DE UNO DE TRES CASOS.<\/strong><\/p>\n<p><strong>Ya arranc\u00f3 la\u00a0 aventura pol\u00edtica 20\/21 no referiremos\u00a0 en este caso\u00a0 a la sucesi\u00f3n municipal, diputaci\u00f3n local y federal\u00a0\u00a0 (seguramente ninguno en funciones tiene m\u00e9ritos para buscar reelegirse) aunque\u00a0 ganas no les faltan solo que\u00a0 tienen sus inconvenientes. \u00a0Jorge Ter\u00e1n\u00a0 quien reapareci\u00f3 la semana pasada\u00a0 en la tesorer\u00eda municipal, fue para\u00a0 solicitar documentos que la ASE\u00a0 est\u00e1 requiri\u00e9ndole\u00a0 para\u00a0 continuar con e an\u00e1lisis de su cuenta p\u00fablica del \u00faltimo a\u00f1o de\u00a0 su segunda administraci\u00f3n. Mientras su cuenta no est\u00e9 liberada de dudas, simplemente es un requisito para registrarse como candidato a la alcald\u00eda o una diputaci\u00f3n local. Ya no son tiempos del absolutismo priismo.<\/strong><\/p>\n<p><strong>En cuanto a otro priista aspirante a candidato por la sucesi\u00f3n e la alcald\u00eda Vallense es\u00a0\u00a0 el bonach\u00f3n JJOA\u00a0 pero este enfrenta un proceso resarcitorio\u201d seg\u00fan dice el diputado federal del XII\u00a0 distrito<\/strong><\/p>\n<p><strong>Quien habr\u00eda\u00a0 recibido informaci\u00f3n de la Auditoria Superior de la Federaci\u00f3n con fecha 4 de agosto, sobre la situaci\u00f3n que guardan las auditor\u00edas practicadas a la cuenta p\u00fablica 2015 al ayuntamiento de Valles, confirmaron por oficio que hay 3 observaciones donde se inici\u00f3 procedimiento resarcitorio. El legislador que le quedan menos de 11 meses\u00a0 efectivos como tal, afirma que el 17 de agosto, se confirm\u00f3 que hay un procedimiento resarcitorio, derivado de la falta de solvencia con respecto a la aplicaci\u00f3n de los recursos del ayuntamiento de Ciudad Valles en el 2015. De los tres, uno de ellos por 24 millones de pesos de\u00a0 una obra que no realiz\u00f3 en una colonia.<\/strong><\/p>\n<p><strong>El caso de JUANJO\u00a0 radicado en la ASF\u00a0 es el expediente 1320 DS-GF \u00a0de los Recursos del Fondo de Aportaciones para la Infraestructura Social Municipal de la cuenta p\u00fablica 2015<\/strong><\/p>\n<p><strong>+++++++++++++<\/strong><\/p>\n<p><strong>El sitio ideal para\u00a0 sus fiestas\u2026\u00a0\u00a0\u00a0\u00a0\u00a0\u00a0\u00a0\u00a0\u00a0\u00a0\u00a0\u00a0\u00a0\u00a0\u00a0\u00a0\u00a0\u00a0\u00a0\u00a0\u00a0\u00a0\u00a0\u00a0 <\/strong><\/p>\n<p><strong>\u00a0\u201cFINCA\u00a0 SAN ISIDRO\u201d <\/strong><\/p>\n<p><strong>Sal\u00f3n para fiestas de todo tipo.<\/strong><\/p>\n<p><strong>Carretera Valles \u2013 R\u00edo Verde Km. 8 <\/strong><\/p>\n<p><strong>Contrataciones al Tel. 01 481 179 09<\/strong><\/p>\n<p><strong>Cd. Valles SLP M\u00e9xico.<\/strong><\/p>\n<p><strong>+++++++++++++<\/strong><\/p>\n<p><strong>DAPAS INSISTE\u00a0 QUE HUELGA DE\u00a0 BALLESTEROS TERMINO.<\/strong><\/p>\n<p><strong>Por segunda ocasi\u00f3n\u00a0 la\u00a0 DAPAS \u00a0\u00a0ahora\u00a0 a trav\u00e9s de su director informa que\u00a0 el asunto de la huelga\u00a0 esta concluido sin embargo para Alejandro Ballesteros quien sigue ostent\u00e1ndose como dirigente efectivo e funciones, el proceso sigue al grado que abriga esperanzas que\u00a0 se prolongue\u00a0 ahora\u00a0 mas tiempo\u00a0 hasta que\u00a0 dentro de un a\u00f1o haya elecciones y\u00a0 cambien autoridades municipales.<\/strong><\/p>\n<p><strong>De acuerdo con antecedentes el <\/strong><strong>pasado 2 de agosto, el Juzgado Quinto de Distrito notific\u00f3 que los actos realizados por la mayor\u00eda de los trabajadores en una asamblea en la que no incluyeron a la directiva del Sindicato ni a los seguidores del movimiento (70) \u00a0que el pasado 3 de octubre del a\u00f1o 2019 \u00a0fueron desalojados los huelguistas que ten\u00edan bloqueada la planta de la DAPAS se consideran \u00a0legales y no ampar\u00f3 al Sindicato.\u00a0 La sentencia del juicio 385\/2019 reconoce mayor\u00eda \u00a0abandon\u00f3 la huelga, no reconoce al liderazgo sindical una fracci\u00f3n continu\u00f3 con el movimiento.<\/strong><\/p>\n<p><strong>De acuerdo con Marco Antonio Guill\u00e9n Rivera\u00a0 director del organismo, se ratifica la validez del siguiente paso de los trabajadores en activo\u00a0 que\u00a0\u00a0 respondieron a la invitaci\u00f3n de retornar a sus puestos y disfrutan de todos los beneficios laborales, no as\u00ed los que se rehusaron\u00a0 retomar sus cargos.<\/strong><\/p>\n<p><strong>Por\u00a0 su parte los dirigentes\u00a0 del movimiento dieron a conocer su\u00a0 respuesta, al recurrir\u00a0 a otra instancia: <\/strong><\/p>\n<p><strong>*t\u00e9ngase interpuesto el recurso de revisi\u00f3n que se hace valer en contra de la sentencia de referencia*; distrib\u00fayanse entre las partes copia del escrito de expresi\u00f3n de agravios y dentro del t\u00e9rmino legal, una vez integrado debidamente el expediente, rem\u00edtanse los autos originales al Tribunal Colegiado en Materia de Trabajo del Noveno Circuito, para la substanciaci\u00f3n del referido medio de impugnaci\u00f3n. DOMICILIO. En otro contexto, con fundamento en el art\u00edculo 27, fracci\u00f3n I, de la Ley de Amparo, t\u00e9ngase como domicilio de la parte quejosa para o\u00edr y recibir notificaciones el que se\u00f1ala en el ocurso que se provee. DATOS DE CONTACTO. Asimismo, se tiene a la parte quejosa en cita, por se\u00f1alando como direcci\u00f3n electr\u00f3nica de contacto el correo \u2026\u2026\u2026.<\/strong><\/p>\n<p><strong>***********<\/strong><\/p>\n<p><strong>\u201cCAF\u00c9 Y RESTAURANT\u00a0 EL FAROLITO\u201d<\/strong><\/p>\n<p><strong>Lo mejor de la cocina Huasteca; el tradicional zacahuil y cazueladas.<\/strong><\/p>\n<p><strong>Atendemos toda clase de\u00a0 festejos. Pedidos al <\/strong><\/p>\n<p><strong>Tel\u00a0 3821017 Ciudad Valles SLP.<\/strong><\/p>\n<p><strong>+++++++++++++<\/strong><\/p>\n<p><strong>D E\u00a0 V O L A D A .<\/strong><\/p>\n<p><strong>REGIDORES\u00a0 PREOCUPDOS POR\u00a0 ACTVIDADES POLITICAS DE SU JEFE\u2026. S\u00ed,\u00a0 la bancada de\u00a0 reidores liderada por el\u00a0 que se autonombra\u00a0 \u201cconcejal\u201d \u00a0declar\u00f3 que el alcalde Adri\u00e1n Esper\u00a0 no ha manifestado ante el cabildo sus proyectos pol\u00edticos a corto plazo (lo que todo mundo sabe) \u201cpero cuando se integre a la agenda, los regidores\u00a0 analizar\u00e1n el tema\u201d a\u00a0 esta fecha\u00a0 nada oficial.<\/strong><\/p>\n<p><strong>Extraoficial se especula que\u00a0 una vez que\u00a0 el mun\u00edcipe\u00a0 solicite licencia\u00a0 temporal o definitiva, pos costumbre\u00a0 ha sido el primer regidor quien asume la autoridad esta vez dicen que se someter\u00e1 a consideraci\u00f3n del cabido, cualquiera\u00a0 de\u00a0 los 12\u00a0 puede\u00a0 sumir esa responsabilidad.\u00a0 Guadalupe Contreras dicen sus allegados presume ser\u00a0 el indicado presumiendo que\u00a0 con trabajo (repartiendo despensas)\u00a0 tiene bien ganado eventualmente el puesto.\u00a0 <\/strong><\/p>\n<p><strong>++++++++<\/strong><\/p>\n<p><strong>FALTISMO\u00a0 EN EL CONGRESO ES COMUN\u2026.. Desde la capital Tunera nos reportan el mal momento que pas\u00f3\u00a0 el\u00a0 cuatridiputado Oscar Vera Fabregat, mont\u00f3 en c\u00f3lera e hizo su berrinche cuando se enter\u00f3\u00a0 que\u00a0 de su sueldo de $104,500.00 mensuales le\u00a0 descontaron $3226 pesos\u00a0 <\/strong><\/p>\n<p><strong>por no haber asistido a la Sesi\u00f3n Solemne n\u00famero 39 del 20 de agosto del presente a\u00f1o ( ni porque fue por videoconferencia ) La informaci\u00f3n revela que\u00a0 una de las caracter\u00edsticas de la actual legislatura potosina, son las inasistencias de los diputados a la sesiones, imagine usted, si fuera un trabajador com\u00fan\u00a0 con salario m\u00ednimo faltando\u00a0 sin justificaci\u00f3n, ser\u00eda un desempleado pero los diputados gozan de\u00a0 privilegios econ\u00f3micos y\u00a0 no justifican su salario con beneficios a la sociedad. Incre\u00edble pero cierto de los 27 diputados ya llevan 182 faltas y solo les han descontado 114 mil pesos.\u00a0 Finalmente\u00a0 recobr\u00f3\u00a0\u00a0 su dinero, pero tambi\u00e9n hubo dos mas que no protestaron. Continuar\u00e1.<\/strong><\/p>\n<p><strong>++++++++++<\/strong><\/p>\n<p><strong>TERAN\u00a0 DEJA LIBRE EL CAMINO A\u00a0 GENTE NUEVA?\u2026.El gusanito de la pol\u00edtica es intangible, no se ve pero se siente\u00a0 dicen los que han\u00a0 disfrutado de un cargo y de sus beneficios$$$$$$, es\u00a0 igual\u00a0 al\u00a0 dicho popular\u00a0 de \u201cperro que come huevo\u00a0 aunque le quemen el hocico, lo vuelve a hacer\u201d\u00a0 Viene al caso porque declaraciones\u00a0 recientes del ex alcalde\u00a0 Jorge Ter\u00e1n\u00a0 no convencen\u00a0 nadie, mucho menos\u00a0 a uno que otro dinosaurio que\u00a0 anda en los mismo; no trabajar y embolsar\u00a0\u00a0 millones de pesos, para lograrlo y como es\u00a0\u00a0 cl\u00e1sico, recurren a la mentira y el enga\u00f1o \u2026Ter\u00e1n declar\u00f3 a una reportera de Emsa\u00a0 que\u00a0 esta\u00a0 en una etapa de \u201can\u00e1lisis y reflexi\u00f3n\u201d\u00a0 Si usted\u00a0 entiende o comprende\u00a0 lo que dice\u00a0 nuestro personaje, h\u00e1ganoslo llegar \u2026es\u00a0 una frase\u00a0 nueva de los pol\u00edticos seguramente en la nueva era del rip?<\/strong><\/p>\n<p><strong>SE\u00a0 ACABARAN \u201cBOLSAS BANDERA DE VERDURAS\u201d\u00a0 Al\u00a0 llegar a su fin el per\u00edodo de liderazgo del RIP\u00a0 de Herminia Res\u00e9ndiz\u00a0 (herencia de Jorge Ter\u00e1n) el vaticinio l\u00f3gico es que se acaba\u00a0 tambi\u00e9n la campa\u00f1a\u00a0 de\u00a0 venta\u00a0 de\u00a0 bolsas de\u00a0 verduras llamadas \u201cbandera\u201d\u00a0 a 30 pesos.\u00a0 Seg\u00fan la lideresa\u00a0 partidista, se\u00a0 entregan hasta 400 despensas por semana\u00a0 entre\u00a0 familias de escasos recursos. Quienes llegar\u00e1n\u00a0 no\u00a0 tienen entre su planes\u00a0 continuar con este sistema de comprometer votos por\u00a0 comida.<\/strong><\/p>\n<p><strong>\u00a0<\/strong><\/p>\n<p><strong>\u00a0<\/strong><\/p>\n<p><strong>\u00a0<\/strong><\/p>\n<p><strong>\u00a0<\/strong><\/p>\n<p><strong>\u00a0<\/strong><\/p>\n<p><strong>\u00a0<\/strong><\/p>\n<p><strong>\u00a0<\/strong><\/p>\n","protected":false},"excerpt":{"rendered":"<p>EN EL A\u00d1O DE HIDALGO, EL ESTADO RECIBIRA MENOS PRESUPUESTO PARA EL 2021. El presupuesto anual 2021, para\u00a0 nuestro estado ser\u00e1 reducido lo que motivar\u00e1 un a\u00f1o muy complicado para la\u00a0 ejecuci\u00f3n de\u00a0 obras y servicios b\u00e1sicos a los ciudadanos, por la disminuci\u00f3n de mas &hellip; <\/p>\n","protected":false},"author":1,"featured_media":49823,"comment_status":"open","ping_status":"open","sticky":false,"template":"","format":"standard","meta":{"footnotes":""},"categories":[17,4],"tags":[],"class_list":["post-49822","post","type-post","status-publish","format-standard","has-post-thumbnail","hentry","category-colaboraciones","category-inicio"],"_links":{"self":[{"href":"https:\/\/amanecerhuasteco.com\/portal\/wp-json\/wp\/v2\/posts\/49822","targetHints":{"allow":["GET"]}}],"collection":[{"href":"https:\/\/amanecerhuasteco.com\/portal\/wp-json\/wp\/v2\/posts"}],"about":[{"href":"https:\/\/amanecerhuasteco.com\/portal\/wp-json\/wp\/v2\/types\/post"}],"author":[{"embeddable":true,"href":"https:\/\/amanecerhuasteco.com\/portal\/wp-json\/wp\/v2\/users\/1"}],"replies":[{"embeddable":true,"href":"https:\/\/amanecerhuasteco.com\/portal\/wp-json\/wp\/v2\/comments?post=49822"}],"version-history":[{"count":1,"href":"https:\/\/amanecerhuasteco.com\/portal\/wp-json\/wp\/v2\/posts\/49822\/revisions"}],"predecessor-version":[{"id":49824,"href":"https:\/\/amanecerhuasteco.com\/portal\/wp-json\/wp\/v2\/posts\/49822\/revisions\/49824"}],"wp:featuredmedia":[{"embeddable":true,"href":"https:\/\/amanecerhuasteco.com\/portal\/wp-json\/wp\/v2\/media\/49823"}],"wp:attachment":[{"href":"https:\/\/amanecerhuasteco.com\/portal\/wp-json\/wp\/v2\/media?parent=49822"}],"wp:term":[{"taxonomy":"category","embeddable":true,"href":"https:\/\/amanecerhuasteco.com\/portal\/wp-json\/wp\/v2\/categories?post=49822"},{"taxonomy":"post_tag","embeddable":true,"href":"https:\/\/amanecerhuasteco.com\/portal\/wp-json\/wp\/v2\/tags?post=49822"}],"curies":[{"name":"wp","href":"https:\/\/api.w.org\/{rel}","templated":true}]}}