{"id":50335,"date":"2020-09-28T09:47:33","date_gmt":"2020-09-28T15:47:33","guid":{"rendered":"http:\/\/amanecerhuasteco.com\/portal\/?p=50335"},"modified":"2020-09-28T09:47:33","modified_gmt":"2020-09-28T15:47:33","slug":"entre-columnas-435","status":"publish","type":"post","link":"https:\/\/amanecerhuasteco.com\/portal\/entre-columnas-435\/","title":{"rendered":"ENTRE COLUMNAS"},"content":{"rendered":"<p><strong>\u00a0<\/strong><\/p>\n<p><strong>IMPOSICI\u00d3N\u00a0 EN EL PRI\u00a0 DE VALLES\u2026\u2026.Cual democracia que desde la c\u00fapula presume su actual dirigente\u00a0 del PRI,\u00a0 en Valles\u00a0 se impuso la voluntad del primer priista y jefe supremo del organismo pol\u00edtico potosino,\u00a0\u00a0 designando\u00a0 la planilla identificada con\u00a0 un ex alcalde y actual funcionario estatal que\u00a0 ha insistido p\u00fablicamente aparecer\u00e1 en las boletas de las elecciones del 2021. La otra planilla participante\u00a0 simplemente solo le \u201cdieron juego\u201d\u00a0 y hasta se fijo el 30 de septiembre para celebrar elecciones internas del comit\u00e9 municipal, cuando ya desde tiempo atr\u00e1s\u00a0 hab\u00edan decidido a imponer gente del ex alcalde Vallense.<\/strong><\/p>\n<p><strong>Al negar el registro de\u00a0 la planilla encabezada por Armando Arias y Beatriz Ponce\u00a0 (gente de Ter\u00e1n) en autom\u00e1tico tiene la bendici\u00f3n de la jerarqu\u00eda tricolor\u00a0 la segunda planilla\u00a0 encabezada por el profesor jubilado Humberto Torres Medrano (priista de hueso colorado)\u00a0 y Elizabeth Gonz\u00e1lez Bucio ex secretaria particular\u00a0 de JUANJO en su segundo trienio como alcalde de\u00a0 esta ciudad\u2026.. A nivel superior el dirigente nacional tricolor ha dicho hasta el cansancio que para devolver la confianza al parido y su militancia, la elecci\u00f3n de dirigencias ser\u00edan con la participaci\u00f3n directa de la militancia, por consulta o por consejeros. En el caso de Valles\u00a0 solamente un elector\u00a0 decidi\u00f3 y punto.<\/strong><\/p>\n<p><strong>+++++++<\/strong><\/p>\n<p><strong>EXITUS\u00a0 CREDIT.<\/strong><\/p>\n<p><strong>Pr\u00e9stamos inmediatos a pensionados <\/strong><\/p>\n<p><strong>CFE, ISSSTE.FFCC, SCT, PEMEX,\u00a0 ACTIVOS Y JUBILADIS\u00a0 IMSS <\/strong><\/p>\n<p><strong>SIN AFECTAR TARJETON.<\/strong><\/p>\n<p><strong>Ll\u00e1menos las 24 hrs del d\u00eda\u00a0 4811039565<\/strong><\/p>\n<p><strong>CREDITO INMEDIATO <\/strong><\/p>\n<p><strong>+++++++++<\/strong><\/p>\n<p><strong>\u00a0<\/strong><strong>Sal\u00f3n de fiestas <\/strong><\/p>\n<p><strong>\u201cECLIPSE\u201d\u00a0 Sal\u00f3n de eventos, incluye<br \/>\n-Mobiliario para 100 personas<br \/>\n-Alberca<br \/>\n-\u00c1rea de servicio<br \/>\nInformes al 4811073382<\/strong><\/p>\n<p><strong>+++++<\/strong><\/p>\n<p><strong>COMIERON DOS DIAS CON LAS DESPENSAS Y EL RESTO DEL A\u00d1O\u2026\u00a0 aire.<\/strong><\/p>\n<p><strong>De\u00a0 acuerdo con informaci\u00f3n\u00a0 de la alcald\u00eda Vallense,\u00a0 el primer regidor presume\u00a0 que\u00a0 en el presente a\u00f1o han\u00a0 entregado\u00a0 de 43 mil a 45 mil despensas \u2013 dice no recordar con exactitud la cantidad \u2013 pero si que han gastado del presupuesto \u00a0\u00a0 \u00a08 millones de pesos, en contrapartida para obras p\u00fablicas\u00a0 siguen con el proyecto del bacheo\u00a0 con una partida e 2.5 millones de pesos (en ambos casos ser\u00e1n del Codesol?) <\/strong><\/p>\n<p><strong>Fue mas preciso el director de Atenci\u00f3n a Colonias y encargado de Abasto Popular, Edgar Padr\u00f3n S\u00e1nchez al afirmas que\u00a0 recibieron ese beneficio 43 mil personas ( familias indigentes y otras no tanto) \u00a0cada una con valor de 187 pesos, que arroja la cantidad de m\u00e1s de ocho millones de pesos mas gastos de operaci\u00f3n.<\/strong><\/p>\n<p><strong>\u00a0La\u00a0 entrega de las despensas\u00a0 es por una sola ocasi\u00f3n en el a\u00f1o o posiblemente se repita el siguiente\u00a0 que ser\u00e1 \u201ca\u00f1o electoral\u201d para conseguir votos . Usted que cree.<\/strong><\/p>\n<p><strong>+++++++++++++<\/strong><\/p>\n<p><strong>YA ESTAMOS EN CASA\u2026\u2026..<\/strong><\/p>\n<p><strong>Calle Martha No.\u00a0 Entrada al Carmen 2 Junto a Oxxo.<\/strong><\/p>\n<p><strong>RESTAURANT \u00a0DE\u00a0 MARISCOS \u201cEL PARAISO\u201d<\/strong><\/p>\n<p><strong>Atenci\u00f3n personal de su propietario Chanito.<\/strong><\/p>\n<p><strong>Solicite presupuesto, precios\u00a0 y ordene al <\/strong><\/p>\n<p><strong>\u00a0\u00a0\u00a0\u00a0\u00a0\u00a0\u00a0\u00a0\u00a0\u00a0\u00a0\u00a0\u00a0 Celular 481 102 5590<\/strong><\/p>\n<p><strong>Servicio de 11\u00a0\u00a0 a 8 de la noche<\/strong><\/p>\n<p><strong>+++++++<\/strong><\/p>\n<p><strong>PADECIMIENTOS PROSTATICOS.<\/strong><\/p>\n<p><strong>La valiosa colaboraci\u00f3n semanal\u00a0 de la QFB Fabiola Garc\u00eda \u00c1lvarez presidenta de la Asociaci\u00f3n de Qu\u00edmicos en Movimiento de Valles, aborda el tema\u00a0 que afecta al var\u00f3n y que desafortunadamente por carecer de informaci\u00f3n\u00a0 o timidez, o se somete a ex\u00e1menes\u00a0 peri\u00f3dicos.\u00a0 Escribe la profesional\u00a0 que la mayor incidencia de c\u00e1ncer\u00a0 en el sexo masculino es el de la piel y le sigue el de la pr\u00f3stata. As\u00ed mismo este \u00faltimo es\u00a0 el segundo e letalidad\u00a0 solo superado por el de pulm\u00f3n.\u00a0 El ant\u00edgeno prost\u00e1tico \u00a0especifico puede detectar\u00a0 la enfermedad en sus estudios tempranos, pero hay una controversia acerca de las vidas\u00a0 que se salvan con su utilizaci\u00f3n.<\/strong><\/p>\n<p><strong>La pr\u00f3stata\u00a0 es\u00a0 una gl\u00e1ndula\u00a0 en forma de nuez\u00a0 que solamente existe\u00a0 en el cuerpo masculino, se encuentra frente al recto, debajo de la vejiga y\u00a0 rodea la uretra por la que pasa la orina hacia el exterior. La funci\u00f3n de la pr\u00f3stata\u00a0 es producir un l\u00edquido\u00a0 que se mezcla con el semen\u2026 La pr\u00f3stata\u00a0 puede ser afectada\u00a0 por tres problemas 1.- La inflamaci\u00f3n\u00a0 o infecci\u00f3n\u00a0 que producen la prostatitis. 2.- Un crecimiento benigno llamado\u00a0 hiperplasia y 3\u00a0\u00a0 el c\u00e1ncer.<\/strong><\/p>\n<p><strong>La prostatitis.- Se puede n presentar de manera\u00a0 aguda y cr\u00f3nica. Cuatro tipos son los mas frecuentes: 1.- Prostatitis aguda por bacterias 2.- prostatitis\u00a0 cr\u00f3nica bacteriana 3 prostatitis cr\u00f3nica no\u00a0 bacteriana que es la mas com\u00fan y 4\u00a0 prostatitis inflamatoria asintom\u00e1tica. Actualmente\u00a0 hay tratamientos efectivos para la prostatitis, El \u00e9xito depende del diagn\u00f3stico acertado.<\/strong><\/p>\n<p><strong>Continuar\u00e1 la pr\u00f3xima semana.<\/strong><\/p>\n<p><strong>Principio del formulario<\/strong><\/p>\n<p><strong>Principio del formulario<\/strong><\/p>\n<p><strong>++++++++++++++<\/strong><\/p>\n<p><strong>QFB\u00a0 FABIOLA GARCIA ALVAREZ<\/strong><\/p>\n<p><strong>Perito dictaminador en an\u00e1lisis bacteriol\u00f3gico de agua<\/strong><\/p>\n<p><strong>Y alimentos con n\u00famero GES-PD 0705<\/strong><\/p>\n<p><strong>Perito dictaminador en\u00a0 estupefacientes GES-PD0523<\/strong><\/p>\n<p><strong>Maestr\u00eda\u00a0 en an\u00e1lisis cl\u00ednicos 1301 \u2013 368068<\/strong><\/p>\n<p><strong>Ced prof<\/strong><strong>\u00b7<\/strong><strong>\u00a0 8664204\u00a0\u00a0 Tel. 38 1 66 64<\/strong><\/p>\n<p><strong>Asesor\u00eda,\u00a0 auditor\u00eda\u00a0 y gesti\u00f3n ambiental.<\/strong><\/p>\n<ol>\n<li><strong> Victoria No. 8 zona centro Cd Valles SLP.<\/strong><\/li>\n<\/ol>\n<p><strong>++++++++++\u00a0\u00a0\u00a0\u00a0\u00a0\u00a0\u00a0\u00a0\u00a0\u00a0\u00a0\u00a0\u00a0\u00a0 <\/strong><\/p>\n<p><strong>TERRENO DONADO PARA PROYECTO DE UN HOSPITAL\u2026.CONDICIONADO.<\/strong><\/p>\n<p><strong>Si hubo una donaci\u00f3n de 8 hect\u00e1reas de terreno al municipio por parte de una\u00a0 dama, para construir dos hospitales al norte de la ciudad\u00a0 por la carretera a Ciudad Mante,\u00a0 pero si no se inicia cuando menos su construcci\u00f3n dentro del periodo\u00a0 del alcalde Adri\u00e1n Esper C\u00e1rdenas\u00a0 ser\u00e1 recogido\u00a0 de acuerdo con una cl\u00e1usula. La obra que tendr\u00e1 que ser federal no est\u00e1 proyectada y mucho menos presupuestada, seg\u00fan aclaraci\u00f3n de la Secretar\u00eda de salud del estado.<\/strong><\/p>\n<p><strong>\u00a0 <\/strong><\/p>\n<p><strong>Precisamente\u00a0 el proceso de donaci\u00f3n que deb\u00eda avalar el cabildo fue una acci\u00f3n estimada irregular por una facci\u00f3n de regidores\u00a0 de \u201coposici\u00f3n\u201d\u00a0 no votaron por el donativo referido.<\/strong><\/p>\n<p><strong>Sobe el tema, medios informativos capitalinos publican que la\u00a0 donante es una ciudadana de nombre Elizabeth Imbert Degollado, quien s\u00ed don\u00f3 el lote de un predio rustico de 8 hect\u00e1reas ubicado en el kilometro 7 de la carretera Valles-Mante, en la fracci\u00f3n denominada \u201cLos Pl\u00e1tanos\u201d, parte de un terreno rural de 217 hect\u00e1reas\u00a0 La persona donadora\u00a0 establece\u00a0 una cl\u00e1usula contundente que a la letra dice:<\/strong><\/p>\n<p><strong>\u201cEsta donaci\u00f3n se hace de manera condicionad, la parte donataria deber\u00e1 iniciar la construcci\u00f3n de la obra en el inmueble que se dona,\u00a0 hospitales \u00a0en beneficio de la poblaci\u00f3n del municipio, la cual deber\u00e1 hacerse dentro del t\u00e9rmino de la actual administraci\u00f3n del ayuntamiento periodo 2018-2021. En caso de que la parte donataria no cumpla con esta condici\u00f3n dentro del t\u00e9rmino pactado la donaci\u00f3n ser\u00e1 revertida en favor de la parte donante\u201d. <\/strong><\/p>\n<p><strong>Despierta curiosidad entre los regidores de oposici\u00f3n que la cl\u00e1usula\u00a0 de donaci\u00f3n condicional, la benefactora\u00a0 design\u00f3 minutos mas tarde, un \u201cPoder especial para actos de administraci\u00f3n, para pleitos y cobranzas y actos de riguroso dominio\u201d a un primo del alcalde , identificado con el nombre Alfredo Mart\u00edn Esper Canavati.\u00a0 Comunicaci\u00f3n social que\u00a0 dio a conocer el acto generoso de donaci\u00f3n por parte del mun\u00edcipe\u00a0 no ha\u00a0 emitido ning\u00fan comentario mas<\/strong><\/p>\n<p><strong>Principio del formularioFinal del formularioFinal del formulario<\/strong><strong>+++++++++++++++<\/strong><\/p>\n<p><strong>\u201cHOTEL RIVIERA\u201d\u00a0\u00a0 en el coraz\u00f3n de <\/strong><\/p>\n<h2>Ciudad Valles SLP.<\/h2>\n<h2>5 DE Mayo 24\u00a0 Tel 014813823097<\/h2>\n<h3>Email <a href=\"mailto:hotelrivieravalles@hotmail.com\">hotelrivieravalles hotmail.com<\/a><\/h3>\n<p><strong>T\u00edpicamente Huasteco.<\/strong><\/p>\n<p><strong>++++++++<\/strong><\/p>\n<p><strong>IMPLAN\u00a0 FUE CREADO\u00a0 HACE DIEZ A\u00d1OS\u2026 <\/strong><\/p>\n<p><strong>HASTA AHORA SE REACTIVA.<\/strong><\/p>\n<p><strong>El Congreso del Estado cre\u00f3 hace\u00a0 casi diez a\u00f1os\u00a0 durante el segundo trienio de la administraci\u00f3n de JJOA\u00a0 el Implan\u00a0 como instituci\u00f3n obligatoria\u00a0 para municipios con mas de 50 mil\u00a0 habitantes, extra\u00f1amente\u00a0 no se\u00a0 constituy\u00f3\u00a0 de acuerdo con\u00a0 la disposici\u00f3n\u00a0 argumentando\u00a0 falta de presupuesto para\u00a0 pagar\u00a0 al personal y oficinas donde\u00a0 funcionar\u00eda, parec\u00eda en su momento que\u00a0 no conven\u00eda a los intereses de\u00a0 quienes\u00a0 han medrado con la venta de terrenos\u00a0 en condiciones topogr\u00e1ficas irregulares sin ning\u00fan\u00a0 control ni servicios p\u00fablicos, el presidente municipal en turno representaba\u00a0 los intereses de una rica heredera que se dedic\u00f3 a fraccionar tierras\u00a0 para convertir asentamientos irregulares, la llegada de IMPLAN\u00a0 frenar\u00eda\u00a0 el negocio.<\/strong><\/p>\n<p><strong>\u00a0En la administraci\u00f3n de AEC\u00a0 al inicio de\u00a0 su tercer\u00a0 a\u00f1o de gobierno independiente,\u00a0 el IMPLAN\u00a0 cobra vid y convoca a los sectores involucrados a\u00a0 integrar el consejo, anteponiendo\u00a0 el inter\u00e9s p\u00fablico y de los contribuyentes en prediales porque\u00a0 si funciona conforme a las reglas, las propiedades tendr\u00e1n\u00a0 una\u00a0 mayor plusval\u00eda para lograrlo es necesaria una mejor planeaci\u00f3n, que facilitar\u00e1\u00a0 el crecimiento urbano\u00a0 ordenado, determinando cual \u00e1rea es para vivienda, cual para negocios as\u00ed como para recreaci\u00f3n esparcimiento y de esta manera as\u00ed\u00a0 la Puerta Grande de la Huasteca saldr\u00e1\u00a0\u00a0 del marasmo hist\u00f3rico \u00a0y evitar un retraso mayor del que existe, as\u00ed lo dice el alcalde Adri\u00e1n Esper C\u00e1rdenas, empresario visionario y con experiencia en el rengl\u00f3n urban\u00edstico que ir\u00e1 aparejado cn el proyecto de convertir a esta ciudad\u00a0\u00a0 en un polo de desarrollo de turismo\u00a0 nacional e internacional en un futuro o pr\u00f3ximo con la construcci\u00f3n del aeropuerto Huasteco y hoteles de 5\u00a0 estrellas.<\/strong><\/p>\n<p><strong>Como informamos la semana anterior, existe inter\u00e9s de la administraci\u00f3n en adecuar las reglas de construcci\u00f3n porque las existentes son obsoletas, \u00e9stas actualmente no permiten edificios\u00a0 altas \u2013 hasta 6 pisos &#8211;\u00a0 cuando las necesidades modernas, urge\u00a0 actualizar esas leyes y declara Esper \u00a0\u00a0\u201cPorqu\u00e9 no autorizar edificios con m\u00e1s de 50 pisos, es importante promover edificios altos, la vivienda vertical es lo m\u00e1s sustentable, ver como esto se puede arreglar y hacer crecer la ciudad, lograr un mejor desarrollo, ubicar los terrenos que se inundan y darles el uso adecuado\u201d.<\/strong><\/p>\n<p><strong>\u00a0\u00a0\u00a0\u00a0\u00a0\u00a0\u00a0\u00a0 Valles, debe ser una ciudad con ordenamiento y con una mejor planeaci\u00f3n, para que el crecimiento sea el adecuado, lo que permitir\u00e1 elevar la calidad de vida de los ciudadanos, por lo que es necesario que al momento de autorizar un fraccionamiento se hagan bien las cosas, que todo sea con orden en lo general.<\/strong><\/p>\n<p><strong>En cambio en la capital del estado\u00a0\u00a0 los edificios\u00a0 de ms de 20 pisos abundan\u00a0 d\u00e1ndole un toque moderno, saliendo de la provinciano a la modernidad.<\/strong><\/p>\n<p><strong>+++++++++++<\/strong><\/p>\n<p><strong>CARROCERIAS\u00a0 BUSTOS<\/strong><\/p>\n<p><strong>BUSTOS.<\/strong><\/p>\n<p><strong>Reforma y Lerdo de tejada Col. Altavista.<\/strong><\/p>\n<p><strong>Cd Valles SLP\u00a0 Tel. 3824777.<\/strong><\/p>\n<p><strong>En carrocer\u00edas para camiones y camionetas nadie nos compite.<\/strong><\/p>\n<p><strong>+++++++++++++++<\/strong><\/p>\n<p><strong>CORRUPCION EN FORTASEG NACIONAL\u2026\u00a0 Guerra a la delincuencia, 12 moto patrullas que\u00a0 garantizar\u00e1n la seguridad ciudadana\u2026\u2026 Directivos del organismo reportan 2.4 millones de pesos el total de la compra\u2026.Mientras no se aclare con factura y proceso de licitaci\u00f3n\u00a0 la adquisici\u00f3n de\u00a0 12 moto patrullas por parte de\u00a0 Fortaseg para la polic\u00eda\u00a0 municipal de Valles,\u00a0 persistir\u00e1 la duda\u00a0 que\u00a0 a nivel nacional persisten sospechas de corrupci\u00f3n, por el valor total en la adquisici\u00f3n de las moto patrullas\u00a0 reportado\u00a0 casi semejante\u00a0 al de un veh\u00edculo de mediana\u00a0 categor\u00eda\u00a0 (225 mil pesos por unidad) la flota\u00a0 fue exhibida\u00a0 durante\u00a0 el desfile\u00a0 de Independencia, una de ellas\u00a0 present\u00f3 falla mec\u00e1nica hicieron el rid\u00edculo p\u00fablico.<\/strong><\/p>\n<p><strong>En esta ciudad el Fortaseg su director es<\/strong><strong> Ricardo Rodrigo Villarreal L\u00f3pez , dijo que la\u00a0 adquisici\u00f3n del lote de\u00a0 12 motocicletas\u00a0 el proceso de licitaci\u00f3n se\u00a0 hizo nacional, no son 8\u00a0 unidades\u00a0 como\u00a0 en el bolet\u00edn oficial del ayuntamiento\u00a0 inform\u00f3 su director, sino \u00a012 las motocicletas que se adquirieron para reforzar los trabajos de vigilancia de los polic\u00edas municipales. <\/strong><\/p>\n<p><strong>En una pagina web\u00a0 comercializadora de las citadas motos marca Bajaj Dominar 400, se\u00a0 cotizan en 79 mil pesos, de transmisi\u00f3n manual y capacidad\u00a0 estimada de 40 caballos de fuerza. <\/strong><\/p>\n<p><strong>De cuerdo al bolet\u00edn expedido por Comunicaci\u00f3n social del ayuntamiento de VALLES\u00a0 inform\u00f3 la adquisici\u00f3n de ocho motocicletas de esta marca\u00a0 por un total de 2 millones 400 mil pesos, un\u00a0\u00a0 sobreprecio\u00a0 exagerado\u00a0 que origin\u00f3 inmediatamente comentarios adversos para el funcionario municipal por la suposici\u00f3n de corrupci\u00f3n.<\/strong><\/p>\n<p><strong>+++++++++++++<\/strong><\/p>\n<p><strong>El sitio ideal para\u00a0 sus fiestas\u2026\u00a0\u00a0\u00a0\u00a0\u00a0\u00a0\u00a0\u00a0\u00a0\u00a0\u00a0\u00a0\u00a0\u00a0\u00a0\u00a0\u00a0\u00a0\u00a0\u00a0\u00a0\u00a0\u00a0\u00a0 <\/strong><\/p>\n<p><strong>\u00a0\u201cFINCA\u00a0 SAN ISIDRO\u201d <\/strong><\/p>\n<p><strong>Sal\u00f3n para fiestas de todo tipo.<\/strong><\/p>\n<p><strong>Carretera Valles \u2013 R\u00edo Verde Km. 8 <\/strong><\/p>\n<p><strong>Contrataciones al Tel. 01 481 179 09<\/strong><\/p>\n<p><strong>Cd. Valles SLP M\u00e9xico.<\/strong><\/p>\n<p><strong>+++++++++++++<\/strong><\/p>\n<p><strong>DISCRIMINAN A REGIDORES DE \u201cOPOSICION\u201d<\/strong><\/p>\n<p><strong>&#8211;\u00a0 Recomendaci\u00f3n: qu\u00e9jense\u00a0 en la delegaci\u00f3n de la CEDH.<\/strong><\/p>\n<p><strong>En\u00a0 el gobierno Independiente de Valles el \u201cPRI\u201d\u00a0 fue reducido a\u00a0 nada\u00a0 en las pasadas elecciones municipales, solo tiene uno\u00a0 y como es de suponerse\u00a0 es\u00a0 ninguneado por\u00a0 ser\u00a0 de la oposici\u00f3n, su representante se quejas amargamente\u00a0 que las propuestas o\u00a0 iniciativas que presenta son desechadas o congeladas, ah\u00a0 pero\u00a0 las que hacen los regidores Independientes son inmediatamente\u00a0 autorizadas\u00a0 y tienen el apoyo mayoritario.<\/strong><\/p>\n<p><strong>En\u00a0 el cabildo son mayor\u00eda los regidores y s\u00edndicos Independientes, los dem\u00e1s partidos incluyendo el otrora invencible RIP tiene uno;<\/strong><\/p>\n<p><strong>el regidor tricolor, Manuel Vald\u00e9s Pe\u00f1a se queja con raz\u00f3n que sus propuestas no son tomadas en cuenta\u00a0 mientras que la de los Independientes de un d\u00cda para otro como fue el caso de la supuesta donaci\u00f3n de un predio a la Secretar\u00eda de Salud\u00a0 para edificar un hospital moderno hasta con helipuerto. Lo regidores\u00a0 de un d\u00eda para otro autorizaron la donaci\u00f3n.<\/strong><\/p>\n<p><strong>El quejoso declara que la misma suerte tienen los regidores del PRD, PRI o del PAN algunas propuestas con suerte pasado el tiempo se\u00a0 aprueban.<\/strong><\/p>\n<p><strong>***********<\/strong><\/p>\n<p><strong>\u201cCAF\u00c9 Y RESTAURANT\u00a0 EL FAROLITO\u201d<\/strong><\/p>\n<p><strong>Lo mejor de la cocina Huasteca; el tradicional zacahuil y cazueladas.<\/strong><\/p>\n<p><strong>Atendemos toda clase de\u00a0 festejos. Pedidos al <\/strong><\/p>\n<p><strong>Tel\u00a0 3821017 Ciudad Valles SLP.<\/strong><\/p>\n<p><strong>+++++++++++++<\/strong><\/p>\n<p><strong>D E\u00a0 V O L A D A .<\/strong><\/p>\n<p><strong>MINISTRO PROTEGE POLITICOS RATAS\u2026.Un ministro (Luis Mar\u00eda Aguilar\u00a0 impuesto por Felipe Calder\u00f3n a quien ahora\u00a0 devuelve el favor)\u00a0\u00a0 de la SCJN encargado de emitir el fallo sobre la exigencia ciudadana que voto por el enjuiciamiento de\u00a0 los ex presidentes de la rep\u00fablica, fue claro al decir\u00a0 a la Prensa Nacional que\u00a0 a la ciudadan\u00eda\u00a0 no le corresponde decidir si se van a investigar\u00a0 o procesar\u00a0 por los delitos cometidos durante su ejercicio o funci\u00f3n p\u00fablica y recalc\u00f3\u00a0 que la\u00a0 consulta al pueblo es anticonstitucional. <\/strong><\/p>\n<p><strong>+++++++++<\/strong><\/p>\n<p><strong>LOS VERDES SE PROCLAMAN CANDIDATOS EN VALLES ..<\/strong><strong>Ricardo Gallardo Cardona, diputado federal del PVEM\u00a0 recorre la Huasteca ostent\u00e1ndose como abanderado de ese partido por la gubernatura del estado potosino y destap\u00f3 al diputado local del mismo partido, C\u00e1ndido Ochoa Rojas como candidato a la Presidencia municipal de Valles al que proclam\u00f3 \u201cpr\u00f3ximo presidente\u201d de Valles. <\/strong><\/p>\n<p><strong>La presencia de\u00a0 ambos en La Puerta grande de la Huasteca potosina fue para\u00a0 dar posesi\u00f3n a <\/strong><\/p>\n<p><strong>Tito Enrique Rodr\u00edguez como el presidente del Comit\u00e9 Directivo Municipal del Verde en Valles. <\/strong><\/p>\n<p><strong>++++++++++++<\/strong><\/p>\n<p><strong>COPARMEX SE DESLINDA DE FRENAA \u2026La pasada semana\u00a0 estuvo en Tamazunchale y Valles el l\u00edder\u00a0 nacional de Coparmex <\/strong><strong>Gustavo A. de Hoyos Walther\u00a0 la organizaci\u00f3n\u00a0 tiene buenas relaciones con\u00a0\u00a0 AMLO- Dijo que \u00e9l nada tiene que ver con ese movimiento, aunque lo haya dicho el presidente,\u00a0 \u00e9l no est\u00e1 enojado con el presidente ni con la 4T. Valles \u00a0entreg\u00f3 lavabos anti-Covid y 20 mil cubre bocas a los ciudadanos.<\/strong><\/p>\n<p><strong>++++++++<\/strong><\/p>\n<p><strong>POR OMISO A ORDENAMIENTO JUDICIAL\u2026. La justicia federal aplicar\u00e1 una sanci\u00f3n econ\u00f3mica\u00a0 al jefe de regi\u00f3n de la polic\u00eda estatal\u00a0 y al director de polic\u00eda municipal de Valles, por la omisi\u00f3n en hechos delictivos ocurridos en la zona conflictiva conocida como fraccionamiento \u201cBuenos Aires\u201d al jefe regional de la Polic\u00eda Estatal, como el director de la Polic\u00eda Municipal tendr\u00e1n que pagar una sanci\u00f3n, porque no acataron el mandato judicial \u00a0del juez de ejecuci\u00f3n del Centro Integral de Justicia en esta ciudad. El caso\u00a0 lo representa el licenciado Luis \u00c1ngel Contreras Malibr\u00e1n.<\/strong><\/p>\n<p><strong>+++++++++++++<\/strong><\/p>\n<p><strong>Hasta la pr\u00f3xima semana \u2026aqu\u00ed en Entre Calumnias. <\/strong><\/p>\n<p><strong>\u00a0<\/strong><\/p>\n<p><strong>\u00a0<\/strong><\/p>\n<p><strong>&#8212;<\/strong><\/p>\n<p><strong>\u00a0<\/strong><\/p>\n<p><strong>\u00a0<\/strong><\/p>\n<p><strong>\u00a0<\/strong><\/p>\n<p><strong>\u00a0<\/strong><\/p>\n<p><strong>\u00a0<\/strong><\/p>\n","protected":false},"excerpt":{"rendered":"<p>\u00a0 IMPOSICI\u00d3N\u00a0 EN EL PRI\u00a0 DE VALLES\u2026\u2026.Cual democracia que desde la c\u00fapula presume su actual dirigente\u00a0 del PRI,\u00a0 en Valles\u00a0 se impuso la voluntad del primer priista y jefe supremo del organismo pol\u00edtico potosino,\u00a0\u00a0 designando\u00a0 la planilla identificada con\u00a0 un ex alcalde y actual funcionario &hellip; <\/p>\n","protected":false},"author":1,"featured_media":50336,"comment_status":"open","ping_status":"open","sticky":false,"template":"","format":"standard","meta":{"footnotes":""},"categories":[17,4],"tags":[],"class_list":["post-50335","post","type-post","status-publish","format-standard","has-post-thumbnail","hentry","category-colaboraciones","category-inicio"],"_links":{"self":[{"href":"https:\/\/amanecerhuasteco.com\/portal\/wp-json\/wp\/v2\/posts\/50335","targetHints":{"allow":["GET"]}}],"collection":[{"href":"https:\/\/amanecerhuasteco.com\/portal\/wp-json\/wp\/v2\/posts"}],"about":[{"href":"https:\/\/amanecerhuasteco.com\/portal\/wp-json\/wp\/v2\/types\/post"}],"author":[{"embeddable":true,"href":"https:\/\/amanecerhuasteco.com\/portal\/wp-json\/wp\/v2\/users\/1"}],"replies":[{"embeddable":true,"href":"https:\/\/amanecerhuasteco.com\/portal\/wp-json\/wp\/v2\/comments?post=50335"}],"version-history":[{"count":1,"href":"https:\/\/amanecerhuasteco.com\/portal\/wp-json\/wp\/v2\/posts\/50335\/revisions"}],"predecessor-version":[{"id":50337,"href":"https:\/\/amanecerhuasteco.com\/portal\/wp-json\/wp\/v2\/posts\/50335\/revisions\/50337"}],"wp:featuredmedia":[{"embeddable":true,"href":"https:\/\/amanecerhuasteco.com\/portal\/wp-json\/wp\/v2\/media\/50336"}],"wp:attachment":[{"href":"https:\/\/amanecerhuasteco.com\/portal\/wp-json\/wp\/v2\/media?parent=50335"}],"wp:term":[{"taxonomy":"category","embeddable":true,"href":"https:\/\/amanecerhuasteco.com\/portal\/wp-json\/wp\/v2\/categories?post=50335"},{"taxonomy":"post_tag","embeddable":true,"href":"https:\/\/amanecerhuasteco.com\/portal\/wp-json\/wp\/v2\/tags?post=50335"}],"curies":[{"name":"wp","href":"https:\/\/api.w.org\/{rel}","templated":true}]}}