{"id":52286,"date":"2020-11-29T10:18:33","date_gmt":"2020-11-29T16:18:33","guid":{"rendered":"http:\/\/amanecerhuasteco.com\/portal\/?p=52286"},"modified":"2020-11-29T10:18:33","modified_gmt":"2020-11-29T16:18:33","slug":"entre-columnas-444","status":"publish","type":"post","link":"https:\/\/amanecerhuasteco.com\/portal\/entre-columnas-444\/","title":{"rendered":"ENTRE COLUMNAS"},"content":{"rendered":"<p><strong>\u00a0<\/strong><\/p>\n<p><strong>Adri\u00e1n Esper, podr\u00eda correr la misma suerte de Jaime Ya\u00f1ez, por mal asesoramiento legal en su \u201clicencia\u201d, anticipan personas conocedoras de la ley, lamentan que quien elaboro todo ahora sea precandidato a diputado local por una partido contrario a la candidatura que busca el alcalde constitucional\u2026.<\/strong><\/p>\n<p><strong>ALCALDE INTERINO RECIBE 266 MILLONES DE PESOS\u00a0 DEUDA PUBLICA<\/strong><\/p>\n<p>&nbsp;<\/p>\n<p><strong>\u00a0 Del SAT el ayuntamiento Vallense no\u00a0 paga por ISR 66 MDP. \u00a0<\/strong><\/p>\n<p><strong>El sue\u00f1o dorado del ex priista Guadalupe Contreras\u00a0 fue llegar a alcalde de Valles \u2013aunque fuera interino &#8211;\u00a0 o bien que\u00a0 Adri\u00e1n Esper lo dejara como candidato a sucederlo cuando este solicitara licencia para\u00a0 continuar su carrera pol\u00edtica\u2026 y se cumpli\u00f3.<\/strong><\/p>\n<p>La\u00a0 cr\u00f3nica de la sucesi\u00f3n interina inicia con\u00a0 una sesi\u00f3n virtual del cabildo a partir de las 18 horas, despu\u00e9s de 2 horas de discusiones\u00a0 acordaron que el regidor de mayor\u00eda \u201cIndependiente\u201d asumiera el cargo que por licencia otorgada en el mismo acto por Adri\u00e1n Esper, se declar\u00f3 un receso para retornar a las 24.00 horas del viernes 26\u00a0 para que el alcalde interino rindiera su protesta de ley Guadalupe Contreras P\u00e9rez, quien declaro ya investido que continuar\u00e1 con la pol\u00edtica de obras\u00a0 de su antecesor y recorrer\u00e1 las colonias y comunidades para conocer las necesidades de los vecinos. (esto ya la tiene la autoridad desde la campa\u00f1a de Esper, pero bueno)<\/p>\n<p>LOS REGIDORES DE OPOSICI\u00d3N\u00a0 revelaron que el proceso tuvo irregularidades legales, adem\u00e1s fue evidente que la bancada \u201cIndependiente\u201d lleg\u00f3 con la aplanadora para que ungieran al recomendado\u2026\u2026. Detalles\u00a0\u00a0 como el hecho que el alcalde saliente votara por \u201cLupillo\u201d ley establece que una vez, que el presidente en turno es\u00a0 relevado, corresponde al cabildo (regidores y s\u00edndicos) elegir al interino\u00a0 o en este caso puede considerarse sustituto porque Esper C\u00e1rdenas\u00a0 no volver\u00e1, aunque en la solicitud establece que la licencia es\u00a0 hasta el 30 de septiembre del pr\u00f3ximo a\u00f1o, podr\u00eda retornar en\u00a0 cualquier fecha.<\/p>\n<p>Apenas llega \u201cLupillo\u201d y\u00a0 aparecen nubarrones negros en el horizonte a corto plazo, el corte de caja hasta el 30 de septiembre\u00a0 la deuda del ayuntamiento asciende a 248 millones 090 mil 658 pesos con 12 centavos. Y\u00a0 aun hay mas.<\/p>\n<p><strong>EXITUS\u00a0 CREDIT.<\/strong><\/p>\n<p><strong>Pr\u00e9stamos inmediatos a pensionados <\/strong><\/p>\n<p><strong>CFE, ISSSTE.FFCC, SCT, PEMEX,\u00a0 ACTIVOS Y JUBILADIS\u00a0 IMSS <\/strong><\/p>\n<p><strong>SIN AFECTAR TARJETON.<\/strong><\/p>\n<p><strong>Ll\u00e1menos las 24 hrs del d\u00eda\u00a0 4811039565<\/strong><\/p>\n<p><strong>CREDITO INMEDIATO <\/strong><\/p>\n<p><strong>+++++++++<\/strong><\/p>\n<p><strong>\u00a0<\/strong><strong>Sal\u00f3n de fiestas <\/strong><\/p>\n<p><strong>\u201cECLIPSE\u201d\u00a0 Sal\u00f3n de eventos, incluye<br \/>\n-Mobiliario para 100 personas<br \/>\n-Alberca<br \/>\n-\u00c1rea de servicio<br \/>\nInformes al 4811073382<\/strong><\/p>\n<p><strong>+++++.<\/strong><\/p>\n<p><strong>FUNCIONARIA ESTATAL ASE PROMOCIONA\u00a0 HACIENDO ENCUESTA SOBRE PREFERENCIAS\u00a0 ELECTORALES.<\/strong><\/p>\n<p><strong>\u00a0Regala gel y cubre boca solo en la capital.<\/strong><\/p>\n<p><strong>Durante la pasada semana, brigadas de j\u00f3venes visitaron domicilios para\u00a0 encuestar a\u00a0 los vecinos sobre sus preferencias electorales y quien es su candidato preferido y partidos contendientes, es claro entender la tendencia porque\u00a0 luego obsequian un cuaderno \u00a0denominado Cuida tu salud\u00a0 San Luis Potos\u00ed,\u00a0 con dibujos para colorear. No dice\u00a0 que dependencia hace exhorto, impreso en papel de calidad suprema y hasta totalmente en blanco la pen\u00faltima p\u00e1gina.<\/strong><\/p>\n<p><strong>Sabemos por denuncia de la organizaci\u00f3n Ciudadanos Observando\u00a0 que \u00a0las brigadas encuestadoras adem\u00e1s del cuaderno\u00a0 entregaban botellas con gel y tapabacas, en Valles nada. El mensaje subliminal es\u00a0 evidente, es una t\u00e1ctica para\u00a0 reflejar la imagen\u00a0 de la titular del Sector Salud quien ha declarado que\u00a0 ser\u00e1 \u201clo que diga el gobernador\u201d \u2026 y\u00a0 si\u00a0 se decide que para la entidad potosina sea\u00a0 mujer la futura gobernadora, ella ser\u00e1 la primera en la l\u00ednea. <\/strong><\/p>\n<p><strong>+++++++++++++<\/strong><\/p>\n<p><strong>RESTAURANT\u00a0 DE\u00a0 MARISCOS \u201cEL PARAISO\u201d<\/strong><\/p>\n<p><strong>Calle Martha\u00a0 entrada\u00a0 al Carmen 2 <\/strong><\/p>\n<p><strong>Junto a Oxxo.<\/strong><\/p>\n<p><strong>Atenci\u00f3n personal de su propietario Chanito.<\/strong><\/p>\n<p><strong>Solicite presupuesto, precios\u00a0 y ordene al <\/strong><\/p>\n<p><strong>\u00a0\u00a0\u00a0\u00a0\u00a0\u00a0\u00a0\u00a0\u00a0\u00a0\u00a0\u00a0\u00a0 Celular 481 102 5590<\/strong><\/p>\n<p><strong>Servicio de 11\u00a0\u00a0 a 8 de la noche<\/strong><\/p>\n<p><strong>+++++++\u00a0\u00a0\u00a0\u00a0\u00a0\u00a0\u00a0\u00a0\u00a0\u00a0\u00a0\u00a0\u00a0\u00a0\u00a0\u00a0\u00a0\u00a0\u00a0 <\/strong><\/p>\n<p><strong>NUESTRO PROPIO EJ\u00c9RCITO. (sistema inmunol\u00f3gico)<\/strong><\/p>\n<p><strong>Una terapia creada\u00a0 solo\u00a0 con nuestras defensas. El 40% de los c\u00e1nceres podr\u00eda\u00a0 evitarse al eliminar\u00a0 el tabaco, hacer ejercicio y tener una dieta saludable. <\/strong><\/p>\n<p><strong>La QFB Fabiola Garc\u00eda \u00c1lvarez\u00a0 presidenta de la Asociaci\u00f3n de Qu\u00edmicos en Movimiento de Valles y la Huasteca, nos aporta como todas las semanas\u00a0 el tema de c\u00f3mo prevenir o combatir un c\u00e1ncer.\u00a0 Con hierro muere.-\u00a0 El acelerado crecimiento de un tumor canceroso requiere\u00a0 de grandes cantidades de nutrientes \u00a0como el hierro, pero cuando la\u00a0 cantidad de hierro\u00a0 en la c\u00e9lula cancerosa\u00a0 es demasiada\u00a0 se producen sustancias t\u00f3xicas que la matan.<\/strong><\/p>\n<p><strong>Por ello estas c\u00e9lulas\u00a0 fabrican prote\u00ednas\u00a0 como la ferritina que atrapa y a\u00edsla el hierro\u00a0 obrante. Cient\u00edficos descubrieron que cuando\u00a0 se aplica una sustancia nf.kb\u00a0 las c\u00e9lulas cancerosas\u00a0 son capaces de\u00a0 producir las prote\u00ednas\u00a0 aislantes del hierro\u00a0 y por ende, el exceso de este. Una terapia creada\u00a0 solo\u00a0 con nuestras defensas. El 40% de los c\u00e1nceres podr\u00eda\u00a0 evitarse al eliminar\u00a0 el tabaco, hacer ejercicio y tener una dieta saludable. <\/strong><\/p>\n<p><strong>Con hierro muere.-\u00a0 El acelerado crecimiento de un tumor canceroso requiere\u00a0 de grandes cantidades de nutrientes\u00a0 como el hierro, pero cuando la\u00a0 cantidad de hierro\u00a0 en la c\u00e9lula cancerosa\u00a0 es demasiada\u00a0 se producen sustancias t\u00f3xicas que la matan.<\/strong><\/p>\n<p><strong>La QFB Fabiola Garc\u00eda \u00c1lvarez\u00a0 presidenta de la Asociaci\u00f3n de Qu\u00edmicos en Movimiento de Valles y la Huasteca, nos aporta como todas las semanas\u00a0 el tema de c\u00f3mo prevenir o combatir un c\u00e1ncer.<\/strong><\/p>\n<p><strong>++++++++++++<\/strong><\/p>\n<p><strong>Principio del formularioPrincipio del formulario<\/strong><strong>+++++++++++++<\/strong><\/p>\n<p><strong>QFB\u00a0 FABIOLA GARCIA ALVAREZ<\/strong><\/p>\n<p><strong>Perito dictaminador en an\u00e1lisis bacteriol\u00f3gico de agua<\/strong><\/p>\n<p><strong>Y alimentos con n\u00famero GES-PD 0705<\/strong><\/p>\n<p><strong>Perito dictaminador en\u00a0 estupefacientes GES-PD0523<\/strong><\/p>\n<p><strong>Maestr\u00eda\u00a0 en an\u00e1lisis cl\u00ednicos 1301 \u2013 368068<\/strong><\/p>\n<p><strong>Ced prof<\/strong><strong>\u00b7<\/strong><strong>\u00a0 8664204\u00a0\u00a0 Tel. 38 1 66 64<\/strong><\/p>\n<p><strong>Asesor\u00eda,\u00a0 auditor\u00eda\u00a0 y gesti\u00f3n ambiental.<\/strong><\/p>\n<ol>\n<li><strong> Victoria No. 8 zona centro Cd Valles SLP.<\/strong><\/li>\n<\/ol>\n<p><strong>++++++++++\u00a0\u00a0\u00a0\u00a0\u00a0\u00a0\u00a0\u00a0\u00a0\u00a0\u00a0\u00a0\u00a0\u00a0 <\/strong><\/p>\n<p><strong>ASENTAMIENTO \u201cLOS JOBITOS\u201d EN DISPUTA.<\/strong><\/p>\n<p><strong>Durante\u00a0 el trienio de JJOA\u00a0 como alcalde de Valles fue adquirido supuestamente un terreno\u00a0 localizado al noroeste de la ciudad conocido como \u201cLos Jobitos\u201d donde ya exist\u00eda un asentamiento de familias\u00a0 que reclamaban la regularizaci\u00f3n, el buen gesto del mun\u00edcipe llev\u00f3 a\u00a0 adquirir el predio\u00a0 entregando un anticipo de 2 millones de pesos y posteriormente otro cheque (documentado en expediente) pero los propietarios\u00a0 no entregaron las escrituras de acuerdo con investigaciones que hizo a\u00f1os despu\u00e9s la Sindico\u00a0 Licenciada Elia Rodr\u00edguez .\u00a0 Tiempo despu\u00e9s\u00a0 el ahora diputado federal por el IV distrito\u00a0 apoy\u00f3 a los posesionarios pero no hubo respuesta de las autoridades correspondientes para la legalizaci\u00f3n de los lotes que reclaman las familias.<\/strong><\/p>\n<p><strong>Recientemente\u00a0 el l\u00edder social Sa\u00edd L\u00f3pez de Olmos\u00a0 dirigente del MHD retom\u00f3 el caso y declar\u00f3\u00a0 que\u00a0 ese\u00a0 terreno es propiedad\u00a0 de la naci\u00f3n, se ubica justo\u00a0 a un lado del fraccionamiento El Consuelo (predio que corresponde al mismo terreno)\u00a0 pero reclamado por los Hermanos David y Jes\u00fas Gonzales, su padre\u00a0 Jes\u00fas Gonzales\u00a0 L\u00e1rraga ex diputado federal dej\u00f3\u00a0 como herencia esa superficie donde\u00a0 habitaban desde\u00a0 aquellos tiempos (a\u00f1o 1960) el lugar conocido como Los Jobitos.<\/strong><\/p>\n<p><strong>Este predio de acuerdo con los moradores que\u00a0 exhiben planos y hasta han abierto calles porque\u00a0 fue adquirido por el ayuntamiento que presidi\u00f3\u00a0 Juan Jos\u00e9 Ortiz Azuara durante el trienio 2001 \u2013 2003, los herederos recibieron un anticipo\u00a0 (igual que el Frac 21) y el restante\u00a0 tambi\u00e9n seg\u00fan\u00a0 el expediente donde aparece una fotost\u00e1tica del documento pero\u00a0 aun sigue pendiente\u00a0 de recibir el municipio las escrituras correspondientes. Seg\u00fan la versi\u00f3n del dirigente\u00a0 del MHD los herederos no han regularizado la leg\u00edtima propiedad a su favor. <\/strong><\/p>\n<p><strong>Principio del formularioFinal del formularioFinal del formulario<\/strong><strong>+++++++++++++++<\/strong><\/p>\n<p><strong>\u201cHOTEL RIVIERA\u201d\u00a0\u00a0 en el coraz\u00f3n de \u00a0<\/strong>Ciudad Valles SLP.<\/p>\n<h2>5 DE Mayo 24\u00a0 Tel 014813823097<\/h2>\n<h3>Email <a href=\"mailto:hotelrivieravalles@hotmail.com\">hotelrivieravalles hotmail.com<\/a><\/h3>\n<p><strong>T\u00edpicamente Huasteco.<\/strong><\/p>\n<p><strong>++++++<\/strong><\/p>\n<p><strong>EDSON\u00a0 AL CESTO DE LA HISTORIA POLITICA DE VALLES.<\/strong><\/p>\n<p><strong>Entre sus allegados\u00a0 el diputado local Edson Quintanar\u00a0 quien lleg\u00f3 al Congreso gracias al voto en cascada\u00a0 del fen\u00f3meno electoral AMLO, circula buenos deseos\u00a0 para el oscuro legislador Vallense para postularse\u00a0 por la reelecci\u00f3n o para la sucesi\u00f3n municipal, pero los\u00a0 augurios son negativos, su trabajo no se ha reflejado ni siquiera en su calificaci\u00f3n por los abusos de la polic\u00eda municipal y el abandono en que dej\u00f3 a su distrito, hasta se dio el lujo de \u201ccorrer\u201d a su suplente porque le estovaba en sus aspiraciones a seguir su incipiente carrera pol\u00edtica.<\/strong><\/p>\n<p><strong>El suplente del diputado por el XII distrito es el profesor \u00a0Juan Carlos Montalvo, quien\u00a0 realmente atiende los reclamos populares en ausencia del titular, por lo que ha expresado calificativos fuertes por la irresponsabilidad del diputado, sin\u00a0 embargo en caso que \u00e9ste decidiera retirarse\u00a0 para postularse por una candidatura o la reelecci\u00f3n deber\u00e1 sustituirlo en la curul<\/strong><\/p>\n<p><strong>Medios noticiosos\u00a0 capitalinos dieron la nota recientemente\u00a0 de un bochornoso momento que pas\u00f3 el diputado suplente, cuando el diputado titular pr\u00e1cticamente ech\u00f3 del Congreso a su suplente, quien esta cargo de la oficina de gestor\u00eda\u00a0 en Valles del legislador que no atiende y las demandas de atenci\u00f3n ciudadana\u00a0 menudean sin tener respuesta del legislador.<\/strong><\/p>\n<p><strong>El profesor Montalvo\u00a0\u00a0 est\u00e1\u00a0 apenado por no dar respuesta a los reclamos sociales por lo que ha decidido renunciar al partido,\u00a0 decisi\u00f3n\u00a0\u00a0 que\u00a0 nos e ha concretado porque\u00a0 no han celebrado asambleas\u00a0 ante la que presentar\u00e1\u00a0 su separaci\u00f3n. El trabajo del diputado\u00a0 no se refleja\u00a0 en Valles porque nada ha hecho por los Vallenses.<\/strong><\/p>\n<p><strong>+++++++++++<\/strong><\/p>\n<p><strong>CARROCERIAS\u00a0 BUSTOS<\/strong><\/p>\n<p><strong>BUSTOS.<\/strong><\/p>\n<p><strong>Reforma y Lerdo de tejada Col. Altavista.<\/strong><\/p>\n<p><strong>Cd Valles SLP\u00a0 Tel. 3824777.<\/strong><\/p>\n<p><strong>En carrocer\u00edas para camiones y camionetas nadie nos compite.<\/strong><\/p>\n<p><strong>+++++++++++++++<\/strong><\/p>\n<p><strong>EL \u201cVERDE\u201d ADELANTA, REGISTRA CANDIDATOS POR VALLES.<\/strong><\/p>\n<p><strong>Los pol\u00edticos\u00a0 que viven en el marco de la pol\u00edtica, no \u201cdan paso sin huarache\u201d \u2013 dice el refr\u00e1n popular- \u00a0\u00a0con falsas acciones\u00a0 sociales van tras los votos para encumbrarse en puestos de elecci\u00f3n en el proceso\u00a0 2021, rodos sin excepci\u00f3n,\u00a0 de\u00a0 todos\u00a0 los colores y sabores, todos cortados\u00a0 con la misma tijera.<\/strong><\/p>\n<p><strong>A finales del mes anterior, de pronto el secretario municipal Ren\u00e9 Oyarvide\u00a0 le lleg\u00f3 la generosidad y deseos de servicio\u00a0 a la comunidad (desatendida por su jefe) y apareci\u00f3 con maquinaria y materiales\u00a0 en la colonia La Pimienta para atender el reclamo de los vecinos de dar\u00a0 una raspadita\u00a0 a\u00a0 dos calles\u00a0 de acceso al sector. El benefactor dijo que lo hac\u00eda a titulo personal, inclusive que donar\u00eda su sueldo de funcionario del ayuntamiento para obras sociales, pero eso si a todos los sitios llev\u00f3 a los chicos malos de la Prensa.. No pasaron mas de una\u00a0 semana cuando, oh decepci\u00f3n,\u00a0 anuncia que se registra como primer aspirante a la candidatura por el \u201cp\u00e1jaro verde\u201d por la diputaci\u00f3n local del XII distrito con sede en Valles. Minti\u00f3 cuando declaraba que no buscaba ninguna posici\u00f3n pol\u00edtica, era una acci\u00f3n de conciencia para Valles que le ha dado mucho.<\/strong><\/p>\n<p><strong>Hasta la fecha suman tres Vallenses <\/strong><strong>registrados \u00a0aspirantes a candidato a diputado por el XII distrito por el PVEM ellos so: Francisco Delgado C\u00e1rdenas, el priista\u00a0 Alfonso Coronado, funcionario de la administraci\u00f3n de Jorge Ter\u00e1n y Ren\u00e9 Oyarvide Ibarra, secretario del Ayuntamiento de Valles.<\/strong><\/p>\n<p><strong>En el caso de Oyarvide si es aceptada su candidatura, deber\u00e1 renunciar al cargo 90 d\u00edas antes de la fecha de la elecci\u00f3n.<\/strong><\/p>\n<p><strong>\u00a0<\/strong><\/p>\n<p><strong>\u00a0<\/strong><strong>+++++++++++++<\/strong><\/p>\n<p><strong>El sitio ideal para\u00a0 sus fiestas\u2026\u00a0\u00a0\u00a0\u00a0\u00a0\u00a0\u00a0\u00a0\u00a0\u00a0\u00a0\u00a0\u00a0\u00a0\u00a0\u00a0\u00a0\u00a0\u00a0\u00a0\u00a0\u00a0\u00a0\u00a0 <\/strong><\/p>\n<p><strong>\u00a0\u201cFINCA\u00a0 SAN ISIDRO\u201d <\/strong><\/p>\n<p><strong>Sal\u00f3n para fiestas de todo tipo.<\/strong><\/p>\n<p><strong>Carretera Valles \u2013 R\u00edo Verde Km. 8 <\/strong><\/p>\n<p><strong>Contrataciones al Tel. 01 481 179 09<\/strong><\/p>\n<p><strong>Cd. Valles SLP M\u00e9xico.<\/strong><\/p>\n<p><strong>+++++++++++++<\/strong><\/p>\n<p><strong>VIL ATRACO DE POLICIAS MUNICIPALES.<\/strong><\/p>\n<p><strong>&#8211; Otro nuevo atraco cometieron el 20 de noviembre.<\/strong><\/p>\n<p><strong>&#8211; Las autoridades omisas ante denuncias.<\/strong><\/p>\n<p><strong>Este nuevo caso denunciado ante la CEDH\u00a0 no es abuso de autoridad\u00a0 ni agresi\u00f3n f\u00edsica a ciudadanos, es un vil atraco a\u00a0 un ciudadano, uno mas que se suma a\u00a0 esta clase de\u00a0 acciones\u00a0 solapadas por\u00a0 el jefe policiaco y el gobierno municipal \u2013 incluso justificadas \u2013 mientras las denuncias ante la fiscal\u00eda regional pareciera tener la complicidad\u00a0 de\u00a0 esa autoridad como lo denunci\u00f3 el abogado Matilde Hern\u00e1ndez M\u00e9ndez <\/strong><\/p>\n<p><strong>La denuncia en turno es del ciudadano discapacitado Enrique Guti\u00e9rrez a quien los polic\u00edas\u00a0 municipales le robaron a ojos vistos\u00a0 un celular y 150 pesos en efectivo relata que el domingo 15 de noviembre, cuando caminaba por la calle Olmos, polic\u00edas municipales lo detuvieron para una \u00abrevisi\u00f3n\u00bb sin que hubiera motivos le ordenaron que colocara sus pertenencias sobre la cajuela\u00a0 de la patulla numero\u00a0 2054, vio impotente como dos elementos uniformados se apropiaron de un celular y 150\u00a0 pesos (salario que hab\u00eda recibido producto de su trabajo) y fue liberado despojado.<\/strong><\/p>\n<p><strong>De\u00a0 este\u00a0 nuevo caso que suelen ocurrir frecuentemente, fue denunciado ante la CEDH\u00a0\u00a0 en esta ciudad, mientras\u00a0 las autoridades municipales\u00a0 callan\u00a0 y protegen a los jefes policiacos\u00a0 que acumulan denuncias\u00a0 en la fiscal\u00eda regional. <\/strong><\/p>\n<p><strong>La pr\u00f3xima semana informaremos sobre el nuevo atraco a un m\u00fasico\/motociclista.<\/strong><\/p>\n<p><strong>***********<\/strong><\/p>\n<p><strong>\u201cCAF\u00c9 Y RESTAURANT\u00a0 EL FAROLITO\u201d<\/strong><\/p>\n<p><strong>Lo mejor de la cocina Huasteca; el tradicional zacahuil y cazueladas.<\/strong><\/p>\n<p><strong>Atendemos toda clase de\u00a0 festejos. Pedidos al <\/strong><\/p>\n<p><strong>Tel\u00a0 3821017 Ciudad Valles SLP.<\/strong><\/p>\n<p><strong>+++++++++++++<\/strong><\/p>\n<p><strong>D E\u00a0 V O L A D A .<\/strong><\/p>\n<p><strong>EN EL 2021\u00a0 NO HABRA EFECTO \u201cAMLO\u201d \u2026.\u00a0 Si tantos suspirantes por una candidatura de elecci\u00f3n a alcaldes, diputados local y federal\u00a0 que sean nominados por el partido Morena\u00a0 ya se sienten seguros de vivir del presupuesto tres a\u00f1os,\u00a0 est\u00e1n equivocados, el pr\u00f3ximo proceso\u00a0 no\u00a0 habr\u00e1 el fen\u00f3meno electoral AMLO. Esto fue\u00a0 en el a\u00f1o 2018 y no se repetir\u00e1 en la siguiente edici\u00f3n de vividores de la pol\u00edtica.<\/strong><\/p>\n<p><strong>En todo el pa\u00eds el efecto AMLO llev\u00f3 a pol\u00edticos de poca monta a las presidencias municipales, diputaciones federales y locales, los resultados\u00a0 pobres para la ciudadan\u00eda que\u00a0 esperaban alguna clase de\u00a0 beneficio social, se\u00a0 quedaran esperando un a\u00f1o mas porque los \u201cangelitos\u201d ya anda tras\u00a0 otro hueso que les permita seguir\u00a0 gozando de la dulce vida.<\/strong><\/p>\n<p><strong>+++<\/strong><\/p>\n<p><strong>EDSON NI A REGIDOR \u2026.. Valles\u00a0 tiene tres\u00a0 diputados con sus respectivos suplentes, Edson\u00a0 Quintanar\u00a0 que por un a\u00f1o mas cobrar\u00e1 en el Congreso\u00a0 se esperaba mucho de este joven m\u00fasico\/universitario las expectativas de sus simpatizantes fallaron, ahora se lamentan y auguran\u00a0 que si es que vuelve a Valles, su carrera pol\u00edtica\u00a0 se\u00a0 acab\u00f3, llegar a la legislatura fue su \u201cdebut y despedida\u201d\u00a0 dice el profesor jubilado C\u00e9sar Gonz\u00e1lez\u00a0 Garc\u00eda quien fue regidor del ayuntamiento local y hasta candidato por la alcald\u00eda de Valles\u00a0 en las pasadas\u00a0 elecciones que gan\u00f3 Morena.<\/strong><\/p>\n<p><strong>De la diputada plurinominal tambi\u00e9n\u00a0\u00a0 de Morena, no hay mucho que comentar, salvo que como presidenta de\u00a0 la Comisi\u00f3n de asuntos ind\u00edgenas\u00a0 no\u00a0 realiz\u00f3\u00a0 los foros\u00a0 de l consulta para la reforma de la ley electoral del estado que fue rechazada por la SCJN y sigue sin esclarecer los 10 millones de pesos destinados para ese proceso. Edson dice que \u00e9l si cumpli\u00f3 pese a la pandemia, raz\u00f3n que esgrimen los involucrados\u00a0 en este tema.<br \/>\n++++++++<\/strong><\/p>\n<p><strong>Y LOS\u00a0 CINCO MILLONES QUE\u00a0 PAGO BANORTE?<\/strong><\/p>\n<p><strong>\u00a0<\/strong><\/p>\n<p><strong>Inculparon a un s\u00edndico municipal, pero el negocio quedo entre abogados que ahora son funcionarios<\/strong><\/p>\n<p><strong>\u00a0<\/strong><\/p>\n<p><strong>A\u00a0 cuatro meses y d\u00edas\u00a0 que\u00a0 Banorte\u00a0 pag\u00f3\u00a0 o descont\u00f3 a favor\u00a0 de no\u00a0 se ha mencionado si a favor del ex trabajador que gan\u00f3 el laudo o el abogado que lo represent\u00f3, no fue un cheque\u00a0 de tesorer\u00eda municipal,\u00a0 en este caso se habr\u00edan enterado del atraco sufrido por negligencia\u00a0 de los S\u00edndicos.<\/strong><\/p>\n<p><strong>Precisamente el 11 de julio del presente a\u00f1o\u00a0 <\/strong>el s\u00edndico municipal, Alejandro Gonz\u00e1lez Duque inform\u00f3 que se comenzar\u00eda a estudiar un incidente que \u00e9l mismo promovi\u00f3 sobre el laudo a favor de un ex empleado que trabaj\u00f3 hace mas de 20 a\u00f1os. La intenci\u00f3n es\u00a0 recuperar los fondos\u00a0 que \u2013dice el sindico\u00a0 son inembargables.\u00a0 Ya se fue Esper y ahora que ap\u00e1?<\/p>\n<p>&nbsp;<\/p>\n<p>&#8212;<\/p>\n","protected":false},"excerpt":{"rendered":"<p>\u00a0 Adri\u00e1n Esper, podr\u00eda correr la misma suerte de Jaime Ya\u00f1ez, por mal asesoramiento legal en su \u201clicencia\u201d, anticipan personas conocedoras de la ley, lamentan que quien elaboro todo ahora sea precandidato a diputado local por una partido contrario a la candidatura que busca el &hellip; <\/p>\n","protected":false},"author":1,"featured_media":52287,"comment_status":"open","ping_status":"open","sticky":false,"template":"","format":"standard","meta":{"footnotes":""},"categories":[17,4],"tags":[],"class_list":["post-52286","post","type-post","status-publish","format-standard","has-post-thumbnail","hentry","category-colaboraciones","category-inicio"],"_links":{"self":[{"href":"https:\/\/amanecerhuasteco.com\/portal\/wp-json\/wp\/v2\/posts\/52286","targetHints":{"allow":["GET"]}}],"collection":[{"href":"https:\/\/amanecerhuasteco.com\/portal\/wp-json\/wp\/v2\/posts"}],"about":[{"href":"https:\/\/amanecerhuasteco.com\/portal\/wp-json\/wp\/v2\/types\/post"}],"author":[{"embeddable":true,"href":"https:\/\/amanecerhuasteco.com\/portal\/wp-json\/wp\/v2\/users\/1"}],"replies":[{"embeddable":true,"href":"https:\/\/amanecerhuasteco.com\/portal\/wp-json\/wp\/v2\/comments?post=52286"}],"version-history":[{"count":1,"href":"https:\/\/amanecerhuasteco.com\/portal\/wp-json\/wp\/v2\/posts\/52286\/revisions"}],"predecessor-version":[{"id":52288,"href":"https:\/\/amanecerhuasteco.com\/portal\/wp-json\/wp\/v2\/posts\/52286\/revisions\/52288"}],"wp:featuredmedia":[{"embeddable":true,"href":"https:\/\/amanecerhuasteco.com\/portal\/wp-json\/wp\/v2\/media\/52287"}],"wp:attachment":[{"href":"https:\/\/amanecerhuasteco.com\/portal\/wp-json\/wp\/v2\/media?parent=52286"}],"wp:term":[{"taxonomy":"category","embeddable":true,"href":"https:\/\/amanecerhuasteco.com\/portal\/wp-json\/wp\/v2\/categories?post=52286"},{"taxonomy":"post_tag","embeddable":true,"href":"https:\/\/amanecerhuasteco.com\/portal\/wp-json\/wp\/v2\/tags?post=52286"}],"curies":[{"name":"wp","href":"https:\/\/api.w.org\/{rel}","templated":true}]}}