{"id":5254,"date":"2014-02-06T15:39:16","date_gmt":"2014-02-06T21:39:16","guid":{"rendered":"http:\/\/amanecerhuasteco.com\/portal\/2014\/02\/06\/ritual-del-maiz-tendra-lugar-en-la-zona-arqueologica-tamtoc\/"},"modified":"2014-02-06T15:39:16","modified_gmt":"2014-02-06T21:39:16","slug":"ritual-del-maiz-tendra-lugar-en-la-zona-arqueologica-tamtoc","status":"publish","type":"post","link":"https:\/\/amanecerhuasteco.com\/portal\/ritual-del-maiz-tendra-lugar-en-la-zona-arqueologica-tamtoc\/","title":{"rendered":"\u201cRitual del Ma\u00edz\u201d tendr\u00e1 lugar en la  Zona Arqueol\u00f3gica \u201cTamtoc\u201d"},"content":{"rendered":"<p style=\"text-align: justify;\">\n<p style=\"text-align: justify;\">Tamuin S.L.P.- El pr\u00f3ximo 1 y 2 de Marzo del a\u00f1o en curso se llevara a cabo el tradicional evento denominado \u201cRitual del Ma\u00edz\u201d el cual es organizado por la Secretaria de Cultura del Estado, y CONACULTA, \u00a0a trav\u00e9s Direcci\u00f3n de Cultura y Turismo del Municipio, haciendo \u00a0una atenta invitaci\u00f3n a toda la Ciudadan\u00eda, ya que este a partir de las 10:00 horas, dicha celebraci\u00f3n se llevara a cabo en la zona arqueol\u00f3gica \u201cTamtoc\u201d en donde \u00a0se presentaran alrededor de 300 ind\u00edgenas represando a los Estados de Guanajuato, Hidalgo y San Luis Potos\u00ed.<\/p>\n<p style=\"text-align: justify;\">El evento consiste en presenciar los diferentes rituales y danzas de distintas etnias, los cuales llegan a prolongarse durante toda una noche.<\/p>\n<p style=\"text-align: justify;\">Por su parte el Prof. Antonio Cervantes Rodr\u00edguez, Director de Cultura y Turismo Municipal, menciono que en el lugar se contara con todas las medidas de seguridad policiaca, as\u00ed como con una ambulancia, para cualquier inconveniente que pueda ocurrir.<\/p>\n<p style=\"text-align: justify;\">De esta manera se hace la invitaci\u00f3n a toda la ciudadan\u00eda para que asistan a presenciar este evento cultural de gran importancia para nuestro municipio.<\/p>\n","protected":false},"excerpt":{"rendered":"<p>Tamuin S.L.P.- El pr\u00f3ximo 1 y 2 de Marzo del a\u00f1o en curso se llevara a cabo el tradicional evento denominado \u201cRitual del Ma\u00edz\u201d el cual es organizado por la Secretaria de Cultura del Estado, y CONACULTA, \u00a0a trav\u00e9s Direcci\u00f3n de Cultura y Turismo del &hellip; <\/p>\n","protected":false},"author":1,"featured_media":5253,"comment_status":"open","ping_status":"open","sticky":false,"template":"","format":"standard","meta":{"footnotes":""},"categories":[20],"tags":[],"class_list":["post-5254","post","type-post","status-publish","format-standard","has-post-thumbnail","hentry","category-tamuin"],"_links":{"self":[{"href":"https:\/\/amanecerhuasteco.com\/portal\/wp-json\/wp\/v2\/posts\/5254","targetHints":{"allow":["GET"]}}],"collection":[{"href":"https:\/\/amanecerhuasteco.com\/portal\/wp-json\/wp\/v2\/posts"}],"about":[{"href":"https:\/\/amanecerhuasteco.com\/portal\/wp-json\/wp\/v2\/types\/post"}],"author":[{"embeddable":true,"href":"https:\/\/amanecerhuasteco.com\/portal\/wp-json\/wp\/v2\/users\/1"}],"replies":[{"embeddable":true,"href":"https:\/\/amanecerhuasteco.com\/portal\/wp-json\/wp\/v2\/comments?post=5254"}],"version-history":[{"count":0,"href":"https:\/\/amanecerhuasteco.com\/portal\/wp-json\/wp\/v2\/posts\/5254\/revisions"}],"wp:featuredmedia":[{"embeddable":true,"href":"https:\/\/amanecerhuasteco.com\/portal\/wp-json\/wp\/v2\/media\/5253"}],"wp:attachment":[{"href":"https:\/\/amanecerhuasteco.com\/portal\/wp-json\/wp\/v2\/media?parent=5254"}],"wp:term":[{"taxonomy":"category","embeddable":true,"href":"https:\/\/amanecerhuasteco.com\/portal\/wp-json\/wp\/v2\/categories?post=5254"},{"taxonomy":"post_tag","embeddable":true,"href":"https:\/\/amanecerhuasteco.com\/portal\/wp-json\/wp\/v2\/tags?post=5254"}],"curies":[{"name":"wp","href":"https:\/\/api.w.org\/{rel}","templated":true}]}}