{"id":52563,"date":"2020-12-06T08:06:59","date_gmt":"2020-12-06T14:06:59","guid":{"rendered":"http:\/\/amanecerhuasteco.com\/portal\/?p=52563"},"modified":"2020-12-06T08:06:59","modified_gmt":"2020-12-06T14:06:59","slug":"se-debe-atender-el-problema-de-la-violencia-de-genero-en-san-luis-potosi-xavier-nava","status":"publish","type":"post","link":"https:\/\/amanecerhuasteco.com\/portal\/se-debe-atender-el-problema-de-la-violencia-de-genero-en-san-luis-potosi-xavier-nava\/","title":{"rendered":"Se debe atender el problema de la violencia de g\u00e9nero en San Luis Potos\u00ed: Xavier Nava"},"content":{"rendered":"<p>&nbsp;<\/p>\n<p>El precandidato del Partido Acci\u00f3n Nacional, Xavier Nava Palacios se\u00f1al\u00f3 la importancia de fortalecer en los 58 municipios los esquemas de atenci\u00f3n a la violencia de g\u00e9nero con una \u00f3ptica transversal.<br \/>\nIndic\u00f3 que la muerte violenta de las mujeres por razones de g\u00e9nero es la forma m\u00e1s extrema de violencia contra la mujer y una de las manifestaciones m\u00e1s graves de la discriminaci\u00f3n hacia ellas. El feminicidio es un delito que, por sus caracter\u00edsticas, merece atenci\u00f3n especial.<br \/>\nLa violencia contra las mujeres tiene su origen en la desigualdad de g\u00e9nero, es decir, en la posici\u00f3n de subordinaci\u00f3n, marginalidad y riesgo. En ese sentido, se tienen que tomar medidas muy espec\u00edficas para atender esta problem\u00e1tica.<br \/>\nUn ejemplo de lo que se tiene que hacer a nivel estatal, es la implementaci\u00f3n de puertas violetas, tal como se realiz\u00f3 en la capital para atender de primera mano a las mujeres violentadas.<br \/>\nAdem\u00e1s, propuso fortalecer los Centros de Justicia para Mujeres, as\u00ed como las Unidades de Atenci\u00f3n de Violencia de G\u00e9nero.<\/p>\n","protected":false},"excerpt":{"rendered":"<p>&nbsp; El precandidato del Partido Acci\u00f3n Nacional, Xavier Nava Palacios se\u00f1al\u00f3 la importancia de fortalecer en los 58 municipios los esquemas de atenci\u00f3n a la violencia de g\u00e9nero con una \u00f3ptica transversal. Indic\u00f3 que la muerte violenta de las mujeres por razones de g\u00e9nero es &hellip; <\/p>\n","protected":false},"author":1,"featured_media":52564,"comment_status":"open","ping_status":"open","sticky":false,"template":"","format":"standard","meta":{"footnotes":""},"categories":[7,11,4],"tags":[],"class_list":["post-52563","post","type-post","status-publish","format-standard","has-post-thumbnail","hentry","category-ciudad","category-estado","category-inicio"],"_links":{"self":[{"href":"https:\/\/amanecerhuasteco.com\/portal\/wp-json\/wp\/v2\/posts\/52563","targetHints":{"allow":["GET"]}}],"collection":[{"href":"https:\/\/amanecerhuasteco.com\/portal\/wp-json\/wp\/v2\/posts"}],"about":[{"href":"https:\/\/amanecerhuasteco.com\/portal\/wp-json\/wp\/v2\/types\/post"}],"author":[{"embeddable":true,"href":"https:\/\/amanecerhuasteco.com\/portal\/wp-json\/wp\/v2\/users\/1"}],"replies":[{"embeddable":true,"href":"https:\/\/amanecerhuasteco.com\/portal\/wp-json\/wp\/v2\/comments?post=52563"}],"version-history":[{"count":1,"href":"https:\/\/amanecerhuasteco.com\/portal\/wp-json\/wp\/v2\/posts\/52563\/revisions"}],"predecessor-version":[{"id":52565,"href":"https:\/\/amanecerhuasteco.com\/portal\/wp-json\/wp\/v2\/posts\/52563\/revisions\/52565"}],"wp:featuredmedia":[{"embeddable":true,"href":"https:\/\/amanecerhuasteco.com\/portal\/wp-json\/wp\/v2\/media\/52564"}],"wp:attachment":[{"href":"https:\/\/amanecerhuasteco.com\/portal\/wp-json\/wp\/v2\/media?parent=52563"}],"wp:term":[{"taxonomy":"category","embeddable":true,"href":"https:\/\/amanecerhuasteco.com\/portal\/wp-json\/wp\/v2\/categories?post=52563"},{"taxonomy":"post_tag","embeddable":true,"href":"https:\/\/amanecerhuasteco.com\/portal\/wp-json\/wp\/v2\/tags?post=52563"}],"curies":[{"name":"wp","href":"https:\/\/api.w.org\/{rel}","templated":true}]}}