{"id":53239,"date":"2021-01-06T10:30:59","date_gmt":"2021-01-06T16:30:59","guid":{"rendered":"http:\/\/amanecerhuasteco.com\/portal\/?p=53239"},"modified":"2021-01-06T10:30:59","modified_gmt":"2021-01-06T16:30:59","slug":"heroes-de-mexico-ni-el-agotamiento-doblega-al-personal-medico","status":"publish","type":"post","link":"https:\/\/amanecerhuasteco.com\/portal\/heroes-de-mexico-ni-el-agotamiento-doblega-al-personal-medico\/","title":{"rendered":"H\u00e9roes de M\u00e9xico, ni el agotamiento doblega al personal m\u00e9dico  \u00a0"},"content":{"rendered":"<p>&nbsp;<\/p>\n<p><strong>\u00a0<\/strong><\/p>\n<p>&nbsp;<\/p>\n<ul>\n<li><strong>M\u00e1s de dos mil trabajadores de la salud fallecieron a causa de Covid-19<\/strong><\/li>\n<li><strong>Para el 2021 se tiene considerado un plan de regularizaci\u00f3n de m\u00e1s de 17,000 profesionales de la salud<\/strong><\/li>\n<\/ul>\n<p>San Luis Potos\u00ed.- Despedimos un a\u00f1o amargo. La pandemia golpe\u00f3 a la humanidad y aunque no solamente sac\u00f3 a relucir lo m\u00e1s mezquino de algunos personajes de la pol\u00edtica mundial, tambi\u00e9n hizo a la gente m\u00e1s solidaria. Sobre todo, hay que reconocer la labor de los galenos y dem\u00e1s personal m\u00e9dico, que en incontables ocasiones dieron la vida por salvar la de otros.<\/p>\n<p>En M\u00e9xico, para mediados del a\u00f1o ya se contaban m\u00e1s de mil 300 profesionales de la salud que perdieron la vida a causa de Covid-19, seg\u00fan cifras del Amnist\u00eda Internacional. En el mundo, para esas fechas, fueron casi siete mil quienes fallecieron tratando de salvar vidas.<\/p>\n<p>Para fin de a\u00f1o la cifra se duplic\u00f3, la Secretar\u00eda de Salud report\u00f3 que, hasta el 14 de diciembre, 170 mil 189 trabajadores m\u00e9dicos se han contagiado y 2 mil 259 fallecieron por Covid-19. El personal infectado representa el 13.5 por ciento del total de casos en el pa\u00eds. El reporte se\u00f1al\u00f3 que del total de contagios el 41 por ciento son trabajadores del \u00e1rea de enfermer\u00eda y el 48 por ciento de quienes fallecieron eran m\u00e9dicos. Entre las v\u00edctimas, adem\u00e1s de los m\u00e9dicos y m\u00e9dicas, destaca personal de enfermer\u00eda, radi\u00f3logos, promotores de salud y personal administrativo en \u00e1reas de salud.<\/p>\n<p>La Ciudad de M\u00e9xico, Estado de M\u00e9xico, Veracruz, Puebla, Tabasco, Jalisco, Guanajuato, Tamaulipas, Chihuahua y Sonora, concentran el 62 por ciento de las defunciones de personal m\u00e9dico.<\/p>\n<p>El repunte de la pandemia seguir\u00e1 despu\u00e9s de los festejos de Navidad y A\u00f1o Nuevo. Aunque parezca incre\u00edble, el aumento de casos se debe a que muchos tienen que salir a buscar sustento, pero tambi\u00e9n a que otros participan en reuniones o realizan actividades no necesarias. En las \u00faltimas semanas vimos las filas para conseguir ox\u00edgeno y cientos de personas afuera de los hospitales, esperando informaci\u00f3n de alg\u00fan familiar internado de emergencia y ni con esas escenas disminuye la afluencia en las calles.<\/p>\n<p>Hace falta empat\u00eda para el personal de salud que ya no se da abasto con los brotes del contagio. Desde mediados de a\u00f1o ya est\u00e1n agotados. El Valle de M\u00e9xico, que es de los m\u00e1s saturados, recibi\u00f3 a m\u00e9dicos de otras entidades para atender la emergencia. El titular del Instituto de Salud para el Bienestar (Insabi), Juan Ferrer, explic\u00f3 que la dependencia que encabeza ha contratado y reclutado 18,886 trabajadores, destinados a la atenci\u00f3n exclusiva de la COVID-19 en 30 entidades.<\/p>\n<p>Detall\u00f3 que se han transferido recursos para la contrataci\u00f3n de 4,029 plazas en los institutos nacionales de alta especialidad, 4,331 plazas para el ISSSTE, lo que suma un total de 27,246 plazas autorizadas de personal m\u00e9dico, param\u00e9dico y afines.<\/p>\n<p>Asimismo, anunci\u00f3 que se tiene considerado un plan de regularizaci\u00f3n de m\u00e1s de 17,000 trabajadores para el pr\u00f3ximo a\u00f1o, que son los que autoriz\u00f3 Hacienda, pero que para 2024, se contempla la regularizaci\u00f3n de m\u00e1s de 80,000 trabajadores de la salud.<\/p>\n<p>Con la llegada de la vacuna podemos respirar m\u00e1s tranquilos. Sin embargo, se tendr\u00e1 que esperar para que comience a regularizarse la vida en el pa\u00eds. El Instituto Mexicano del Seguro Social (IMSS) inici\u00f3 la estrategia \u201cOperaci\u00f3n Chapultepec\u201d, para dar apoyo al personal m\u00e9dico en las regiones m\u00e1s afectadas por la epidemia.<\/p>\n<p>El fin de semana pasado comenz\u00f3 la segunda jornada de vacunaci\u00f3n contra coronavirus, dando prioridad al personal de salud y el resto de la poblaci\u00f3n en grupos por edad, de 80 y m\u00e1s a\u00f1os, de 70 a 79 a\u00f1os, de 60 a 69 a\u00f1os, de 50 a 59 a\u00f1os, de 40 a 49 a\u00f1os y finalmente la poblaci\u00f3n menor de 40 a\u00f1os.<\/p>\n<p>Ya hubo quien quiso aprovechar su posici\u00f3n y se salt\u00f3 la norma. El director del Centro M\u00e9dico \u201cLic. Adolfo L\u00f3pez Mateos\u201d, de Toluca, Estado de M\u00e9xico, Jos\u00e9 Rogel Romero, fue separado del cargo luego de que se diera a conocer el uso indebido de vacunas contra covid-19 al beneficiar a su familia con dosis. El presidente Andr\u00e9s Manuel L\u00f3pez Obrador record\u00f3 que no se permitir\u00e1 el influyentismo.<\/p>\n<p>Sin embargo, no ha sido el \u00fanico caso. En Coahuila tambi\u00e9n se habr\u00edan colado 29 funcionarios para vacunarse, de acuerdo con reportes de diarios locales, los cuales detallaron que entre las personas inyectadas hab\u00eda gente que no atend\u00eda a pacientes COVID-19, como el caso del doctor Alejandro Silva, quien brill\u00f3 no por su profesionalismo, sino por el hecho de que recibi\u00f3 la vacuna contra el coronavirus aun cuando su especialidad es la oftalmolog\u00eda, por la cual no puede ser catalogado como personal de salud de primera l\u00ednea en la lucha contra la enfermedad.<\/p>\n<p>El personal de salud en primera l\u00ednea de batalla contra la Covid-19 son h\u00e9roes. En pocas ocasiones se les ve el rostro, pero eso no impide que quienes estuvieron en sus manos y pueden contarlo est\u00e9n agradecidos con ellos. Es un fin de a\u00f1o triste para muchos y el que inicia ser\u00e1 complicado. Sin embargo, a los mexicanos los caracteriza su tenacidad para superar los momentos dif\u00edciles.<\/p>\n<p>&#8212;<\/p>\n<p>&nbsp;<\/p>\n<p>&nbsp;<\/p>\n","protected":false},"excerpt":{"rendered":"<p>&nbsp; \u00a0 &nbsp; M\u00e1s de dos mil trabajadores de la salud fallecieron a causa de Covid-19 Para el 2021 se tiene considerado un plan de regularizaci\u00f3n de m\u00e1s de 17,000 profesionales de la salud San Luis Potos\u00ed.- Despedimos un a\u00f1o amargo. La pandemia golpe\u00f3 a &hellip; <\/p>\n","protected":false},"author":1,"featured_media":53240,"comment_status":"open","ping_status":"open","sticky":false,"template":"","format":"standard","meta":{"footnotes":""},"categories":[7,11,4,12],"tags":[],"class_list":["post-53239","post","type-post","status-publish","format-standard","has-post-thumbnail","hentry","category-ciudad","category-estado","category-inicio","category-nacional"],"_links":{"self":[{"href":"https:\/\/amanecerhuasteco.com\/portal\/wp-json\/wp\/v2\/posts\/53239","targetHints":{"allow":["GET"]}}],"collection":[{"href":"https:\/\/amanecerhuasteco.com\/portal\/wp-json\/wp\/v2\/posts"}],"about":[{"href":"https:\/\/amanecerhuasteco.com\/portal\/wp-json\/wp\/v2\/types\/post"}],"author":[{"embeddable":true,"href":"https:\/\/amanecerhuasteco.com\/portal\/wp-json\/wp\/v2\/users\/1"}],"replies":[{"embeddable":true,"href":"https:\/\/amanecerhuasteco.com\/portal\/wp-json\/wp\/v2\/comments?post=53239"}],"version-history":[{"count":1,"href":"https:\/\/amanecerhuasteco.com\/portal\/wp-json\/wp\/v2\/posts\/53239\/revisions"}],"predecessor-version":[{"id":53241,"href":"https:\/\/amanecerhuasteco.com\/portal\/wp-json\/wp\/v2\/posts\/53239\/revisions\/53241"}],"wp:featuredmedia":[{"embeddable":true,"href":"https:\/\/amanecerhuasteco.com\/portal\/wp-json\/wp\/v2\/media\/53240"}],"wp:attachment":[{"href":"https:\/\/amanecerhuasteco.com\/portal\/wp-json\/wp\/v2\/media?parent=53239"}],"wp:term":[{"taxonomy":"category","embeddable":true,"href":"https:\/\/amanecerhuasteco.com\/portal\/wp-json\/wp\/v2\/categories?post=53239"},{"taxonomy":"post_tag","embeddable":true,"href":"https:\/\/amanecerhuasteco.com\/portal\/wp-json\/wp\/v2\/tags?post=53239"}],"curies":[{"name":"wp","href":"https:\/\/api.w.org\/{rel}","templated":true}]}}