{"id":54807,"date":"2021-03-03T22:03:10","date_gmt":"2021-03-04T04:03:10","guid":{"rendered":"http:\/\/amanecerhuasteco.com\/portal\/?p=54807"},"modified":"2021-03-03T22:48:56","modified_gmt":"2021-03-04T04:48:56","slug":"vallenses-arrancaran-campana-con-ricardo-gallardo-de-manera-virtual","status":"publish","type":"post","link":"https:\/\/amanecerhuasteco.com\/portal\/vallenses-arrancaran-campana-con-ricardo-gallardo-de-manera-virtual\/","title":{"rendered":"Vallenses arrancar\u00e1n campa\u00f1a con Ricardo Gallardo de manera virtual"},"content":{"rendered":"<p>&nbsp;<\/p>\n<p>Ciudad Valles.- Con ayuda de la tecnolog\u00eda y cuidando en todo momento las medidas sanitarias que implican el sem\u00e1foro epidemiol\u00f3gico, el primer minuto de este 5 de marzo, los vallenses podr\u00e1n participar en el arranque de campa\u00f1a del candidato a la gubernatura del estado Ricardo Gallardo Cardona.<\/p>\n<p>Ser\u00e1 en un encuentro que se llevar\u00e1 a cabo en un estacionamiento ubicado a un costado de la avenida Universidad, junto al Club de Leones, que los simpatizantes de la coalici\u00f3n Juntos Haremos Historia podr\u00e1n presenciar v\u00eda Zoom, el arranque oficial de campa\u00f1a que tendr\u00e1 sede en la capital potosina en el primer minuto del viernes.<\/p>\n<p>Cabe se\u00f1alar que los partidos que integran la coalici\u00f3n, PVEM y PT, hicieron un llamado a la militancia que desee participar para que respeten en todo momento el uso de cubrebocas, la sana distancia, as\u00ed como el uso del gel antibacterial que se repartir\u00e1 en los accesos al sitio.<\/p>\n<p>&#8212;<\/p>\n","protected":false},"excerpt":{"rendered":"<p>&nbsp; Ciudad Valles.- Con ayuda de la tecnolog\u00eda y cuidando en todo momento las medidas sanitarias que implican el sem\u00e1foro epidemiol\u00f3gico, el primer minuto de este 5 de marzo, los vallenses podr\u00e1n participar en el arranque de campa\u00f1a del candidato a la gubernatura del estado &hellip; <\/p>\n","protected":false},"author":1,"featured_media":54808,"comment_status":"open","ping_status":"open","sticky":false,"template":"","format":"standard","meta":{"footnotes":""},"categories":[25,7,11,4,26,5,24,21,20],"tags":[],"class_list":["post-54807","post","type-post","status-publish","format-standard","has-post-thumbnail","hentry","category-aquismon","category-ciudad","category-estado","category-inicio","category-matlapa","category-politica","category-san-vicente","category-tamasopo","category-tamuin"],"_links":{"self":[{"href":"https:\/\/amanecerhuasteco.com\/portal\/wp-json\/wp\/v2\/posts\/54807","targetHints":{"allow":["GET"]}}],"collection":[{"href":"https:\/\/amanecerhuasteco.com\/portal\/wp-json\/wp\/v2\/posts"}],"about":[{"href":"https:\/\/amanecerhuasteco.com\/portal\/wp-json\/wp\/v2\/types\/post"}],"author":[{"embeddable":true,"href":"https:\/\/amanecerhuasteco.com\/portal\/wp-json\/wp\/v2\/users\/1"}],"replies":[{"embeddable":true,"href":"https:\/\/amanecerhuasteco.com\/portal\/wp-json\/wp\/v2\/comments?post=54807"}],"version-history":[{"count":2,"href":"https:\/\/amanecerhuasteco.com\/portal\/wp-json\/wp\/v2\/posts\/54807\/revisions"}],"predecessor-version":[{"id":54810,"href":"https:\/\/amanecerhuasteco.com\/portal\/wp-json\/wp\/v2\/posts\/54807\/revisions\/54810"}],"wp:featuredmedia":[{"embeddable":true,"href":"https:\/\/amanecerhuasteco.com\/portal\/wp-json\/wp\/v2\/media\/54808"}],"wp:attachment":[{"href":"https:\/\/amanecerhuasteco.com\/portal\/wp-json\/wp\/v2\/media?parent=54807"}],"wp:term":[{"taxonomy":"category","embeddable":true,"href":"https:\/\/amanecerhuasteco.com\/portal\/wp-json\/wp\/v2\/categories?post=54807"},{"taxonomy":"post_tag","embeddable":true,"href":"https:\/\/amanecerhuasteco.com\/portal\/wp-json\/wp\/v2\/tags?post=54807"}],"curies":[{"name":"wp","href":"https:\/\/api.w.org\/{rel}","templated":true}]}}