{"id":54832,"date":"2021-03-05T01:05:38","date_gmt":"2021-03-05T07:05:38","guid":{"rendered":"http:\/\/amanecerhuasteco.com\/portal\/?p=54832"},"modified":"2021-03-05T01:05:38","modified_gmt":"2021-03-05T07:05:38","slug":"a-combatir-desigualdad-y-garantizar-la-paz-de-los-potosinos-llama-monica-rangel-en-su-inicio-de-campana","status":"publish","type":"post","link":"https:\/\/amanecerhuasteco.com\/portal\/a-combatir-desigualdad-y-garantizar-la-paz-de-los-potosinos-llama-monica-rangel-en-su-inicio-de-campana\/","title":{"rendered":"A combatir desigualdad y garantizar la paz de los potosinos, llama M\u00f3nica Rangel en su inicio de campa\u00f1a."},"content":{"rendered":"<p>&nbsp;<\/p>\n<p>Acompa\u00f1ada por Senadores, Diputados Federales y locales, as\u00ed como por militantes y seguidores de Morena, la Doctora M\u00f3nica Liliana Rangel Mart\u00ednez inici\u00f3 su campa\u00f1a rumbo a la gubernatura de San Luis Potos\u00ed en el primer minuto de este viernes 5 de marzo.<\/p>\n<p>En su discurso, afirm\u00f3 que de llegar a la Jefatura del Ejecutivo garantizar\u00e1 la coordinaci\u00f3n y la conciliaci\u00f3n entre el Gobierno Federal, el Estado y los Municipios, siempre de la mano del Presidente Andr\u00e9s Manuel L\u00f3pez Obrador y de la mano de cada mujer, cada hombre, cada ni\u00f1o, cada familia y de los pueblos ind\u00edgenas de San Luis Potos\u00ed.<\/p>\n<p>La candidata a Gobernadora del Estado se comprometi\u00f3 a garantizar una administraci\u00f3n austera, sin privilegios, que le sirva a la gente y que favorezca a los grupos m\u00e1s necesitados del estado. \u00abEstoy orgullosa de abanderar el proyecto de Morena para que con el apoyo de los militantes y simpatizantes, de hombres y mujeres que aman San Luis Potos\u00ed, por primera vez tengamos en estos tiempo una mujer que trabaje como gobernadora\u00bb, puntualiz\u00f3.<\/p>\n<p>As\u00ed mismo, subray\u00f3 que a ella le ha tocado ser portavoz de la lucha de muchas mujeres en la historia. \u00abTengo la responsabilidad y el privilegio de abrir la brecha y generar las oportunidades negadas durante siglos, a muchas mujeres, para que la igualdad sea una realidad para las generaciones que vienen. No vengo por elecciones, vengo por generaciones\u00bb.<\/p>\n<p>La Doctora Rangel Mart\u00ednez se comprometi\u00f3 a integrar un gabinete de Gobierno con los mejores hombres y con las mejores mujeres. Adem\u00e1s anunci\u00f3 los tres pilares fundamentales de su Gobierno. Uno de ellos ser\u00e1 implementar el programa \u00abMujeres Juntos\u00bb, mediante el cual se reconocer\u00e1 el esfuerzo y el lugar de las mujeres. \u00abNunca m\u00e1s una mujer sola, nunca m\u00e1s la preocupaci\u00f3n por un trabajo, por donde dejar a tus hijos, por caminar sola en la calle. Nunca m\u00e1s el miedo de que nuestras hijas no regresen a casa. Nunca m\u00e1s una mujer golpeada, nunca m\u00e1s una mujer muerta\u00bb, adelant\u00f3.<\/p>\n<p>Otro de los pilares de su Gobierno ser\u00e1 proteger y crear buenos empleos, fomentando la inversi\u00f3n p\u00fablica y privada con los buenos empresarios. \u00abApoyaremos a las y los emprendedores para que cada familia haciendo equipo con el gobierno, pueda atender la salud, la educaci\u00f3n de sus hijos y garantizar el bienestar para que las familias de San Luis Potos\u00ed sean felices\u00bb, se\u00f1al\u00f3.<\/p>\n<p>Y el tercer pilar de su Gobierno consistir\u00e1 en garantizar la paz social con justicia. \u00abRecuperemos la tranquilidad que merecemos. Recuperemos nuestras calles, nuestros parques. Daremos un combate frontal a la inseguridad. Desde sus causas: la desigualdad, previniendo cualquier tipo de violencia y la falta de oportunidades. La educaci\u00f3n es desarrollo, ninguna ni\u00f1a y ni\u00f1o va a quedar atr\u00e1s, vamos a devolver la educaci\u00f3n c\u00edvica, iniciando por las escuelas. Contendremos la delincuencia, de que se puede se puede\u00bb, apunt\u00f3 la Doctora Rangel Mart\u00ednez.<\/p>\n<p>Con ello, enfatiz\u00f3, las y los potosinos estemos a otro nivel, en el lugar que merecemos. \u00abSi trabajamos juntas y trabajamos todos, si tenemos buenos empleos, buenos empresarios, si combatimos de frente la inseguridad, con justicia, tendremos excelente salud, excelente educaci\u00f3n excelente alimentaci\u00f3n, tranquilidad y podremos vivir en paz. Vamos a combatir con mano firme la inseguridad y la delincuencia, ser\u00e1n atacados de manera frontal. Tenemos que recuperar las calles, que son nuestras y de nuestras familias. Nunca m\u00e1s vamos a permitir que maten a un potosino en la calle. Nunca puede volver a pasar eso. Y as\u00ed, la Cuarta Transformaci\u00f3n ser\u00e1 una realidad en San Luis Potos\u00ed\u00bb, puntualiz\u00f3.<\/p>\n<p>Al referirse a la situaci\u00f3n de emergencia sanitaria en que se desarrolla la contienda electoral, la Doctora Rangel Mart\u00ednez pidi\u00f3 a la poblaci\u00f3n y a sus seguidores cuidarse todas y todos. \u00abVamos a ser parte de la soluci\u00f3n para salir lo antes posible de esto, vamos a cuidarnos todas y todos. Cada acci\u00f3n que realicemos en esta campa\u00f1a ser\u00e1 de manera responsable. Nada por encima de la vida y la salud de la gente. Arrancamos en el primer minuto que la ley nos permite, para acercarnos a la gente, a tocar tu coraz\u00f3n. No queremos perder un solo minuto para escucharte\u00bb, dijo.<\/p>\n<p>Tambi\u00e9n mencion\u00f3 que el inicio de su campa\u00f1a en la Plaza de Aranzaz\u00fa fue transmitido en vivo a trav\u00e9s de redes sociales digitales, como un acto de absoluta responsabilidad, \u00abporque que la salud y el bienestar de la gente es mi prioridad\u00bb. Y sostuvo: \u00abEsta pandemia nos ha recordado que lo m\u00e1s importante es la vida y la salud de las personas. El cambio verdadero s\u00f3lo esta en Morena\u00bb.<\/p>\n","protected":false},"excerpt":{"rendered":"<p>&nbsp; Acompa\u00f1ada por Senadores, Diputados Federales y locales, as\u00ed como por militantes y seguidores de Morena, la Doctora M\u00f3nica Liliana Rangel Mart\u00ednez inici\u00f3 su campa\u00f1a rumbo a la gubernatura de San Luis Potos\u00ed en el primer minuto de este viernes 5 de marzo. En su &hellip; <\/p>\n","protected":false},"author":1,"featured_media":54833,"comment_status":"open","ping_status":"open","sticky":false,"template":"","format":"standard","meta":{"footnotes":""},"categories":[25,14,28,29,7,22,11,15,16,4,44,26,10,12,5,30,31,42,21,20,43,32],"tags":[],"class_list":["post-54832","post","type-post","status-publish","format-standard","has-post-thumbnail","hentry","category-aquismon","category-caneros","category-cnc","category-cnpr","category-ciudad","category-ebano","category-estado","category-ganaderos","category-ingenios","category-inicio","category-matehuala","category-matlapa","category-municipios","category-nacional","category-politica","category-rioverde","category-sanluispotosi","category-soledad","category-tamasopo","category-tamuin","category-villa-de-reyes","category-xilitla"],"_links":{"self":[{"href":"https:\/\/amanecerhuasteco.com\/portal\/wp-json\/wp\/v2\/posts\/54832","targetHints":{"allow":["GET"]}}],"collection":[{"href":"https:\/\/amanecerhuasteco.com\/portal\/wp-json\/wp\/v2\/posts"}],"about":[{"href":"https:\/\/amanecerhuasteco.com\/portal\/wp-json\/wp\/v2\/types\/post"}],"author":[{"embeddable":true,"href":"https:\/\/amanecerhuasteco.com\/portal\/wp-json\/wp\/v2\/users\/1"}],"replies":[{"embeddable":true,"href":"https:\/\/amanecerhuasteco.com\/portal\/wp-json\/wp\/v2\/comments?post=54832"}],"version-history":[{"count":1,"href":"https:\/\/amanecerhuasteco.com\/portal\/wp-json\/wp\/v2\/posts\/54832\/revisions"}],"predecessor-version":[{"id":54834,"href":"https:\/\/amanecerhuasteco.com\/portal\/wp-json\/wp\/v2\/posts\/54832\/revisions\/54834"}],"wp:featuredmedia":[{"embeddable":true,"href":"https:\/\/amanecerhuasteco.com\/portal\/wp-json\/wp\/v2\/media\/54833"}],"wp:attachment":[{"href":"https:\/\/amanecerhuasteco.com\/portal\/wp-json\/wp\/v2\/media?parent=54832"}],"wp:term":[{"taxonomy":"category","embeddable":true,"href":"https:\/\/amanecerhuasteco.com\/portal\/wp-json\/wp\/v2\/categories?post=54832"},{"taxonomy":"post_tag","embeddable":true,"href":"https:\/\/amanecerhuasteco.com\/portal\/wp-json\/wp\/v2\/tags?post=54832"}],"curies":[{"name":"wp","href":"https:\/\/api.w.org\/{rel}","templated":true}]}}