{"id":54836,"date":"2021-03-05T02:12:30","date_gmt":"2021-03-05T08:12:30","guid":{"rendered":"http:\/\/amanecerhuasteco.com\/portal\/?p=54836"},"modified":"2021-03-05T02:12:30","modified_gmt":"2021-03-05T08:12:30","slug":"con-total-preferencia-ciudadana-arranca-el-pollo-gallardo-su-campana-a-la-gubernatura","status":"publish","type":"post","link":"https:\/\/amanecerhuasteco.com\/portal\/con-total-preferencia-ciudadana-arranca-el-pollo-gallardo-su-campana-a-la-gubernatura\/","title":{"rendered":"Con total preferencia ciudadana arranca el \u00abPollo\u00bb Gallardo su campa\u00f1a a la gubernatura"},"content":{"rendered":"<p style=\"padding-left: 30px;\"><span style=\"font-size: 1rem;\">\u201cGOBERNAR\u00c9 CON JUSTICIA E IGUALDAD, CON LA SABIDUR\u00cdA DEL PUEBLO PARA QUE LAS Y LOS POTOSINOS VIVAMOS SIN MIEDO\u201d, EXCLAM\u00d3 ANTE GENTE DE TODO EL ESTADO<\/span><\/p>\n<p>En el primer minuto de este viernes, desde el Barrio de San Miguelito, Jos\u00e9 Ricardo Gallardo Cardona encendi\u00f3 la maquinaria de la coalici\u00f3n \u201cJuntos Haremos Historia\u201d, con la que recorrer\u00e1 todos los rincones de San Luis Potos\u00ed en esta competici\u00f3n electoral 2021, para unir y sumar a las y los potosinos, \u201cy juntos llegar a la Gubernatura del Estado este 6 de junio\u201d.<br \/>\nEn el evento realizado en uno de los barrios emblem\u00e1ticos de la capital potosina, la Coordinaci\u00f3n de la Campa\u00f1a despleg\u00f3 una estrategia de protecci\u00f3n sanitaria para los asistentes, quienes en todo momento siguieron las indicaciones de brigadistas y el personal de apoyo, quienes en todo momento, supervisaron la correcta aplicaci\u00f3n de las medidas de protecci\u00f3n.<br \/>\nAcompa\u00f1ado de hombres y mujeres, j\u00f3venes, acad\u00e9micos, comerciantes y profesionistas, el candidato del Partido Verde Ecologista de M\u00e9xico (PVEM) y del Partido del Trabajo (PT), ofreci\u00f3 la reconstrucci\u00f3n de la paz y la seguridad en San Luis Potos\u00ed, reforzar el sistema de salud, vilipendiado por la actual administraci\u00f3n estatal y eliminar abusivos impuestos estatales como derechos vehiculares y licencias de conducir.<br \/>\n\u201cQuiero ser gobernador porque s\u00e9 c\u00f3mo podemos estar mejor en el futuro, para que todas y todos vivamos sin miedo\u201d, expres\u00f3 en \u201cPollo\u201d Gallardo a los militantes y simpatizantes de su causa, a la que se han ido sumando importantes liderazgos de otros partidos pol\u00edticos de la entidad, porque creen en su capacidad y en su fuerza de voluntad para transformar al gobierno del Estado en uno capaz de servir, proteger y beneficiar a sus gobernados.<br \/>\nConvencidos del triunfo de todas y todos sus candidatos a puestos de elecci\u00f3n popular en la entidad potosina, la l\u00edder nacional del PVEM, Karen Castrej\u00f3n Trujillo y Francisco Elizondo Garrido, Delegado Nacional en funciones de Secretario General de dicho partido en el territorio potosino, alzaron la mano de Gallardo Cardona y manifestaron todo su respaldo para que su campa\u00f1a sea \u201cla m\u00e1s propositiva, transparente y persistente de este proceso electoral 2021\u201d. Tambi\u00e9n lo acompa\u00f1aron liderazgos locales y nacionales del Partido Verde como Arturo Escobar y Vega y Carlos Alberto Puente Salas.<br \/>\n\u201cEstamos hartos de la inseguridad, de la pobreza, la desigualdad y los privilegios para unos pocos. A partir del momento en que las y los potosinos asumamos a gubernatura dejaremos de vivir sin miedo, \u00a1lo vamos a lograr!\u201d, dijo finalmente el \u201cPollo\u201d Gallardo, dibujando la \u201cV\u201d de victoria en su mano, ante el oleaje de las banderas verdes y rojas que cobijaron al candidato de \u201cJuntos Haremos Historia\u201d en su primer acto de campa\u00f1a.<\/p>\n<p>Coordinaci\u00f3n de Comunicaci\u00f3n de Campa\u00f1a<\/p>\n","protected":false},"excerpt":{"rendered":"<p>\u201cGOBERNAR\u00c9 CON JUSTICIA E IGUALDAD, CON LA SABIDUR\u00cdA DEL PUEBLO PARA QUE LAS Y LOS POTOSINOS VIVAMOS SIN MIEDO\u201d, EXCLAM\u00d3 ANTE GENTE DE TODO EL ESTADO En el primer minuto de este viernes, desde el Barrio de San Miguelito, Jos\u00e9 Ricardo Gallardo Cardona encendi\u00f3 la &hellip; <\/p>\n","protected":false},"author":1,"featured_media":54837,"comment_status":"open","ping_status":"open","sticky":false,"template":"","format":"standard","meta":{"footnotes":""},"categories":[13,25,14,28,29,7,22,11,15,16,4,44,26,10,12,5,30,31,24,42,21,20,43,32],"tags":[],"class_list":["post-54836","post","type-post","status-publish","format-standard","has-post-thumbnail","hentry","category-agropecuaria","category-aquismon","category-caneros","category-cnc","category-cnpr","category-ciudad","category-ebano","category-estado","category-ganaderos","category-ingenios","category-inicio","category-matehuala","category-matlapa","category-municipios","category-nacional","category-politica","category-rioverde","category-sanluispotosi","category-san-vicente","category-soledad","category-tamasopo","category-tamuin","category-villa-de-reyes","category-xilitla"],"_links":{"self":[{"href":"https:\/\/amanecerhuasteco.com\/portal\/wp-json\/wp\/v2\/posts\/54836","targetHints":{"allow":["GET"]}}],"collection":[{"href":"https:\/\/amanecerhuasteco.com\/portal\/wp-json\/wp\/v2\/posts"}],"about":[{"href":"https:\/\/amanecerhuasteco.com\/portal\/wp-json\/wp\/v2\/types\/post"}],"author":[{"embeddable":true,"href":"https:\/\/amanecerhuasteco.com\/portal\/wp-json\/wp\/v2\/users\/1"}],"replies":[{"embeddable":true,"href":"https:\/\/amanecerhuasteco.com\/portal\/wp-json\/wp\/v2\/comments?post=54836"}],"version-history":[{"count":1,"href":"https:\/\/amanecerhuasteco.com\/portal\/wp-json\/wp\/v2\/posts\/54836\/revisions"}],"predecessor-version":[{"id":54838,"href":"https:\/\/amanecerhuasteco.com\/portal\/wp-json\/wp\/v2\/posts\/54836\/revisions\/54838"}],"wp:featuredmedia":[{"embeddable":true,"href":"https:\/\/amanecerhuasteco.com\/portal\/wp-json\/wp\/v2\/media\/54837"}],"wp:attachment":[{"href":"https:\/\/amanecerhuasteco.com\/portal\/wp-json\/wp\/v2\/media?parent=54836"}],"wp:term":[{"taxonomy":"category","embeddable":true,"href":"https:\/\/amanecerhuasteco.com\/portal\/wp-json\/wp\/v2\/categories?post=54836"},{"taxonomy":"post_tag","embeddable":true,"href":"https:\/\/amanecerhuasteco.com\/portal\/wp-json\/wp\/v2\/tags?post=54836"}],"curies":[{"name":"wp","href":"https:\/\/api.w.org\/{rel}","templated":true}]}}