{"id":55489,"date":"2021-03-28T17:23:53","date_gmt":"2021-03-28T23:23:53","guid":{"rendered":"http:\/\/amanecerhuasteco.com\/portal\/?p=55489"},"modified":"2021-03-28T17:23:53","modified_gmt":"2021-03-28T23:23:53","slug":"el-pollo-gallardo-se-compromete-con-el-altiplano","status":"publish","type":"post","link":"https:\/\/amanecerhuasteco.com\/portal\/el-pollo-gallardo-se-compromete-con-el-altiplano\/","title":{"rendered":"El Pollo Gallardo se compromete con el Altiplano"},"content":{"rendered":"<p>\u2022 En gira de campa\u00f1a se reuni\u00f3 con diversos sectores que le expresaron su apoyo de cara a las elecciones del pr\u00f3ximo 6 de junio<br \/>\nEn gira de campa\u00f1a por el Altiplano, el candidato a gobernador por la coalici\u00f3n \u201cJuntos Haremos Historia\u201d, Jos\u00e9 Ricardo Gallardo Cardona, sostuvo reuniones con diversos sectores, como empresarios, comerciantes, estudiantes y acad\u00e9micos de Matehuala, Charcas y Cedral, a quienes escuch\u00f3 y propuso diversas acciones para solucionar la exclusi\u00f3n y la falta de oportunidades, adem\u00e1s de que se comprometi\u00f3 a resolver sus problemas desde el gobierno del Estado.<br \/>\nEn Matehuala, ante una multitud, el \u201cPollo\u201d Gallardo ampli\u00f3 su propuesta de beneficiar a las y los estudiantes de la capital y su zona metropolitana con transporte gratuito: \u201caqu\u00ed tambi\u00e9n subsidiaremos el transporte p\u00fablico para ellos\u201d.<br \/>\nAdem\u00e1s, el candidato, quien volvi\u00f3 a caminar acompa\u00f1ado de familias del Altiplano por las principales calles de Matehuala, refrend\u00f3 su compromiso de construir el Hospital de Especialidades M\u00e9dicas y una Universidad que brindar\u00e1n servicio gratuito a quienes lo requieran: \u201cel Altiplano jam\u00e1s volver\u00e1 a estar solo\u201d, exclam\u00f3.<br \/>\nNuevamente, la ola verde liderada por Gallardo Cardona, dej\u00f3 patentado su poder de convocatoria en el Altiplano, donde las familias le reconocieron como un joven comprometido con la gente pobre y en resolver las grandes necesidades de San Luis Potos\u00ed.<br \/>\nEn Charcas, el joven candidato del Partido Verde Ecologista de M\u00e9xico (PVEM) y Partido del Trabajo (PT) al gobierno del Estado, dialog\u00f3 con empresarios, comerciantes, estudiantes y acad\u00e9micos, quienes le manifestaron su apoyo este 6 de junio y le solicitaron reactivar el comercio e instaurar la Feria del Mezcal y la Gordita a fin de promover el turismo.<br \/>\nDe igual forma, acad\u00e9micos le solicitaron apoyo para continuar desarrollando proyectos a\u00e9reo-espaciales, ya que el Altiplano ha sido escenario de una tradici\u00f3n t\u00e9cnica-cient\u00edfica con nulo apoyo institucional a la fecha. Mientras que en el Municipio de Cedral, Gallardo Cardona asegur\u00f3 que el presupuesto estatal se repartir\u00e1 de manera equitativa entre los 58 municipios.<\/p>\n","protected":false},"excerpt":{"rendered":"<p>\u2022 En gira de campa\u00f1a se reuni\u00f3 con diversos sectores que le expresaron su apoyo de cara a las elecciones del pr\u00f3ximo 6 de junio En gira de campa\u00f1a por el Altiplano, el candidato a gobernador por la coalici\u00f3n \u201cJuntos Haremos Historia\u201d, Jos\u00e9 Ricardo Gallardo &hellip; <\/p>\n","protected":false},"author":1,"featured_media":55490,"comment_status":"open","ping_status":"open","sticky":false,"template":"","format":"standard","meta":{"footnotes":""},"categories":[13,25,14,28,29,7,8,22,15,16,4,44,26,10,12,6,5,30,31,24,9,42,20,43,32],"tags":[],"class_list":["post-55489","post","type-post","status-publish","format-standard","has-post-thumbnail","hentry","category-agropecuaria","category-aquismon","category-caneros","category-cnc","category-cnpr","category-ciudad","category-deportes","category-ebano","category-ganaderos","category-ingenios","category-inicio","category-matehuala","category-matlapa","category-municipios","category-nacional","category-noticias","category-politica","category-rioverde","category-sanluispotosi","category-san-vicente","category-sociales","category-soledad","category-tamuin","category-villa-de-reyes","category-xilitla"],"_links":{"self":[{"href":"https:\/\/amanecerhuasteco.com\/portal\/wp-json\/wp\/v2\/posts\/55489","targetHints":{"allow":["GET"]}}],"collection":[{"href":"https:\/\/amanecerhuasteco.com\/portal\/wp-json\/wp\/v2\/posts"}],"about":[{"href":"https:\/\/amanecerhuasteco.com\/portal\/wp-json\/wp\/v2\/types\/post"}],"author":[{"embeddable":true,"href":"https:\/\/amanecerhuasteco.com\/portal\/wp-json\/wp\/v2\/users\/1"}],"replies":[{"embeddable":true,"href":"https:\/\/amanecerhuasteco.com\/portal\/wp-json\/wp\/v2\/comments?post=55489"}],"version-history":[{"count":1,"href":"https:\/\/amanecerhuasteco.com\/portal\/wp-json\/wp\/v2\/posts\/55489\/revisions"}],"predecessor-version":[{"id":55491,"href":"https:\/\/amanecerhuasteco.com\/portal\/wp-json\/wp\/v2\/posts\/55489\/revisions\/55491"}],"wp:featuredmedia":[{"embeddable":true,"href":"https:\/\/amanecerhuasteco.com\/portal\/wp-json\/wp\/v2\/media\/55490"}],"wp:attachment":[{"href":"https:\/\/amanecerhuasteco.com\/portal\/wp-json\/wp\/v2\/media?parent=55489"}],"wp:term":[{"taxonomy":"category","embeddable":true,"href":"https:\/\/amanecerhuasteco.com\/portal\/wp-json\/wp\/v2\/categories?post=55489"},{"taxonomy":"post_tag","embeddable":true,"href":"https:\/\/amanecerhuasteco.com\/portal\/wp-json\/wp\/v2\/tags?post=55489"}],"curies":[{"name":"wp","href":"https:\/\/api.w.org\/{rel}","templated":true}]}}