{"id":5556,"date":"2014-04-01T14:17:53","date_gmt":"2014-04-01T20:17:53","guid":{"rendered":"http:\/\/amanecerhuasteco.com\/portal\/2014\/04\/01\/en-mayo-se-celebraran-los-juegos-estatales-del-inapam\/"},"modified":"2014-04-01T14:17:53","modified_gmt":"2014-04-01T20:17:53","slug":"en-mayo-se-celebraran-los-juegos-estatales-del-inapam","status":"publish","type":"post","link":"https:\/\/amanecerhuasteco.com\/portal\/en-mayo-se-celebraran-los-juegos-estatales-del-inapam\/","title":{"rendered":"EN MAYO SE CELEBRAR\u00c1N LOS JUEGOS ESTATALES DEL INAPAM"},"content":{"rendered":"<p style=\"text-align: justify;\">\n<p style=\"text-align: justify;\"><strong>&#8211;<span style=\"white-space: pre;\"> <\/span>Los adultos mayores se preparan para las actividades del 13 y 14 de mayo<\/strong><\/p>\n<p style=\"text-align: justify;\">Ciudad Valles S.L.P.- El Gobierno Municipal de Ciudad Valles, que preside Juan Jos\u00e9 Ortiz Azuara, a trav\u00e9s del Instituto Nacional de las Personas Adultas Mayores (INAPAM), informa que los d\u00edas 13 y 14 de mayo, esta localidad ser\u00e1 sede de los \u201cXXII Juegos Estatales Deportivos y Culturales de los Adultos Mayores\u201d.<\/p>\n<p style=\"text-align: justify;\">Ana Mar\u00eda Paul\u00edn Lara, titular de la direcci\u00f3n, dijo que el Gobernador del Estado Fernando Toranzo Fern\u00e1ndez, le confirm\u00f3 su participaci\u00f3n en la inauguraci\u00f3n, de acuerdo a la informaci\u00f3n proporcionada por el delegado estatal del INAPAM, Jaime Valdez Ugalde.<\/p>\n<p style=\"text-align: justify;\">La inauguraci\u00f3n se contempla para las 9:00 horas del d\u00eda 13, en las canchas del Estadio del Centro Cultural, donde se llevar\u00e1n a cabo los encuentros deportivos en atletismo, basquetbol, b\u00e9isbol, cachibol y domin\u00f3.<\/p>\n<p style=\"text-align: justify;\">Para el d\u00eda 14, los encuentros se efectuar\u00e1n en diferentes espacios del mismo Centro Cultural, con enfrentamientos en canto individual, grupal, tradicional y el profesional, danza prehisp\u00e1nica y regional, m\u00fasica individual, declamaci\u00f3n, poes\u00eda y baile de sal\u00f3n.<\/p>\n<p style=\"text-align: justify;\">La clausura se realizar\u00e1 ese mismo d\u00eda a las 16:00 horas en las canchas del estadio, lugar donde se dar\u00e1 a conocer a los ganadores los cuales obtendr\u00e1n el pase a la etapa nacional.<\/p>\n<div style=\"text-align: justify;\"><\/div>\n","protected":false},"excerpt":{"rendered":"<p>&#8211; Los adultos mayores se preparan para las actividades del 13 y 14 de mayo Ciudad Valles S.L.P.- El Gobierno Municipal de Ciudad Valles, que preside Juan Jos\u00e9 Ortiz Azuara, a trav\u00e9s del Instituto Nacional de las Personas Adultas Mayores (INAPAM), informa que los d\u00edas &hellip; <\/p>\n","protected":false},"author":1,"featured_media":5555,"comment_status":"open","ping_status":"open","sticky":false,"template":"","format":"standard","meta":{"footnotes":""},"categories":[7],"tags":[],"class_list":["post-5556","post","type-post","status-publish","format-standard","has-post-thumbnail","hentry","category-ciudad"],"_links":{"self":[{"href":"https:\/\/amanecerhuasteco.com\/portal\/wp-json\/wp\/v2\/posts\/5556","targetHints":{"allow":["GET"]}}],"collection":[{"href":"https:\/\/amanecerhuasteco.com\/portal\/wp-json\/wp\/v2\/posts"}],"about":[{"href":"https:\/\/amanecerhuasteco.com\/portal\/wp-json\/wp\/v2\/types\/post"}],"author":[{"embeddable":true,"href":"https:\/\/amanecerhuasteco.com\/portal\/wp-json\/wp\/v2\/users\/1"}],"replies":[{"embeddable":true,"href":"https:\/\/amanecerhuasteco.com\/portal\/wp-json\/wp\/v2\/comments?post=5556"}],"version-history":[{"count":0,"href":"https:\/\/amanecerhuasteco.com\/portal\/wp-json\/wp\/v2\/posts\/5556\/revisions"}],"wp:featuredmedia":[{"embeddable":true,"href":"https:\/\/amanecerhuasteco.com\/portal\/wp-json\/wp\/v2\/media\/5555"}],"wp:attachment":[{"href":"https:\/\/amanecerhuasteco.com\/portal\/wp-json\/wp\/v2\/media?parent=5556"}],"wp:term":[{"taxonomy":"category","embeddable":true,"href":"https:\/\/amanecerhuasteco.com\/portal\/wp-json\/wp\/v2\/categories?post=5556"},{"taxonomy":"post_tag","embeddable":true,"href":"https:\/\/amanecerhuasteco.com\/portal\/wp-json\/wp\/v2\/tags?post=5556"}],"curies":[{"name":"wp","href":"https:\/\/api.w.org\/{rel}","templated":true}]}}