{"id":5759,"date":"2014-04-30T00:00:00","date_gmt":"2014-04-30T06:00:00","guid":{"rendered":"http:\/\/amanecerhuasteco.com\/portal\/2014\/04\/30\/ayuntamiento-celebro-a-los-maestros-en-su-dia-3\/"},"modified":"2014-04-30T00:00:00","modified_gmt":"2014-04-30T06:00:00","slug":"ayuntamiento-celebro-a-los-maestros-en-su-dia-3","status":"publish","type":"post","link":"https:\/\/amanecerhuasteco.com\/portal\/ayuntamiento-celebro-a-los-maestros-en-su-dia-3\/","title":{"rendered":"Ayuntamiento celebro a los maestros en su d\u00eda"},"content":{"rendered":"<p style=\"text-align: justify;\">\n<p style=\"text-align: justify;\">Tamuin S.L.P.- Con motivo de la celebraci\u00f3n del d\u00eda del maestro el H. Ayuntamiento 2012-2015, que encabeza el Ing. Santiago Ledezma Cano, celebro a los profesores y profesoras de todos los niveles educativos del municipio en su d\u00eda.<\/p>\n<p style=\"text-align: justify;\">M\u00e1s de Mil profesores se dieron cita en un sal\u00f3n de eventos para disfrutar del festejo en donde se deleitaron con la presencia de varios grupos \u00a0Musicales como Caballo Dorado, la Nueva Dinast\u00eda, y La Deuda.<\/p>\n<p style=\"text-align: justify;\">Se entregaron reconocimientos a los maestros m\u00e1s destacados por \u00a0sus 20, 25, 30, 40 y 50 a\u00f1os de servicio as\u00ed como tambi\u00e9n se rifaron regalos, los profesores disfrutaron de una amena tarde.<\/p>\n<p style=\"text-align: justify;\"><img decoding=\"async\" src=\"images\/stories\/--may14\/tamuinabrilmaestros.jpg\" border=\"0\" alt=\"Ayuntamiento celebro a los maestros en su d\u00eda\" title=\"Ayuntamiento celebro a los maestros en su d\u00eda\" \/><\/p>\n<p style=\"text-align: justify;\">Por su parte al Alcalde Santiago Ledezma Cano ofreci\u00f3 un mensaje a todos los presentes mencionando que una de las profesiones m\u00e1s admirables es la de ser maestro, ya que dedican su vida a mostrar lo que saben por eso vale mucho reconocer su labor.<\/p>\n<p style=\"text-align: justify;\">\u00a0<\/p>\n","protected":false},"excerpt":{"rendered":"<p>Tamuin S.L.P.- Con motivo de la celebraci\u00f3n del d\u00eda del maestro el H. Ayuntamiento 2012-2015, que encabeza el Ing. Santiago Ledezma Cano, celebro a los profesores y profesoras de todos los niveles educativos del municipio en su d\u00eda. M\u00e1s de Mil profesores se dieron cita &hellip; <\/p>\n","protected":false},"author":1,"featured_media":5758,"comment_status":"open","ping_status":"open","sticky":false,"template":"","format":"standard","meta":{"footnotes":""},"categories":[20],"tags":[],"class_list":["post-5759","post","type-post","status-publish","format-standard","has-post-thumbnail","hentry","category-tamuin"],"_links":{"self":[{"href":"https:\/\/amanecerhuasteco.com\/portal\/wp-json\/wp\/v2\/posts\/5759","targetHints":{"allow":["GET"]}}],"collection":[{"href":"https:\/\/amanecerhuasteco.com\/portal\/wp-json\/wp\/v2\/posts"}],"about":[{"href":"https:\/\/amanecerhuasteco.com\/portal\/wp-json\/wp\/v2\/types\/post"}],"author":[{"embeddable":true,"href":"https:\/\/amanecerhuasteco.com\/portal\/wp-json\/wp\/v2\/users\/1"}],"replies":[{"embeddable":true,"href":"https:\/\/amanecerhuasteco.com\/portal\/wp-json\/wp\/v2\/comments?post=5759"}],"version-history":[{"count":0,"href":"https:\/\/amanecerhuasteco.com\/portal\/wp-json\/wp\/v2\/posts\/5759\/revisions"}],"wp:featuredmedia":[{"embeddable":true,"href":"https:\/\/amanecerhuasteco.com\/portal\/wp-json\/wp\/v2\/media\/5758"}],"wp:attachment":[{"href":"https:\/\/amanecerhuasteco.com\/portal\/wp-json\/wp\/v2\/media?parent=5759"}],"wp:term":[{"taxonomy":"category","embeddable":true,"href":"https:\/\/amanecerhuasteco.com\/portal\/wp-json\/wp\/v2\/categories?post=5759"},{"taxonomy":"post_tag","embeddable":true,"href":"https:\/\/amanecerhuasteco.com\/portal\/wp-json\/wp\/v2\/tags?post=5759"}],"curies":[{"name":"wp","href":"https:\/\/api.w.org\/{rel}","templated":true}]}}