{"id":58159,"date":"2021-07-12T09:00:39","date_gmt":"2021-07-12T15:00:39","guid":{"rendered":"http:\/\/amanecerhuasteco.com\/portal\/?p=58159"},"modified":"2021-07-12T09:00:39","modified_gmt":"2021-07-12T15:00:39","slug":"se-requiere-ampliar-la-zona-metropolitana-para-crear-nuevos-proyectos-de-inversion-que-generen-empleos-y-eleven-la-calidad-de-vida-de-los-potosinos-dip-martin-juarez-cordova","status":"publish","type":"post","link":"https:\/\/amanecerhuasteco.com\/portal\/se-requiere-ampliar-la-zona-metropolitana-para-crear-nuevos-proyectos-de-inversion-que-generen-empleos-y-eleven-la-calidad-de-vida-de-los-potosinos-dip-martin-juarez-cordova\/","title":{"rendered":"Se requiere ampliar la zona metropolitana para crear nuevos proyectos de inversi\u00f3n que generen empleos y eleven la calidad de vida de los potosinos: Dip. Mart\u00edn Ju\u00e1rez C\u00f3rdova  \u00a0"},"content":{"rendered":"<p>&nbsp;<\/p>\n<p><strong>-MEXQUITIC, VILLA DE REYES, SANTA MAR\u00cdA Y VILLA DE ZARAGOZA DEBEN PARTICIPAR EN ESTA AMPLIA ZONA URBANA Y PRODUCTIVA<\/strong><\/p>\n<p>&nbsp;<\/p>\n<p>San Luis Potos\u00ed.- La ampliaci\u00f3n de la zona metropolitana de San Luis Potos\u00ed permitir\u00e1 la creaci\u00f3n de alternativas industriales y generaci\u00f3n de nuevos empleos, para lograr la consolidaci\u00f3n de una zona productiva que se convierta en punto de referencia en el centro del pa\u00eds, se\u00f1al\u00f3 el diputado Mart\u00edn Ju\u00e1rez C\u00f3rdova.<\/p>\n<p>El presidente de la Comisi\u00f3n de Desarrollo Econ\u00f3mico y Social del Congreso del Estado, se\u00f1al\u00f3 que la zona metropolitana no solamente debe ser San Luis, Soledad de Graciano S\u00e1nchez y Cerro de San Pedro, sino que se tiene que incorporar a Mexquitic de Carmona, Villa de Reyes, Santa Mar\u00eda del Rio y Villa de Zaragoza.<\/p>\n<p>\u201cSon municipios que tienen un gran potencial econ\u00f3mico, que se encuentran en la zona conurbada con la capital y forman parte de la mancha urbana, con una vocaci\u00f3n de crecimiento muy importante que lamentablemente no se ha aprovechado, por lo que es necesario hacerlo desde ahora\u201d.<\/p>\n<p>El legislador manifest\u00f3 que \u201cse trata de un tema que debemos revisar y valorar para crear una sinergia que nos permita esquemas de desarrollo urbano, donde podamos movilizar y tener una calidad de vida que contemple esta asociaci\u00f3n de esfuerzos municipales para generarle condiciones de mejor\u00eda a los habitantes de la zona metropolitana\u201d.<\/p>\n<p>Ju\u00e1rez C\u00f3rdova expuso que no es posible colocar todos los esfuerzos solamente en unos municipios, por ello es importante desarrollar estrategias de integraci\u00f3n urbana para que canalizar esfuerzos a nuevas<\/p>\n<p>&nbsp;<\/p>\n<p>&nbsp;<\/p>\n<p>opciones que podr\u00edan ser las antes mencionadas, incluyendo a Villa de Reyes que tiene un desarrollo impresionante.<\/p>\n<p>&nbsp;<\/p>\n","protected":false},"excerpt":{"rendered":"<p>&nbsp; -MEXQUITIC, VILLA DE REYES, SANTA MAR\u00cdA Y VILLA DE ZARAGOZA DEBEN PARTICIPAR EN ESTA AMPLIA ZONA URBANA Y PRODUCTIVA &nbsp; San Luis Potos\u00ed.- La ampliaci\u00f3n de la zona metropolitana de San Luis Potos\u00ed permitir\u00e1 la creaci\u00f3n de alternativas industriales y generaci\u00f3n de nuevos empleos, &hellip; <\/p>\n","protected":false},"author":1,"featured_media":58160,"comment_status":"open","ping_status":"open","sticky":false,"template":"","format":"standard","meta":{"footnotes":""},"categories":[23,11,4,12,5],"tags":[],"class_list":["post-58159","post","type-post","status-publish","format-standard","has-post-thumbnail","hentry","category-congreso","category-estado","category-inicio","category-nacional","category-politica"],"_links":{"self":[{"href":"https:\/\/amanecerhuasteco.com\/portal\/wp-json\/wp\/v2\/posts\/58159","targetHints":{"allow":["GET"]}}],"collection":[{"href":"https:\/\/amanecerhuasteco.com\/portal\/wp-json\/wp\/v2\/posts"}],"about":[{"href":"https:\/\/amanecerhuasteco.com\/portal\/wp-json\/wp\/v2\/types\/post"}],"author":[{"embeddable":true,"href":"https:\/\/amanecerhuasteco.com\/portal\/wp-json\/wp\/v2\/users\/1"}],"replies":[{"embeddable":true,"href":"https:\/\/amanecerhuasteco.com\/portal\/wp-json\/wp\/v2\/comments?post=58159"}],"version-history":[{"count":1,"href":"https:\/\/amanecerhuasteco.com\/portal\/wp-json\/wp\/v2\/posts\/58159\/revisions"}],"predecessor-version":[{"id":58161,"href":"https:\/\/amanecerhuasteco.com\/portal\/wp-json\/wp\/v2\/posts\/58159\/revisions\/58161"}],"wp:featuredmedia":[{"embeddable":true,"href":"https:\/\/amanecerhuasteco.com\/portal\/wp-json\/wp\/v2\/media\/58160"}],"wp:attachment":[{"href":"https:\/\/amanecerhuasteco.com\/portal\/wp-json\/wp\/v2\/media?parent=58159"}],"wp:term":[{"taxonomy":"category","embeddable":true,"href":"https:\/\/amanecerhuasteco.com\/portal\/wp-json\/wp\/v2\/categories?post=58159"},{"taxonomy":"post_tag","embeddable":true,"href":"https:\/\/amanecerhuasteco.com\/portal\/wp-json\/wp\/v2\/tags?post=58159"}],"curies":[{"name":"wp","href":"https:\/\/api.w.org\/{rel}","templated":true}]}}