{"id":58162,"date":"2021-07-12T09:02:53","date_gmt":"2021-07-12T15:02:53","guid":{"rendered":"http:\/\/amanecerhuasteco.com\/portal\/?p=58162"},"modified":"2021-07-12T09:02:53","modified_gmt":"2021-07-12T15:02:53","slug":"necesario-fortalecer-las-medidas-sanitarias-para-que-se-pueda-regresar-a-clases-presenciales","status":"publish","type":"post","link":"https:\/\/amanecerhuasteco.com\/portal\/necesario-fortalecer-las-medidas-sanitarias-para-que-se-pueda-regresar-a-clases-presenciales\/","title":{"rendered":"Necesario fortalecer las medidas sanitarias para que se pueda regresar a clases presenciales  \u00a0"},"content":{"rendered":"<p><strong>LAS CLASES VIRTUALES SI GENERARON UN REZAGO EN EL APRENDIZAJE DE NI\u00d1AS, NI\u00d1OS Y ADOLESCENTES: DIP. MAR\u00cdA DEL CONSUELO CARMONA SALAS<\/strong><\/p>\n<p>&nbsp;<\/p>\n<p>San Luis Potos\u00ed.- Se espera que las condiciones sanitarias permitan un\u00a0 regreso a clases presenciales para el pr\u00f3ximo ciclo escolar, indic\u00f3 la diputada Mar\u00eda del Consuelo Carmona Salas, presidenta de la Comisi\u00f3n de Educaci\u00f3n, Cultura, Ciencia y Tecnolog\u00eda del Congreso del Estado.<\/p>\n<p>Se\u00f1al\u00f3 que en todo momento se debe cuidar la salud de estudiantes y del personal docente, por lo cual se espera que las condiciones del sem\u00e1foro epidemiol\u00f3gico con respecto a los contagios, se mantenga a la baja, con lo cual se podr\u00eda concretar un regreso progresivo a clases presenciales en las escuelas de educaci\u00f3n b\u00e1sica.<\/p>\n<p>\u201cDefinitivamente ahorita estamos viviendo este nuevo repunte de COVID-19 en la pandemia, esperemos que se detenga, porque yo creo que si se detiene algo, estar\u00edamos en condiciones de regresar presencialmente, que\u00a0 ya es necesario\u201d.<\/p>\n<p>A\u00f1adi\u00f3 que se requiere del retorno a clases presenciales, ya que durante este a\u00f1o que se mantuvo a ni\u00f1as, ni\u00f1os y adolescentes en clases virtuales, se gener\u00f3 un rezago en el aprendizaje, adem\u00e1s de la necesidad de socializaci\u00f3n entre los estudiantes que tambi\u00e9n es importante para el desarrollo emocional.<\/p>\n<p>\u201cYa los alumnos, las alumnas, los padres de familia, desean que sus hijos vayan a socializar, porque les hace falta esa actividad a los\u00a0 ni\u00f1os, la actividad l\u00fadica con sus compa\u00f1eros, el llevar a cabo actividades con ellos, y sobre todo el aprendizaje que se ha visto mermado, el aprendizaje se ha visto en rezago; entonces si es necesario el regreso presencial siempre y cuando se tengan los cuidados, y que las condiciones lo permitan\u201d.<\/p>\n<p>Agreg\u00f3 que los docentes se mantienen a la espera de las indicaciones de las autoridades educativas, y realizando los preparativos para el inicio del pr\u00f3ximo ciclo escolar en todos los niveles de educaci\u00f3n.<\/p>\n<p>&nbsp;<\/p>\n<p>&nbsp;<\/p>\n","protected":false},"excerpt":{"rendered":"<p>LAS CLASES VIRTUALES SI GENERARON UN REZAGO EN EL APRENDIZAJE DE NI\u00d1AS, NI\u00d1OS Y ADOLESCENTES: DIP. MAR\u00cdA DEL CONSUELO CARMONA SALAS &nbsp; San Luis Potos\u00ed.- Se espera que las condiciones sanitarias permitan un\u00a0 regreso a clases presenciales para el pr\u00f3ximo ciclo escolar, indic\u00f3 la diputada &hellip; <\/p>\n","protected":false},"author":1,"featured_media":58163,"comment_status":"open","ping_status":"open","sticky":false,"template":"","format":"standard","meta":{"footnotes":""},"categories":[7,23,11,4,12,5],"tags":[],"class_list":["post-58162","post","type-post","status-publish","format-standard","has-post-thumbnail","hentry","category-ciudad","category-congreso","category-estado","category-inicio","category-nacional","category-politica"],"_links":{"self":[{"href":"https:\/\/amanecerhuasteco.com\/portal\/wp-json\/wp\/v2\/posts\/58162","targetHints":{"allow":["GET"]}}],"collection":[{"href":"https:\/\/amanecerhuasteco.com\/portal\/wp-json\/wp\/v2\/posts"}],"about":[{"href":"https:\/\/amanecerhuasteco.com\/portal\/wp-json\/wp\/v2\/types\/post"}],"author":[{"embeddable":true,"href":"https:\/\/amanecerhuasteco.com\/portal\/wp-json\/wp\/v2\/users\/1"}],"replies":[{"embeddable":true,"href":"https:\/\/amanecerhuasteco.com\/portal\/wp-json\/wp\/v2\/comments?post=58162"}],"version-history":[{"count":1,"href":"https:\/\/amanecerhuasteco.com\/portal\/wp-json\/wp\/v2\/posts\/58162\/revisions"}],"predecessor-version":[{"id":58164,"href":"https:\/\/amanecerhuasteco.com\/portal\/wp-json\/wp\/v2\/posts\/58162\/revisions\/58164"}],"wp:featuredmedia":[{"embeddable":true,"href":"https:\/\/amanecerhuasteco.com\/portal\/wp-json\/wp\/v2\/media\/58163"}],"wp:attachment":[{"href":"https:\/\/amanecerhuasteco.com\/portal\/wp-json\/wp\/v2\/media?parent=58162"}],"wp:term":[{"taxonomy":"category","embeddable":true,"href":"https:\/\/amanecerhuasteco.com\/portal\/wp-json\/wp\/v2\/categories?post=58162"},{"taxonomy":"post_tag","embeddable":true,"href":"https:\/\/amanecerhuasteco.com\/portal\/wp-json\/wp\/v2\/tags?post=58162"}],"curies":[{"name":"wp","href":"https:\/\/api.w.org\/{rel}","templated":true}]}}