{"id":60267,"date":"2021-10-11T19:50:37","date_gmt":"2021-10-12T01:50:37","guid":{"rendered":"http:\/\/amanecerhuasteco.com\/portal\/?p=60267"},"modified":"2021-10-11T19:50:37","modified_gmt":"2021-10-12T01:50:37","slug":"gobierno-de-ebano-secunda-oficina-regional-de-registro-civil-y-brigadas-medicas","status":"publish","type":"post","link":"https:\/\/amanecerhuasteco.com\/portal\/gobierno-de-ebano-secunda-oficina-regional-de-registro-civil-y-brigadas-medicas\/","title":{"rendered":"Gobierno de \u00c9bano secunda oficina regional de Registro Civil y Brigadas M\u00e9dicas"},"content":{"rendered":"<p>&nbsp;<\/p>\n<p>EBANO, SLP.- EL gobierno municipal de \u00c9bano que preside Ma. Soledad Carre\u00f1o Linares, se pronunci\u00f3 a favor de instalar una delegaci\u00f3n regional del Registro Civil en Valles con representaci\u00f3n en toda la huasteca.<\/p>\n<p>Adem\u00e1s, tambi\u00e9n respalda la operaci\u00f3n de las brigadas m\u00e9dicas de salud itinerantes.<\/p>\n<p>C\u00e9sar Arturo L\u00f3pez Salda\u00f1a, regidor ebanense quien asisti\u00f3 en representaci\u00f3n de la m\u00e1xima autoridad a la reciente asamblea convocada por los diputados federales en la sede de la oficina gestora del legislador Antol\u00edn Guerrero M\u00e1rquez, secund\u00f3 las propuestas de las presidentes de Tanqui\u00e1n de Escobedo, Tamasopo y San Vicente Tancuayalab, quienes pusieron sobre la mesa estas propuestas.<\/p>\n<p>Dijo que instalar, operar y acercar est\u00e1s dependencias en Valles, implica ventajas sumamente importantes para el resto de la huasteca, en econom\u00eda y tiempo para las familias sumamente vulnerables cuya condici\u00f3n no les alcanza para sufragar sus necesidades de supervivencia.<\/p>\n<p>Por eso reitera el decidido respaldo a tales peticiones expuestas en esta reuni\u00f3n con legisladores federales.<\/p>\n","protected":false},"excerpt":{"rendered":"<p>&nbsp; EBANO, SLP.- EL gobierno municipal de \u00c9bano que preside Ma. Soledad Carre\u00f1o Linares, se pronunci\u00f3 a favor de instalar una delegaci\u00f3n regional del Registro Civil en Valles con representaci\u00f3n en toda la huasteca. Adem\u00e1s, tambi\u00e9n respalda la operaci\u00f3n de las brigadas m\u00e9dicas de salud &hellip; <\/p>\n","protected":false},"author":1,"featured_media":60268,"comment_status":"open","ping_status":"open","sticky":false,"template":"","format":"standard","meta":{"footnotes":""},"categories":[7,22,11,4,12,5,21],"tags":[],"class_list":["post-60267","post","type-post","status-publish","format-standard","has-post-thumbnail","hentry","category-ciudad","category-ebano","category-estado","category-inicio","category-nacional","category-politica","category-tamasopo"],"_links":{"self":[{"href":"https:\/\/amanecerhuasteco.com\/portal\/wp-json\/wp\/v2\/posts\/60267","targetHints":{"allow":["GET"]}}],"collection":[{"href":"https:\/\/amanecerhuasteco.com\/portal\/wp-json\/wp\/v2\/posts"}],"about":[{"href":"https:\/\/amanecerhuasteco.com\/portal\/wp-json\/wp\/v2\/types\/post"}],"author":[{"embeddable":true,"href":"https:\/\/amanecerhuasteco.com\/portal\/wp-json\/wp\/v2\/users\/1"}],"replies":[{"embeddable":true,"href":"https:\/\/amanecerhuasteco.com\/portal\/wp-json\/wp\/v2\/comments?post=60267"}],"version-history":[{"count":1,"href":"https:\/\/amanecerhuasteco.com\/portal\/wp-json\/wp\/v2\/posts\/60267\/revisions"}],"predecessor-version":[{"id":60269,"href":"https:\/\/amanecerhuasteco.com\/portal\/wp-json\/wp\/v2\/posts\/60267\/revisions\/60269"}],"wp:featuredmedia":[{"embeddable":true,"href":"https:\/\/amanecerhuasteco.com\/portal\/wp-json\/wp\/v2\/media\/60268"}],"wp:attachment":[{"href":"https:\/\/amanecerhuasteco.com\/portal\/wp-json\/wp\/v2\/media?parent=60267"}],"wp:term":[{"taxonomy":"category","embeddable":true,"href":"https:\/\/amanecerhuasteco.com\/portal\/wp-json\/wp\/v2\/categories?post=60267"},{"taxonomy":"post_tag","embeddable":true,"href":"https:\/\/amanecerhuasteco.com\/portal\/wp-json\/wp\/v2\/tags?post=60267"}],"curies":[{"name":"wp","href":"https:\/\/api.w.org\/{rel}","templated":true}]}}