{"id":60284,"date":"2021-10-12T06:11:36","date_gmt":"2021-10-12T12:11:36","guid":{"rendered":"http:\/\/amanecerhuasteco.com\/portal\/?p=60284"},"modified":"2021-10-12T06:11:36","modified_gmt":"2021-10-12T12:11:36","slug":"asociacion-de-caneros-de-cnpr-de-alianza-popular-podria-ser-victima-de-espionaje-de-exdirectivos-y-exempleados","status":"publish","type":"post","link":"https:\/\/amanecerhuasteco.com\/portal\/asociacion-de-caneros-de-cnpr-de-alianza-popular-podria-ser-victima-de-espionaje-de-exdirectivos-y-exempleados\/","title":{"rendered":"Asociaci\u00f3n de ca\u00f1eros de CNPR de Alianza Popular, podr\u00eda ser v\u00edctima de \u201cespionaje\u201d de exdirectivos y exempleados"},"content":{"rendered":"<p>&nbsp;<\/p>\n<p>-Ponen en riesgo la seguridad de sus socios<\/p>\n<p>-Habr\u00e1 denuncia ante la fiscal\u00eda<\/p>\n<p>&nbsp;<\/p>\n<p>Tamasopo.- La publicaci\u00f3n en redes sociales y algunos medios de comunicaci\u00f3n de documentos de datos personales y familiares reservados de la Asociaci\u00f3n Local de Ca\u00f1eros CNPR de Alianza Popular por parte de la extesorera de esta agrupaci\u00f3n, Evelia Lara Soto y otras personas que la promueven podr\u00eda llegar a la fiscal\u00eda general del estado, ya que se encuentran incurriendo en delitos graves.<\/p>\n<p>De acuerdo a informaci\u00f3n proporcionada por unos de los socios, integrante de la comisi\u00f3n de revisi\u00f3n nombrado por la asamblea \u00a0que pidi\u00f3 mantener su nombre en el anonimato, lamento que el intento de seguir ordenando y mandando dentro de la Asociaci\u00f3n de Ca\u00f1eros CNPR de Alianza Popular, algunos socios lleguen a los extremos de causar divisionismo y m\u00e1s a\u00fan incurrir en graves delitos como hacer p\u00fablicos documentos privados de cada socio, como son los av\u00edos, cr\u00e9ditos, pr\u00e9stamos, liquidaciones entre otras cosas con el prop\u00f3sito de generar desestabilizar.<\/p>\n<p>Expres\u00f3 que en una asamblea como es costumbre se tratan temas delicados y ah\u00ed se da respuesta, como fue la queja de la extesorera de presuntos desv\u00edos que se orden\u00f3 una \u201cauditor\u00eda\u201d a las administraciones e incluso a la directiva actual, comenzando con la actual encabezada por Falc\u00f3n Saldierna, y luego de semanas de auditor\u00eda que costo miles de pesos, todo sali\u00f3 en orden y se informara en una asamblea como lo ordeno el dirigente nacional Carlos Blackaller Ayala.<\/p>\n<p>Ante la imposibilidad de lograr sus objetivos el grupo de seguidores de la extesorera Evelia Lara Soto, ahora han dada a conocer documentos personales de socios en redes sociales y medios de comunicaci\u00f3n, lo que ya caus\u00f3 alarma en la Uni\u00f3n Nacional de Ca\u00f1eros CNPR, que tomara cartas en el asunto, ya que se trata de delitos graves que se denunciaran en la Fiscal\u00eda General del Estado.<\/p>\n<p>Se\u00f1al\u00f3, que la ley establece la Protecci\u00f3n de datos personales y familiares reservados, en donde se incurre en el delito de \u201cespionaje personal y corporativo\u201d, con consecuencias legales del robo de informaci\u00f3n en una empresa, considera la protecci\u00f3n de los secretos empresariales encuentra su justificaci\u00f3n en la lealtad que debe guardar quienes conozcan el secreto, por su relaci\u00f3n laboral o profesional, esta ley tipifica como delito y establece una pena de prisi\u00f3n de dos a seis a\u00f1os<\/p>\n<p>Cabe se\u00f1alar, que luego de la auditor\u00eda a la actual administraci\u00f3n deben comenzar con las auditor\u00edas a las administraciones anteriores.<\/p>\n<p>Puntualiz\u00f3, que definitivamente en lo personal exigir\u00e1 respeto a sus datos personales, ya que el riesgo es alto que por un intento de desestabilizar de unas personas todos los socios se pongan en peligro por lo que pedir\u00e1 se llegue a las \u00faltimas consecuencias y se castigue a los responsables que est\u00e1n plenamente identificados.<\/p>\n<p>&nbsp;<\/p>\n<p>&#8212;<\/p>\n","protected":false},"excerpt":{"rendered":"<p>&nbsp; -Ponen en riesgo la seguridad de sus socios -Habr\u00e1 denuncia ante la fiscal\u00eda &nbsp; Tamasopo.- La publicaci\u00f3n en redes sociales y algunos medios de comunicaci\u00f3n de documentos de datos personales y familiares reservados de la Asociaci\u00f3n Local de Ca\u00f1eros CNPR de Alianza Popular por &hellip; <\/p>\n","protected":false},"author":1,"featured_media":60285,"comment_status":"open","ping_status":"open","sticky":false,"template":"","format":"standard","meta":{"footnotes":""},"categories":[13,25,14,28,29,7,11,4,26,12,5,24,21,20],"tags":[],"class_list":["post-60284","post","type-post","status-publish","format-standard","has-post-thumbnail","hentry","category-agropecuaria","category-aquismon","category-caneros","category-cnc","category-cnpr","category-ciudad","category-estado","category-inicio","category-matlapa","category-nacional","category-politica","category-san-vicente","category-tamasopo","category-tamuin"],"_links":{"self":[{"href":"https:\/\/amanecerhuasteco.com\/portal\/wp-json\/wp\/v2\/posts\/60284","targetHints":{"allow":["GET"]}}],"collection":[{"href":"https:\/\/amanecerhuasteco.com\/portal\/wp-json\/wp\/v2\/posts"}],"about":[{"href":"https:\/\/amanecerhuasteco.com\/portal\/wp-json\/wp\/v2\/types\/post"}],"author":[{"embeddable":true,"href":"https:\/\/amanecerhuasteco.com\/portal\/wp-json\/wp\/v2\/users\/1"}],"replies":[{"embeddable":true,"href":"https:\/\/amanecerhuasteco.com\/portal\/wp-json\/wp\/v2\/comments?post=60284"}],"version-history":[{"count":1,"href":"https:\/\/amanecerhuasteco.com\/portal\/wp-json\/wp\/v2\/posts\/60284\/revisions"}],"predecessor-version":[{"id":60286,"href":"https:\/\/amanecerhuasteco.com\/portal\/wp-json\/wp\/v2\/posts\/60284\/revisions\/60286"}],"wp:featuredmedia":[{"embeddable":true,"href":"https:\/\/amanecerhuasteco.com\/portal\/wp-json\/wp\/v2\/media\/60285"}],"wp:attachment":[{"href":"https:\/\/amanecerhuasteco.com\/portal\/wp-json\/wp\/v2\/media?parent=60284"}],"wp:term":[{"taxonomy":"category","embeddable":true,"href":"https:\/\/amanecerhuasteco.com\/portal\/wp-json\/wp\/v2\/categories?post=60284"},{"taxonomy":"post_tag","embeddable":true,"href":"https:\/\/amanecerhuasteco.com\/portal\/wp-json\/wp\/v2\/tags?post=60284"}],"curies":[{"name":"wp","href":"https:\/\/api.w.org\/{rel}","templated":true}]}}