{"id":60415,"date":"2021-10-14T22:11:39","date_gmt":"2021-10-15T04:11:39","guid":{"rendered":"http:\/\/amanecerhuasteco.com\/portal\/?p=60415"},"modified":"2021-10-14T22:11:39","modified_gmt":"2021-10-15T04:11:39","slug":"doble-homicidio-en-bocas-es-investigado-por-la-fge","status":"publish","type":"post","link":"https:\/\/amanecerhuasteco.com\/portal\/doble-homicidio-en-bocas-es-investigado-por-la-fge\/","title":{"rendered":"Doble homicidio en Bocas es investigado por la FGE"},"content":{"rendered":"<p style=\"font-weight: 400;\">\n<p style=\"font-weight: 400;\">SLP. &#8211; Agentes de la Polic\u00eda de Investigaci\u00f3n (PDI) proceden a la identificaci\u00f3n de dos hombres que fueron privados de la vida la ma\u00f1ana de este jueves 14 de octubre en la comunidad La Manta, de la delegaci\u00f3n de Bocas, en la capital potosina.<\/p>\n<p style=\"font-weight: 400;\">\n<p style=\"font-weight: 400;\">En el sitio de los hechos fueron recabados indicios y diversas pruebas periciales que ya sirven de base para el inicio de las pesquisas que permitan detener a quien(es) hayan perpetrado el doble homicidio.<\/p>\n<p style=\"font-weight: 400;\">\n<p style=\"font-weight: 400;\">Asimismo, se continuar\u00e1 con diversas entrevistas que permitan establecer la mec\u00e1nica del suceso y el perfil de las v\u00edctimas, as\u00ed como las \u00faltimas actividades que realizaron, todo ello con el fin de dar con el o los autores del crimen.<\/p>\n<p style=\"font-weight: 400;\">\n<p style=\"font-weight: 400;\">Por parte de la Fiscal\u00eda General del Estado (FGESLP) se precis\u00f3 que ambos cuerpos presentaban, a primera vista, lesiones por arma de fuego; y que los mismos fueron llevados al Servicio M\u00e9dico Legista (Semele) para practicarles la necropsia de ley.<\/p>\n<p style=\"font-weight: 400;\">\n<p style=\"font-weight: 400;\">En la escena del hallazgo, los Servicios Periciales llevaron a cabo el levantamiento de los indicios para su an\u00e1lisis.<\/p>\n<p style=\"font-weight: 400;\">Por \u00faltimo, Miguel Amado Jim\u00e9nez Rivera, general en retiro y comisario de la PDI, se\u00f1al\u00f3 que seguir\u00e1n algunas l\u00edneas de investigaci\u00f3n para dar con quien o quienes los privaron de la vida de manera violenta a las citadas v\u00edctimas.<\/p>\n","protected":false},"excerpt":{"rendered":"<p>SLP. &#8211; Agentes de la Polic\u00eda de Investigaci\u00f3n (PDI) proceden a la identificaci\u00f3n de dos hombres que fueron privados de la vida la ma\u00f1ana de este jueves 14 de octubre en la comunidad La Manta, de la delegaci\u00f3n de Bocas, en la capital potosina. En &hellip; <\/p>\n","protected":false},"author":1,"featured_media":55647,"comment_status":"open","ping_status":"open","sticky":false,"template":"","format":"standard","meta":{"footnotes":""},"categories":[7,11,4,12,19,5],"tags":[],"class_list":["post-60415","post","type-post","status-publish","format-standard","has-post-thumbnail","hentry","category-ciudad","category-estado","category-inicio","category-nacional","category-policia","category-politica"],"_links":{"self":[{"href":"https:\/\/amanecerhuasteco.com\/portal\/wp-json\/wp\/v2\/posts\/60415","targetHints":{"allow":["GET"]}}],"collection":[{"href":"https:\/\/amanecerhuasteco.com\/portal\/wp-json\/wp\/v2\/posts"}],"about":[{"href":"https:\/\/amanecerhuasteco.com\/portal\/wp-json\/wp\/v2\/types\/post"}],"author":[{"embeddable":true,"href":"https:\/\/amanecerhuasteco.com\/portal\/wp-json\/wp\/v2\/users\/1"}],"replies":[{"embeddable":true,"href":"https:\/\/amanecerhuasteco.com\/portal\/wp-json\/wp\/v2\/comments?post=60415"}],"version-history":[{"count":1,"href":"https:\/\/amanecerhuasteco.com\/portal\/wp-json\/wp\/v2\/posts\/60415\/revisions"}],"predecessor-version":[{"id":60416,"href":"https:\/\/amanecerhuasteco.com\/portal\/wp-json\/wp\/v2\/posts\/60415\/revisions\/60416"}],"wp:featuredmedia":[{"embeddable":true,"href":"https:\/\/amanecerhuasteco.com\/portal\/wp-json\/wp\/v2\/media\/55647"}],"wp:attachment":[{"href":"https:\/\/amanecerhuasteco.com\/portal\/wp-json\/wp\/v2\/media?parent=60415"}],"wp:term":[{"taxonomy":"category","embeddable":true,"href":"https:\/\/amanecerhuasteco.com\/portal\/wp-json\/wp\/v2\/categories?post=60415"},{"taxonomy":"post_tag","embeddable":true,"href":"https:\/\/amanecerhuasteco.com\/portal\/wp-json\/wp\/v2\/tags?post=60415"}],"curies":[{"name":"wp","href":"https:\/\/api.w.org\/{rel}","templated":true}]}}