{"id":60423,"date":"2021-10-14T22:21:33","date_gmt":"2021-10-15T04:21:33","guid":{"rendered":"http:\/\/amanecerhuasteco.com\/portal\/?p=60423"},"modified":"2021-10-14T22:21:33","modified_gmt":"2021-10-15T04:21:33","slug":"policia-estatal-detiene-a-presuntos-integrantes-de-cartel-delictivo-con-mas-de-300-dosis-de-enervantes","status":"publish","type":"post","link":"https:\/\/amanecerhuasteco.com\/portal\/policia-estatal-detiene-a-presuntos-integrantes-de-cartel-delictivo-con-mas-de-300-dosis-de-enervantes\/","title":{"rendered":"Polic\u00eda estatal detiene a presuntos integrantes de cartel delictivo con m\u00e1s de 300 dosis de enervantes"},"content":{"rendered":"<p>CHARCAS, SLP.- En una acci\u00f3n de inteligencia y de acuerdo a los protocolos de actuaci\u00f3n establecidos, Polic\u00edas Estatales adscritos en la zona Altiplano llevaron a cabo la importante detenci\u00f3n de un objetivo criminal, considerado como generador de violencia en diversos municipios de dicha regi\u00f3n.<\/p>\n<p>Los hechos ocurrieron al mediod\u00eda, Polic\u00edas Estatales realizaban un operativo por las calles Ferrocarril y Allende, en el Barrio La Estaci\u00f3n, con el objetivo de inhibir la comisi\u00f3n de hechos delictivos, cuando tuvieron contacto con un masculino, quien se identific\u00f3 como Jefete M., de 45 a\u00f1os de edad, a quien se le asegur\u00f3 lo siguiente:<\/p>\n<p>\u2022 47 bolsas con marihuana, de un peso aproximado de 500 gramos.<br \/>\n\u2022 112 dosis de la droga sint\u00e9tica \u201ccristal\u201d con un peso de 985 gramos aproximadamente.<br \/>\n\u2022 176 dosis de coca\u00edna de un peso total aproximado de 535 gramos.<br \/>\n\u2022 Un veh\u00edculo marca Isuzu, tipo Rodeo, color guinda, con placas de la Ciudad de M\u00e9xico.<br \/>\n\u2022 Veh\u00edculo marca Chevrolet, tipo Beat, color azul, con placas de esta entidad. Ambos sin reporte de robo.<\/p>\n<p>El detenido presuntamente es integrante de un grupo delictivo, generador de violencia en la zona Altiplano.<\/p>\n<p>El presunto, as\u00ed como las 335 dosis de enervantes, quedaron a disposici\u00f3n de la Fiscal\u00eda General de la Rep\u00fablica.<\/p>\n<p>Con estas acciones, la Polic\u00eda Estatal refrenda su compromiso de brindad protecci\u00f3n a las familias y continuar en el combate frontal a la delincuencia y criminalidad.<\/p>\n","protected":false},"excerpt":{"rendered":"<p>CHARCAS, SLP.- En una acci\u00f3n de inteligencia y de acuerdo a los protocolos de actuaci\u00f3n establecidos, Polic\u00edas Estatales adscritos en la zona Altiplano llevaron a cabo la importante detenci\u00f3n de un objetivo criminal, considerado como generador de violencia en diversos municipios de dicha regi\u00f3n. Los &hellip; <\/p>\n","protected":false},"author":1,"featured_media":60424,"comment_status":"open","ping_status":"open","sticky":false,"template":"","format":"standard","meta":{"footnotes":""},"categories":[7,11,4,12,19,5],"tags":[],"class_list":["post-60423","post","type-post","status-publish","format-standard","has-post-thumbnail","hentry","category-ciudad","category-estado","category-inicio","category-nacional","category-policia","category-politica"],"_links":{"self":[{"href":"https:\/\/amanecerhuasteco.com\/portal\/wp-json\/wp\/v2\/posts\/60423","targetHints":{"allow":["GET"]}}],"collection":[{"href":"https:\/\/amanecerhuasteco.com\/portal\/wp-json\/wp\/v2\/posts"}],"about":[{"href":"https:\/\/amanecerhuasteco.com\/portal\/wp-json\/wp\/v2\/types\/post"}],"author":[{"embeddable":true,"href":"https:\/\/amanecerhuasteco.com\/portal\/wp-json\/wp\/v2\/users\/1"}],"replies":[{"embeddable":true,"href":"https:\/\/amanecerhuasteco.com\/portal\/wp-json\/wp\/v2\/comments?post=60423"}],"version-history":[{"count":1,"href":"https:\/\/amanecerhuasteco.com\/portal\/wp-json\/wp\/v2\/posts\/60423\/revisions"}],"predecessor-version":[{"id":60425,"href":"https:\/\/amanecerhuasteco.com\/portal\/wp-json\/wp\/v2\/posts\/60423\/revisions\/60425"}],"wp:featuredmedia":[{"embeddable":true,"href":"https:\/\/amanecerhuasteco.com\/portal\/wp-json\/wp\/v2\/media\/60424"}],"wp:attachment":[{"href":"https:\/\/amanecerhuasteco.com\/portal\/wp-json\/wp\/v2\/media?parent=60423"}],"wp:term":[{"taxonomy":"category","embeddable":true,"href":"https:\/\/amanecerhuasteco.com\/portal\/wp-json\/wp\/v2\/categories?post=60423"},{"taxonomy":"post_tag","embeddable":true,"href":"https:\/\/amanecerhuasteco.com\/portal\/wp-json\/wp\/v2\/tags?post=60423"}],"curies":[{"name":"wp","href":"https:\/\/api.w.org\/{rel}","templated":true}]}}