{"id":60436,"date":"2021-10-14T22:34:32","date_gmt":"2021-10-15T04:34:32","guid":{"rendered":"http:\/\/amanecerhuasteco.com\/portal\/?p=60436"},"modified":"2021-10-14T22:34:32","modified_gmt":"2021-10-15T04:34:32","slug":"reafirma-alcaldesa-ebanense-compromiso-de-dotar-agua-de-calidad-a-su-pueblo","status":"publish","type":"post","link":"https:\/\/amanecerhuasteco.com\/portal\/reafirma-alcaldesa-ebanense-compromiso-de-dotar-agua-de-calidad-a-su-pueblo\/","title":{"rendered":"Reafirma alcaldesa Ebanense compromiso de dotar agua de calidad a su pueblo"},"content":{"rendered":"<p>&nbsp;<\/p>\n<p>\u00c9BANO,- En la primera reuni\u00f3n con la Comisi\u00f3n Estatal de Protecci\u00f3n contra Riesgos Sanitarios -COEPRIS-, la alcaldesa Ma. Soledad Carre\u00f1o Linares reafirm\u00f3 su compromiso de ofrecer a sus conciudadanos agua dom\u00e9stica de calidad.<\/p>\n<p>La posici\u00f3n de la Jefa de Gobierno Local surge de la informaci\u00f3n proporcionada por la Lic. Irene Hern\u00e1ndez Hern\u00e1ndez, Coordinadora de COEPRIS en la Jurisdicci\u00f3n V de la SSA, tocante al abandono y las p\u00e9simas condiciones de la planta potabilizadora de agua, sin el tratamiento y cloraci\u00f3n respectiva durante 7 a\u00f1os, lo que ha representa un riesgo y atentado a la salud p\u00fablica.<\/p>\n<p>Adem\u00e1s, se encuentra en un evidente deterioro, lo mismo que el rastro local, sin pistolete para sacrificio de animales y sierra completamente descompuesta.<\/p>\n<p>Celebrado el acto en la Casa Uno, la alcaldesa Carre\u00f1o Linares precis\u00f3 que en su gobierno las cosas ser\u00e1n completamente diferentes y reales.<\/p>\n<p>Otros temas vinculados con la salud, fue la inspecci\u00f3n al sector comercial para prevenir contagios de COVID, medidas para fiestas de Xantolo y visitas a cementerios, as\u00ed como campa\u00f1as de descacharrizacion.<\/p>\n<p>Participaron funcionarios de diversas direcciones y \u00e1reas, Salud, Obras P\u00fablicas, Oficial\u00eda, Giros Mercantiles, DAPAST, Cultura, Rastro, Protecci\u00f3n Civil, Ecologia y Contralor\u00eda.<\/p>\n","protected":false},"excerpt":{"rendered":"<p>&nbsp; \u00c9BANO,- En la primera reuni\u00f3n con la Comisi\u00f3n Estatal de Protecci\u00f3n contra Riesgos Sanitarios -COEPRIS-, la alcaldesa Ma. Soledad Carre\u00f1o Linares reafirm\u00f3 su compromiso de ofrecer a sus conciudadanos agua dom\u00e9stica de calidad. La posici\u00f3n de la Jefa de Gobierno Local surge de la &hellip; <\/p>\n","protected":false},"author":1,"featured_media":60437,"comment_status":"open","ping_status":"open","sticky":false,"template":"","format":"standard","meta":{"footnotes":""},"categories":[7,22,11,4,12,5],"tags":[],"class_list":["post-60436","post","type-post","status-publish","format-standard","has-post-thumbnail","hentry","category-ciudad","category-ebano","category-estado","category-inicio","category-nacional","category-politica"],"_links":{"self":[{"href":"https:\/\/amanecerhuasteco.com\/portal\/wp-json\/wp\/v2\/posts\/60436","targetHints":{"allow":["GET"]}}],"collection":[{"href":"https:\/\/amanecerhuasteco.com\/portal\/wp-json\/wp\/v2\/posts"}],"about":[{"href":"https:\/\/amanecerhuasteco.com\/portal\/wp-json\/wp\/v2\/types\/post"}],"author":[{"embeddable":true,"href":"https:\/\/amanecerhuasteco.com\/portal\/wp-json\/wp\/v2\/users\/1"}],"replies":[{"embeddable":true,"href":"https:\/\/amanecerhuasteco.com\/portal\/wp-json\/wp\/v2\/comments?post=60436"}],"version-history":[{"count":1,"href":"https:\/\/amanecerhuasteco.com\/portal\/wp-json\/wp\/v2\/posts\/60436\/revisions"}],"predecessor-version":[{"id":60438,"href":"https:\/\/amanecerhuasteco.com\/portal\/wp-json\/wp\/v2\/posts\/60436\/revisions\/60438"}],"wp:featuredmedia":[{"embeddable":true,"href":"https:\/\/amanecerhuasteco.com\/portal\/wp-json\/wp\/v2\/media\/60437"}],"wp:attachment":[{"href":"https:\/\/amanecerhuasteco.com\/portal\/wp-json\/wp\/v2\/media?parent=60436"}],"wp:term":[{"taxonomy":"category","embeddable":true,"href":"https:\/\/amanecerhuasteco.com\/portal\/wp-json\/wp\/v2\/categories?post=60436"},{"taxonomy":"post_tag","embeddable":true,"href":"https:\/\/amanecerhuasteco.com\/portal\/wp-json\/wp\/v2\/tags?post=60436"}],"curies":[{"name":"wp","href":"https:\/\/api.w.org\/{rel}","templated":true}]}}