{"id":609,"date":"2010-01-05T19:04:39","date_gmt":"2010-01-06T01:04:39","guid":{"rendered":"http:\/\/amanecerhuasteco.com\/portal\/2010\/01\/05\/dia-del-periodista\/"},"modified":"2010-01-05T19:04:39","modified_gmt":"2010-01-06T01:04:39","slug":"dia-del-periodista","status":"publish","type":"post","link":"https:\/\/amanecerhuasteco.com\/portal\/dia-del-periodista\/","title":{"rendered":"D\u00eda del Periodista"},"content":{"rendered":"<p style=\"text-align: justify\" class=\"MsoNormal\"><strong><span class=\"titulorojomenor1\"><span style=\"font-size: 11pt; font-family: 'Trebuchet MS','sans-serif'; color: black\">FELICIDADES \u201cTROPA\u201d<\/span><\/span><\/strong><\/p>\n<p style=\"text-align: justify\" class=\"MsoNormal\"><span class=\"titulorojomenor1\"><span style=\"font-size: 11pt; font-family: 'Trebuchet MS','sans-serif'; color: black; font-weight: normal\">\u00a0<\/span><\/span><\/p>\n<p style=\"text-align: justify\" class=\"MsoNormal\"><span class=\"titulorojomenor1\"><span style=\"font-size: 11pt; font-family: 'Trebuchet MS','sans-serif'; color: black; font-weight: normal\">El pasado 4 de enero celebramos en M\u00e9xico el D\u00eda del Periodista, y en caso particular de la zona Huasteca fue considerado como el d\u00eda del reportero quien busca diariamente la noticia para informar a la sociedad.<\/span><\/span><\/p>\n<p style=\"text-align: justify\" class=\"MsoNormal\"><span class=\"titulorojomenor1\"><span style=\"font-size: 11pt; font-family: 'Trebuchet MS','sans-serif'; color: black; font-weight: normal\">El ayuntamiento ofreci\u00f3 un<span>\u00a0 <\/span>desayuno a los trabajadores de la pluma para reconocer su labor y reconoci\u00f3 que sus se\u00f1alamientos enriquecen a su gobierno.<\/span><\/span><\/p>\n<p style=\"text-align: justify\" class=\"MsoNormal\"><span class=\"titulorojomenor1\"><span style=\"font-size: 11pt; font-family: 'Trebuchet MS','sans-serif'; color: black; font-weight: normal\">Por lo que en el marco del D\u00eda del Periodista, es justo recordar aquellos desaparecidos pero que forjaron el periodismo en Ciudad Valles y la Huasteca Potosina, como: Ricardo Figueroa S\u00e1nchez, Genaro Zuviri, Jos\u00e9 Zerme\u00f1o, Manuel Chavero, Filiberto Parra Alonso, Fernando de la Pascua, Ascenci\u00f3n Guerrero Trejo, Jaime Oyarvide S\u00e1nchez, Jos\u00e9 Luis Cepeda, entre muchos otros.<\/span><\/span><\/p>\n<p style=\"text-align: justify\" class=\"MsoNormal\"><span class=\"titulorojomenor1\"><span style=\"font-size: 11pt; font-family: 'Trebuchet MS','sans-serif'; color: black; font-weight: normal\">\u00a0<\/span><\/span><\/p>\n<p style=\"text-align: justify\" class=\"MsoNormal\"><span style=\"font-size: 11pt; font-family: 'Trebuchet MS','sans-serif'; color: black\">E<span class=\"contenidonotas1\"><span style=\"font-family: 'Trebuchet MS','sans-serif'\">st\u00e9 d\u00eda<span>\u00a0 <\/span>se recuerda <span>\u00a0<\/span>el trabajo cotidiano que se realiza en todas las trincheras de la informaci\u00f3n: las redacciones, el periodismo de investigaci\u00f3n<span>\u00a0 <\/span>que nos llevan a apreciar la importancia que tiene la actividad periodistica en el desarrollo de la sociedad, ya que mucho de lo que se escribe forma opini\u00f3n y juicios de la gente.<\/span><\/span><\/span><\/p>\n<p style=\"text-align: justify\" class=\"MsoNormal\"><span class=\"contenidonotas1\"><span style=\"font-size: 11pt; font-family: 'Trebuchet MS','sans-serif'\">El pasado mes 27 de Octubre, los trabajadores de los medios de comunicaci\u00f3n en Valles y la Huasteca decidimos organizarnos para cumplir con el compromiso con la sociedad que es dar \u201cservicio a la comunidad como responsabilidad social\u201d, \u201cinformar con la verdad\u201d y preocuparnos diariamente por la profesionalizaci\u00f3n para cumplir con nuestro objetivo y se qued\u00f3 constituida la Asociaci\u00f3n Civil COMUNICADORES DE VALLES Y LA HUASTECA A.C. que la integran 55 socios.<\/span><\/span><\/p>\n<p style=\"text-align: justify\" class=\"MsoNormal\"><span class=\"contenidonotas1\"><span style=\"font-size: 11pt; font-family: 'Trebuchet MS','sans-serif'\">\u00a0<\/span><\/span><\/p>\n<p style=\"text-align: justify\" class=\"MsoNormal\"><span class=\"contenidonotas1\"><span style=\"font-size: 11pt; font-family: 'Trebuchet MS','sans-serif'\">Y nadie debe de olvidar lo estipulado en el Primer Congreso Panamericano de Periodistas realizado en abril de 1926 que dice. \u201cNADIE DEBE DE ESCRIBIR COMO PERIODISTA LO QUE NO PUEDA DECIR COMO CABALLERO\u201d.<\/span><\/span><\/p>\n","protected":false},"excerpt":{"rendered":"<p>FELICIDADES \u201cTROPA\u201d \u00a0 El pasado 4 de enero celebramos en M\u00e9xico el D\u00eda del Periodista, y en caso particular de la zona Huasteca fue considerado como el d\u00eda del reportero quien busca diariamente la noticia para informar a la sociedad. El ayuntamiento ofreci\u00f3 un\u00a0 desayuno &hellip; <\/p>\n","protected":false},"author":1,"featured_media":17874,"comment_status":"open","ping_status":"open","sticky":false,"template":"","format":"standard","meta":{"footnotes":""},"categories":[17],"tags":[],"class_list":["post-609","post","type-post","status-publish","format-standard","has-post-thumbnail","hentry","category-colaboraciones"],"_links":{"self":[{"href":"https:\/\/amanecerhuasteco.com\/portal\/wp-json\/wp\/v2\/posts\/609","targetHints":{"allow":["GET"]}}],"collection":[{"href":"https:\/\/amanecerhuasteco.com\/portal\/wp-json\/wp\/v2\/posts"}],"about":[{"href":"https:\/\/amanecerhuasteco.com\/portal\/wp-json\/wp\/v2\/types\/post"}],"author":[{"embeddable":true,"href":"https:\/\/amanecerhuasteco.com\/portal\/wp-json\/wp\/v2\/users\/1"}],"replies":[{"embeddable":true,"href":"https:\/\/amanecerhuasteco.com\/portal\/wp-json\/wp\/v2\/comments?post=609"}],"version-history":[{"count":0,"href":"https:\/\/amanecerhuasteco.com\/portal\/wp-json\/wp\/v2\/posts\/609\/revisions"}],"wp:featuredmedia":[{"embeddable":true,"href":"https:\/\/amanecerhuasteco.com\/portal\/wp-json\/wp\/v2\/media\/17874"}],"wp:attachment":[{"href":"https:\/\/amanecerhuasteco.com\/portal\/wp-json\/wp\/v2\/media?parent=609"}],"wp:term":[{"taxonomy":"category","embeddable":true,"href":"https:\/\/amanecerhuasteco.com\/portal\/wp-json\/wp\/v2\/categories?post=609"},{"taxonomy":"post_tag","embeddable":true,"href":"https:\/\/amanecerhuasteco.com\/portal\/wp-json\/wp\/v2\/tags?post=609"}],"curies":[{"name":"wp","href":"https:\/\/api.w.org\/{rel}","templated":true}]}}