{"id":61891,"date":"2021-11-30T21:49:49","date_gmt":"2021-12-01T03:49:49","guid":{"rendered":"http:\/\/amanecerhuasteco.com\/portal\/?p=61891"},"modified":"2021-12-02T15:40:58","modified_gmt":"2021-12-02T21:40:58","slug":"iniciara-cosecha-en-crudo-y-alza-manual-en-la-zona-de-abasto-del-ingenio-alianza-popular-falcon-saldierna","status":"publish","type":"post","link":"https:\/\/amanecerhuasteco.com\/portal\/iniciara-cosecha-en-crudo-y-alza-manual-en-la-zona-de-abasto-del-ingenio-alianza-popular-falcon-saldierna\/","title":{"rendered":"Iniciar\u00e1 cosecha en verde y alza manual en la zona de abasto del Ingenio Alianza Popular: Falc\u00f3n Saldierna"},"content":{"rendered":"<p>&nbsp;<\/p>\n<p>Tamasopo.- Con el prop\u00f3sito de cumplir con el abasto de materia prima al Ingenio Alianza Popular, se acord\u00f3 en el comit\u00e9 de producci\u00f3n y calidad ca\u00f1era, iniciar la cosecha de ca\u00f1a en verde\u00a0 con cosechadora y el alza manual.<\/p>\n<p>Falc\u00f3n Saldierna Mart\u00ednez, Presidente de la Asociaci\u00f3n Local de Ca\u00f1eros CNPR de Alianza Popular, en entrevista con Amanecer Huasteco, dijo que a 9 d\u00edas de la zafra 2021-2022, se han molido 45, 669 toneladas de ca\u00f1a, con un rendimiento KARBE de 120.39.<\/p>\n<p>Reconoci\u00f3, que no se ha podido regularizar en el corte de ca\u00f1a, ni en el acarreo de la materia prima por el clima, ya que el cortador no rinde y la cosecha se afecta con las lluvias, pero en breve se espera normalizar y abastecer puntalmente de ca\u00f1a fresca a la f\u00e1brica.<\/p>\n<p>Inform\u00f3, que la molienda estimada diaria de cuerdo al programa de cosecha con el ingenio es de 6,600 toneladas por d\u00eda, pero no se ha podido abastecer en su totalidad, pero en cuanto se normalice el clima se abastecer\u00e1 de manera puntual y sin problema.<\/p>\n<p>Actualmente, trabajan en el campo ca\u00f1ero 1800 cortadores, y se abrir\u00e1n nuevas zonas de corte, se acord\u00f3 echar andar las \u201ccosechadoras de ca\u00f1a en verde\u201d y alza manual, para complementar la ca\u00f1a que falta para la molienda.<\/p>\n<p>&nbsp;<\/p>\n<p>&#8212;<\/p>\n","protected":false},"excerpt":{"rendered":"<p>&nbsp; Tamasopo.- Con el prop\u00f3sito de cumplir con el abasto de materia prima al Ingenio Alianza Popular, se acord\u00f3 en el comit\u00e9 de producci\u00f3n y calidad ca\u00f1era, iniciar la cosecha de ca\u00f1a en verde\u00a0 con cosechadora y el alza manual. Falc\u00f3n Saldierna Mart\u00ednez, Presidente de &hellip; <\/p>\n","protected":false},"author":1,"featured_media":61892,"comment_status":"open","ping_status":"open","sticky":false,"template":"","format":"standard","meta":{"footnotes":""},"categories":[13,25,14,28,29,7,11,16,4,12,21,20],"tags":[],"class_list":["post-61891","post","type-post","status-publish","format-standard","has-post-thumbnail","hentry","category-agropecuaria","category-aquismon","category-caneros","category-cnc","category-cnpr","category-ciudad","category-estado","category-ingenios","category-inicio","category-nacional","category-tamasopo","category-tamuin"],"_links":{"self":[{"href":"https:\/\/amanecerhuasteco.com\/portal\/wp-json\/wp\/v2\/posts\/61891","targetHints":{"allow":["GET"]}}],"collection":[{"href":"https:\/\/amanecerhuasteco.com\/portal\/wp-json\/wp\/v2\/posts"}],"about":[{"href":"https:\/\/amanecerhuasteco.com\/portal\/wp-json\/wp\/v2\/types\/post"}],"author":[{"embeddable":true,"href":"https:\/\/amanecerhuasteco.com\/portal\/wp-json\/wp\/v2\/users\/1"}],"replies":[{"embeddable":true,"href":"https:\/\/amanecerhuasteco.com\/portal\/wp-json\/wp\/v2\/comments?post=61891"}],"version-history":[{"count":2,"href":"https:\/\/amanecerhuasteco.com\/portal\/wp-json\/wp\/v2\/posts\/61891\/revisions"}],"predecessor-version":[{"id":62016,"href":"https:\/\/amanecerhuasteco.com\/portal\/wp-json\/wp\/v2\/posts\/61891\/revisions\/62016"}],"wp:featuredmedia":[{"embeddable":true,"href":"https:\/\/amanecerhuasteco.com\/portal\/wp-json\/wp\/v2\/media\/61892"}],"wp:attachment":[{"href":"https:\/\/amanecerhuasteco.com\/portal\/wp-json\/wp\/v2\/media?parent=61891"}],"wp:term":[{"taxonomy":"category","embeddable":true,"href":"https:\/\/amanecerhuasteco.com\/portal\/wp-json\/wp\/v2\/categories?post=61891"},{"taxonomy":"post_tag","embeddable":true,"href":"https:\/\/amanecerhuasteco.com\/portal\/wp-json\/wp\/v2\/tags?post=61891"}],"curies":[{"name":"wp","href":"https:\/\/api.w.org\/{rel}","templated":true}]}}