{"id":62006,"date":"2021-12-02T15:21:56","date_gmt":"2021-12-02T21:21:56","guid":{"rendered":"http:\/\/amanecerhuasteco.com\/portal\/?p=62006"},"modified":"2021-12-02T15:21:56","modified_gmt":"2021-12-02T21:21:56","slug":"propone-dip-ruben-guajardo-barrera-ampliacion-del-programa-vialidades-potosinas-para-incorporar-obras-peatonales-rehabilitacion-de-areas-verdes-y-medios-alternativos-como-ciclovias","status":"publish","type":"post","link":"https:\/\/amanecerhuasteco.com\/portal\/propone-dip-ruben-guajardo-barrera-ampliacion-del-programa-vialidades-potosinas-para-incorporar-obras-peatonales-rehabilitacion-de-areas-verdes-y-medios-alternativos-como-ciclovias\/","title":{"rendered":"Propone dip. Rub\u00e9n Guajardo Barrera ampliaci\u00f3n del programa vialidades potosinas para incorporar obras peatonales, rehabilitaci\u00f3n de \u00e1reas verdes y medios alternativos como ciclov\u00edas  \u00a0"},"content":{"rendered":"<p><strong>-PRESENTA PUNTO DE ACUERDO PARA QUE LA LXIII LEGIOSLATURA EXHORTE AL PRESIDENTE MUNICIPAL DE LA CAPITAL A INCLUIR ESTAS PROPUESTAS<\/strong><\/p>\n<p>&nbsp;<\/p>\n<p>El diputado Rub\u00e9n Guajardo Barrera present\u00f3 un Punto de Acuerdo para exhortar al presidente municipal de la Capital de San Luis Potos\u00ed, Enrique Galindo Ceballos, para que en su programa Vialidades Potosinas, incorpore una perspectiva sustentable de forma integral, que incluya obras peatonales seguras, rehabilitaci\u00f3n de \u00e1reas verdes, e infraestructura para medios alternativos de transporte como bicicletas y ciclov\u00edas.<\/p>\n<p>&nbsp;<\/p>\n<p>Record\u00f3 que recientemente, la actual administraci\u00f3n del municipio de la Capital de San Luis Potos\u00ed, present\u00f3 al p\u00fablico el programa Vialidades Potosinas, que se pretende realizar a lo largo de los tres a\u00f1os de su gesti\u00f3n.\u00a0 El programa consta de dos ejes; la rehabilitaci\u00f3n del pavimento, y la construcci\u00f3n de obras de vialidad. Si se cumplen los objetivos proyectados, el programa tendr\u00e1 un impacto positivo sobre la movilidad de la ciudad.<\/p>\n<p>&nbsp;<\/p>\n<p>Abund\u00f3 que, no obstante, el programa tiene su principal eje en los veh\u00edculos automotores que, si bien es un aspecto clave de la movilidad en cualquier ciudad, no es el \u00fanico. Seg\u00fan el estudio denominado \u00cdndice de Movilidad Urbana, la ciudad de San Luis Potos\u00ed y Soledad de Graciano S\u00e1nchez, considerando su naturaleza de zona metropolitana, la ubican en el lugar 13 de 20, en el grado \u201cmedio bajo\u201d, al incluir aspectos como accesibilidad peatonal y ciclista, se\u00f1alando la necesidad de alternativas de transporte, como las ciclov\u00edas y los pasos peatonales.<\/p>\n<p>&nbsp;<\/p>\n<p>Guajardo Barrera expuso que tales opciones pueden lograr un impacto positivo en la movilidad y en la vida de los habitantes, al disminuir la carga vehicular, fomentar la integraci\u00f3n de diferentes rutas y medios de transporte en un solo esquema de movilidad, promover la activaci\u00f3n f\u00edsica, e incluso disminuir la contaminaci\u00f3n. No se requiere un estudio para verificar las dif\u00edciles condiciones de la ciudad para los peatones y los ciclistas, siendo un hecho que se experimenta d\u00eda a d\u00eda por muchos habitantes.<\/p>\n<p>&nbsp;<\/p>\n<p>Por ello, abund\u00f3 el legislador, se requiere que en el programa municipal, se incluya una perspectiva sustentable, que involucre en mayor medida, acciones para la seguridad del peat\u00f3n, rehabilitaci\u00f3n de \u00e1reas verdes, y se contemple la planificaci\u00f3n de estructura para transporte alternativo como ciclov\u00edas, en los lugares donde puedan tener un mayor impacto en la movilidad.<\/p>\n<p>&nbsp;<\/p>\n<p>\u201cPor motivos pr\u00e1cticos, ambientales, de movilidad sustentable y de inclusi\u00f3n, sin duda en nuestra ciudad se requiere promover, de forma planeada, los medios alternativos de transporte, como la bicicleta, as\u00ed como acciones para mejorar la seguridad y la experiencia en el desplazamiento de los peatones y un fortalecimiento de la perspectiva ambiental en la planeaci\u00f3n urbana, todo en beneficio de los habitantes de la ciudad; sobre todo con miras a futuro m\u00e1s amigable con el entorno ecol\u00f3gico y que promueva el uso de medios de transporte m\u00e1s eficientes y sanos\u201d, puntualiz\u00f3.<\/p>\n<p>&nbsp;<\/p>\n<p>El Punto de Acuerdo fue turnado a la Comisi\u00f3n de Comunicaciones y Transportes para su an\u00e1lisis.<\/p>\n<p>&nbsp;<\/p>\n","protected":false},"excerpt":{"rendered":"<p>-PRESENTA PUNTO DE ACUERDO PARA QUE LA LXIII LEGIOSLATURA EXHORTE AL PRESIDENTE MUNICIPAL DE LA CAPITAL A INCLUIR ESTAS PROPUESTAS &nbsp; El diputado Rub\u00e9n Guajardo Barrera present\u00f3 un Punto de Acuerdo para exhortar al presidente municipal de la Capital de San Luis Potos\u00ed, Enrique Galindo &hellip; <\/p>\n","protected":false},"author":1,"featured_media":62007,"comment_status":"open","ping_status":"open","sticky":false,"template":"","format":"standard","meta":{"footnotes":""},"categories":[23,4],"tags":[],"class_list":["post-62006","post","type-post","status-publish","format-standard","has-post-thumbnail","hentry","category-congreso","category-inicio"],"_links":{"self":[{"href":"https:\/\/amanecerhuasteco.com\/portal\/wp-json\/wp\/v2\/posts\/62006","targetHints":{"allow":["GET"]}}],"collection":[{"href":"https:\/\/amanecerhuasteco.com\/portal\/wp-json\/wp\/v2\/posts"}],"about":[{"href":"https:\/\/amanecerhuasteco.com\/portal\/wp-json\/wp\/v2\/types\/post"}],"author":[{"embeddable":true,"href":"https:\/\/amanecerhuasteco.com\/portal\/wp-json\/wp\/v2\/users\/1"}],"replies":[{"embeddable":true,"href":"https:\/\/amanecerhuasteco.com\/portal\/wp-json\/wp\/v2\/comments?post=62006"}],"version-history":[{"count":1,"href":"https:\/\/amanecerhuasteco.com\/portal\/wp-json\/wp\/v2\/posts\/62006\/revisions"}],"predecessor-version":[{"id":62008,"href":"https:\/\/amanecerhuasteco.com\/portal\/wp-json\/wp\/v2\/posts\/62006\/revisions\/62008"}],"wp:featuredmedia":[{"embeddable":true,"href":"https:\/\/amanecerhuasteco.com\/portal\/wp-json\/wp\/v2\/media\/62007"}],"wp:attachment":[{"href":"https:\/\/amanecerhuasteco.com\/portal\/wp-json\/wp\/v2\/media?parent=62006"}],"wp:term":[{"taxonomy":"category","embeddable":true,"href":"https:\/\/amanecerhuasteco.com\/portal\/wp-json\/wp\/v2\/categories?post=62006"},{"taxonomy":"post_tag","embeddable":true,"href":"https:\/\/amanecerhuasteco.com\/portal\/wp-json\/wp\/v2\/tags?post=62006"}],"curies":[{"name":"wp","href":"https:\/\/api.w.org\/{rel}","templated":true}]}}