{"id":62048,"date":"2021-12-02T22:07:13","date_gmt":"2021-12-03T04:07:13","guid":{"rendered":"http:\/\/amanecerhuasteco.com\/portal\/?p=62048"},"modified":"2021-12-02T22:07:13","modified_gmt":"2021-12-03T04:07:13","slug":"zafra-2021-2022-en-ingenio-plan-de-ayala-supera-las-140-mil-toneladas-molidas","status":"publish","type":"post","link":"https:\/\/amanecerhuasteco.com\/portal\/zafra-2021-2022-en-ingenio-plan-de-ayala-supera-las-140-mil-toneladas-molidas\/","title":{"rendered":"Zafra 2021-2022 en Ingenio Plan de Ayala supera las 140 mil toneladas molidas"},"content":{"rendered":"<ul>\n<li>Cortadores reciben equipo y se participa en la erradicaci\u00f3n del trabajo infantil<\/li>\n<\/ul>\n<p>Ciudad Valles.- \u00a0El Comit\u00e9 de Producci\u00f3n y Calidad Ca\u00f1era del Ingenio Plan de Ayala, celebr\u00f3 reuni\u00f3n en donde se inform\u00f3 que hasta este 1 de diciembre con 25 d\u00edas de zafra 2021-2022 han sido molidas 140 781 toneladas de ca\u00f1a.<\/p>\n<p>De acuerdo a informaci\u00f3n proporcionada por integrantes de este comit\u00e9, con 25 d\u00edas de zafra, y con una molienda de 140,781 toneladas de ca\u00f1a, se lleva un rendimiento diario de 117.359 y un rendimiento KARBE acumulado de 114.382.<\/p>\n<p>As\u00ed mismo la cosecha se vio afectada por las lluvias pasadas, sin embargo, se encuentran trabajando en el corte de ca\u00f1a 1800 cortadores de ca\u00f1a, y se abastece la cuota diaria de 6,300 toneladas al Ingenio Plan de Ayala.<\/p>\n<p>Cabe destacar, que el Comit\u00e9 de Producci\u00f3n y Calidad Ca\u00f1era del Ingenio Plan de Ayala, se suman a las acciones de la \u201cOrganizaci\u00f3n Internacional del Trabajo\u201d, para desarrollar el Programa Internacional para la Erradicaci\u00f3n del Trabajo Infantil en la cosecha de ca\u00f1a de az\u00facar.<\/p>\n<p>Donde adem\u00e1s se capacita y se equipa a los \u201ccortadores de ca\u00f1a\u201d, para dar mayor seguridad en el trabajo en los campos ca\u00f1eros, entregando (Equipo de seguridad a cortadores, gorras con orejeras, guantes, termos, rodilleras, espinillera protecci\u00f3n, lentes, mallas sombrereras, en un evento realizado en el ejido Santa Elena).<\/p>\n<p>&nbsp;<\/p>\n<p>&#8212;<\/p>\n","protected":false},"excerpt":{"rendered":"<p>Cortadores reciben equipo y se participa en la erradicaci\u00f3n del trabajo infantil Ciudad Valles.- \u00a0El Comit\u00e9 de Producci\u00f3n y Calidad Ca\u00f1era del Ingenio Plan de Ayala, celebr\u00f3 reuni\u00f3n en donde se inform\u00f3 que hasta este 1 de diciembre con 25 d\u00edas de zafra 2021-2022 han &hellip; <\/p>\n","protected":false},"author":1,"featured_media":61367,"comment_status":"open","ping_status":"open","sticky":false,"template":"","format":"standard","meta":{"footnotes":""},"categories":[13,14,28,29,7,22,16,4,20],"tags":[],"class_list":["post-62048","post","type-post","status-publish","format-standard","has-post-thumbnail","hentry","category-agropecuaria","category-caneros","category-cnc","category-cnpr","category-ciudad","category-ebano","category-ingenios","category-inicio","category-tamuin"],"_links":{"self":[{"href":"https:\/\/amanecerhuasteco.com\/portal\/wp-json\/wp\/v2\/posts\/62048","targetHints":{"allow":["GET"]}}],"collection":[{"href":"https:\/\/amanecerhuasteco.com\/portal\/wp-json\/wp\/v2\/posts"}],"about":[{"href":"https:\/\/amanecerhuasteco.com\/portal\/wp-json\/wp\/v2\/types\/post"}],"author":[{"embeddable":true,"href":"https:\/\/amanecerhuasteco.com\/portal\/wp-json\/wp\/v2\/users\/1"}],"replies":[{"embeddable":true,"href":"https:\/\/amanecerhuasteco.com\/portal\/wp-json\/wp\/v2\/comments?post=62048"}],"version-history":[{"count":1,"href":"https:\/\/amanecerhuasteco.com\/portal\/wp-json\/wp\/v2\/posts\/62048\/revisions"}],"predecessor-version":[{"id":62049,"href":"https:\/\/amanecerhuasteco.com\/portal\/wp-json\/wp\/v2\/posts\/62048\/revisions\/62049"}],"wp:featuredmedia":[{"embeddable":true,"href":"https:\/\/amanecerhuasteco.com\/portal\/wp-json\/wp\/v2\/media\/61367"}],"wp:attachment":[{"href":"https:\/\/amanecerhuasteco.com\/portal\/wp-json\/wp\/v2\/media?parent=62048"}],"wp:term":[{"taxonomy":"category","embeddable":true,"href":"https:\/\/amanecerhuasteco.com\/portal\/wp-json\/wp\/v2\/categories?post=62048"},{"taxonomy":"post_tag","embeddable":true,"href":"https:\/\/amanecerhuasteco.com\/portal\/wp-json\/wp\/v2\/tags?post=62048"}],"curies":[{"name":"wp","href":"https:\/\/api.w.org\/{rel}","templated":true}]}}