{"id":62165,"date":"2021-12-06T06:35:02","date_gmt":"2021-12-06T12:35:02","guid":{"rendered":"http:\/\/amanecerhuasteco.com\/portal\/?p=62165"},"modified":"2021-12-06T06:35:02","modified_gmt":"2021-12-06T12:35:02","slug":"acude-alcalde-david-medina-a-observar-desarrollo-de-feria-profesiografica","status":"publish","type":"post","link":"https:\/\/amanecerhuasteco.com\/portal\/acude-alcalde-david-medina-a-observar-desarrollo-de-feria-profesiografica\/","title":{"rendered":"\u00a0Acude alcalde david medina a observar desarrollo de feria profesiogr\u00e1fica\u00a0"},"content":{"rendered":"<p><strong>\u00a0<\/strong><\/p>\n<p><strong>\u00a0<\/strong><\/p>\n<p>&nbsp;<\/p>\n<p>Ciudad Valles, S.L.P.- Uno de los eventos m\u00e1s significativos para los estudiantes de nivel medio y medio superior es el desarrollo de la feria profesiogr\u00e1fica en el que los planteles educativos presentan su oferta para el siguiente ciclo escolar, por lo cual el alcalde David Armando Medina Salazar, acudi\u00f3 a observar cada m\u00f3dulo instalado de las escuelas.<\/p>\n<p>Este evento se desarroll\u00f3 en el Centro Deportivo \u201cLic. Manuel G\u00f3mez Mor\u00edn\u201d, donde se dieron cita cientos de estudiantes de los niveles educativos, medio y medio superior, hicieron las preguntas necesaria para despejar sus dudas sobre lo que cada plantel le ofrec\u00eda para desarrollarse acad\u00e9micamente.<\/p>\n<p>Entre las escuelas de nivel superior que presentaron sus licenciaturas, ingenier\u00edas u otras ofertas, fueron el Tecnol\u00f3gico Nacional de M\u00e9xico, Campus Valles, la Universidad Intercultural de San Luis Potos\u00ed, Campus Valles, as\u00ed como otros centros educativos de este municipio y de otros estados.<\/p>\n<p>Adem\u00e1s por parte del Servicio Nacional del Empleo, se instal\u00f3 un m\u00f3dulo con vacantes de algunas empresas locales para egresados en b\u00fasqueda de alguna oferta laboral.<\/p>\n<p>&#8212;<\/p>\n","protected":false},"excerpt":{"rendered":"<p>\u00a0 \u00a0 &nbsp; Ciudad Valles, S.L.P.- Uno de los eventos m\u00e1s significativos para los estudiantes de nivel medio y medio superior es el desarrollo de la feria profesiogr\u00e1fica en el que los planteles educativos presentan su oferta para el siguiente ciclo escolar, por lo cual &hellip; <\/p>\n","protected":false},"author":1,"featured_media":62166,"comment_status":"open","ping_status":"open","sticky":false,"template":"","format":"standard","meta":{"footnotes":""},"categories":[7,4],"tags":[],"class_list":["post-62165","post","type-post","status-publish","format-standard","has-post-thumbnail","hentry","category-ciudad","category-inicio"],"_links":{"self":[{"href":"https:\/\/amanecerhuasteco.com\/portal\/wp-json\/wp\/v2\/posts\/62165","targetHints":{"allow":["GET"]}}],"collection":[{"href":"https:\/\/amanecerhuasteco.com\/portal\/wp-json\/wp\/v2\/posts"}],"about":[{"href":"https:\/\/amanecerhuasteco.com\/portal\/wp-json\/wp\/v2\/types\/post"}],"author":[{"embeddable":true,"href":"https:\/\/amanecerhuasteco.com\/portal\/wp-json\/wp\/v2\/users\/1"}],"replies":[{"embeddable":true,"href":"https:\/\/amanecerhuasteco.com\/portal\/wp-json\/wp\/v2\/comments?post=62165"}],"version-history":[{"count":1,"href":"https:\/\/amanecerhuasteco.com\/portal\/wp-json\/wp\/v2\/posts\/62165\/revisions"}],"predecessor-version":[{"id":62167,"href":"https:\/\/amanecerhuasteco.com\/portal\/wp-json\/wp\/v2\/posts\/62165\/revisions\/62167"}],"wp:featuredmedia":[{"embeddable":true,"href":"https:\/\/amanecerhuasteco.com\/portal\/wp-json\/wp\/v2\/media\/62166"}],"wp:attachment":[{"href":"https:\/\/amanecerhuasteco.com\/portal\/wp-json\/wp\/v2\/media?parent=62165"}],"wp:term":[{"taxonomy":"category","embeddable":true,"href":"https:\/\/amanecerhuasteco.com\/portal\/wp-json\/wp\/v2\/categories?post=62165"},{"taxonomy":"post_tag","embeddable":true,"href":"https:\/\/amanecerhuasteco.com\/portal\/wp-json\/wp\/v2\/tags?post=62165"}],"curies":[{"name":"wp","href":"https:\/\/api.w.org\/{rel}","templated":true}]}}