{"id":62294,"date":"2021-12-07T16:32:42","date_gmt":"2021-12-07T22:32:42","guid":{"rendered":"http:\/\/amanecerhuasteco.com\/portal\/?p=62294"},"modified":"2021-12-07T16:32:42","modified_gmt":"2021-12-07T22:32:42","slug":"recorre-ruth-gonzalez-unidades-de-rehabilitacion-del-altiplano","status":"publish","type":"post","link":"https:\/\/amanecerhuasteco.com\/portal\/recorre-ruth-gonzalez-unidades-de-rehabilitacion-del-altiplano\/","title":{"rendered":"Recorre Ruth Gonz\u00e1lez unidades de rehabilitaci\u00f3n del altiplano"},"content":{"rendered":"<p>&nbsp;<\/p>\n<ul>\n<li><strong>La presidenta del Sistema Estatal para el Desarrollo Integral de la Familia se compromete a mejorar y a equipar estos espacios para una mejor atenci\u00f3n de las personas con discapacidad. <\/strong><\/li>\n<\/ul>\n<p>&nbsp;<\/p>\n<p>Uno de los objetivos prioritarios del Gobierno que encabeza Ricardo Gallardo Cardona es lograr una efectiva inclusi\u00f3n social de las personas con discapacidad, por lo que la presidenta de la junta directiva del Sistema Estatal para el Desarrollo Integral de la Familia (DIF) Ruth Gonz\u00e1lez Silva, visit\u00f3 las Unidades B\u00e1sicas de Rehabilitaci\u00f3n (UBR) de la zona del Altiplano, para verificar la situaci\u00f3n en la que se encuentran, a fin de conocer y atender las necesidades de infraestructura que requieren para mejorar su atenci\u00f3n a la ciudadan\u00eda.<\/p>\n<p>&nbsp;<\/p>\n<p>Durante el recorrido, realizado a la UBR\u00b4s de Vanegas, Cedral, Villa de la Paz y Matehuala, se visitaron las salas de terapia de lenguaje, \u00e1rea de discapacidad motora, espacios de terapia f\u00edsica y \u00e1rea de pacientes postcovid, para constatar las condiciones que guardan y as\u00ed identificar las necesidades en cuanto a equipo especializado e instalaciones f\u00edsicas, mismas que ser\u00e1n atendidas de inmediato de acuerdo al compromiso acordado.<\/p>\n<p>&nbsp;<\/p>\n<p>En esta gira de trabajo, tambi\u00e9n se entreg\u00f3 equipo tecnol\u00f3gico de alta gama, as\u00ed como sillas de ruedas a usuarios y usuarias de la UBR del municipio de Cedral, esto en respuesta a una solicitud previa hecha por los administradores de la unidad.<\/p>\n<p>&nbsp;<\/p>\n<p>Gonz\u00e1lez Silva aprovech\u00f3 la oportunidad para asegurar que habr\u00e1 continuidad por parte del DIF Estatal en el apoyo en la contrataci\u00f3n de personal especializado y equipamiento adecuado, lo mismo en la mejora de la infraestructura para la eficiente operaci\u00f3n de estos recintos, ya que se trata de mejorar la atenci\u00f3n que se brinda a ni\u00f1as, ni\u00f1os, j\u00f3venes y adultos con discapacidad.<\/p>\n<p>&nbsp;<\/p>\n<p>Por su parte, los presidentes municipales, representantes de cada sistema municipal de DIF, as\u00ed como responsables de las UBR de toda la zona Altiplano, agradecieron la visita de Gonz\u00e1lez Silva y aseguraron que era la primera vez que una presidenta del DIF Estatal realizaba una visita como esta.<\/p>\n<p>&nbsp;<\/p>\n","protected":false},"excerpt":{"rendered":"<p>&nbsp; La presidenta del Sistema Estatal para el Desarrollo Integral de la Familia se compromete a mejorar y a equipar estos espacios para una mejor atenci\u00f3n de las personas con discapacidad. &nbsp; Uno de los objetivos prioritarios del Gobierno que encabeza Ricardo Gallardo Cardona es &hellip; <\/p>\n","protected":false},"author":1,"featured_media":62295,"comment_status":"open","ping_status":"open","sticky":false,"template":"","format":"standard","meta":{"footnotes":""},"categories":[11,4],"tags":[],"class_list":["post-62294","post","type-post","status-publish","format-standard","has-post-thumbnail","hentry","category-estado","category-inicio"],"_links":{"self":[{"href":"https:\/\/amanecerhuasteco.com\/portal\/wp-json\/wp\/v2\/posts\/62294","targetHints":{"allow":["GET"]}}],"collection":[{"href":"https:\/\/amanecerhuasteco.com\/portal\/wp-json\/wp\/v2\/posts"}],"about":[{"href":"https:\/\/amanecerhuasteco.com\/portal\/wp-json\/wp\/v2\/types\/post"}],"author":[{"embeddable":true,"href":"https:\/\/amanecerhuasteco.com\/portal\/wp-json\/wp\/v2\/users\/1"}],"replies":[{"embeddable":true,"href":"https:\/\/amanecerhuasteco.com\/portal\/wp-json\/wp\/v2\/comments?post=62294"}],"version-history":[{"count":1,"href":"https:\/\/amanecerhuasteco.com\/portal\/wp-json\/wp\/v2\/posts\/62294\/revisions"}],"predecessor-version":[{"id":62296,"href":"https:\/\/amanecerhuasteco.com\/portal\/wp-json\/wp\/v2\/posts\/62294\/revisions\/62296"}],"wp:featuredmedia":[{"embeddable":true,"href":"https:\/\/amanecerhuasteco.com\/portal\/wp-json\/wp\/v2\/media\/62295"}],"wp:attachment":[{"href":"https:\/\/amanecerhuasteco.com\/portal\/wp-json\/wp\/v2\/media?parent=62294"}],"wp:term":[{"taxonomy":"category","embeddable":true,"href":"https:\/\/amanecerhuasteco.com\/portal\/wp-json\/wp\/v2\/categories?post=62294"},{"taxonomy":"post_tag","embeddable":true,"href":"https:\/\/amanecerhuasteco.com\/portal\/wp-json\/wp\/v2\/tags?post=62294"}],"curies":[{"name":"wp","href":"https:\/\/api.w.org\/{rel}","templated":true}]}}