{"id":62309,"date":"2021-12-07T16:45:33","date_gmt":"2021-12-07T22:45:33","guid":{"rendered":"http:\/\/amanecerhuasteco.com\/portal\/?p=62309"},"modified":"2021-12-07T16:45:33","modified_gmt":"2021-12-07T22:45:33","slug":"detienen-a-responsables-de-disparar-contra-policias-en-tamuin","status":"publish","type":"post","link":"https:\/\/amanecerhuasteco.com\/portal\/detienen-a-responsables-de-disparar-contra-policias-en-tamuin\/","title":{"rendered":"Detienen a responsables de disparar contra polic\u00edas en Tamu\u00edn"},"content":{"rendered":"<p>&nbsp;<\/p>\n<p>\u2022 Tambi\u00e9n les imputan el robo de un veh\u00edculo<\/p>\n<p>TAMU\u00cdN. \u2013 Agentes de la Polic\u00eda de Investigaci\u00f3n (PDI) detuvieron a dos hombres se\u00f1alados de disparar contra polic\u00edas estatales, as\u00ed como estar en posesi\u00f3n de un veh\u00edculo con reporte de robo vigente en Tamu\u00edn.<\/p>\n<p>Los indiciados en compa\u00f1\u00eda de una persona m\u00e1s circulaban sobre la colonia V\u00edctor Manuel Santos, y llegaron a la intersecci\u00f3n de las calles Pedro Antonio de los Santos y Nicol\u00e1s Bravo, el pasado 3 de diciembre de 2021.<\/p>\n<p>En ese momento, una patrulla de la Secretar\u00eda de Seguridad P\u00fablica (SSPE) realizaba rondines de vigilancia cuando presumiblemente los individuos les dispararon, logrando detener a dos, mismos que quedaron a disposici\u00f3n de la Fiscal\u00eda General de la Rep\u00fablica (FGR) por las armas largas que tra\u00edan.<\/p>\n<p>En el sitio se asegur\u00f3 una camioneta roja de la marca Nissan tipo Frontier con reporte de robo.<\/p>\n<p>Una vez que se dio vista a la Fiscal\u00eda General del Estado (FGESLP) comenz\u00f3 la investigaci\u00f3n por los delitos de exposici\u00f3n al peligro y robo equiparado, consiguiendo el Ministerio P\u00fablico las \u00f3rdenes de aprehensi\u00f3n.<\/p>\n<p>Los imputados identificados como Luis Miguel \u201cN\u201d y Jos\u00e9 Santos \u201cN\u201d de 18 y 23 a\u00f1os de edad respectivamente, fueron detenidos por la PDI en el fraccionamiento Lomas Poniente, luego de que estaban puestos a disposici\u00f3n de la instancia federal.<\/p>\n<p>Ahora se encuentran internos en el centro penitenciario de Ciudad Valles, a espera de enfrentar la audiencia inicial por los delitos que se les imputan.<\/p>\n","protected":false},"excerpt":{"rendered":"<p>&nbsp; \u2022 Tambi\u00e9n les imputan el robo de un veh\u00edculo TAMU\u00cdN. \u2013 Agentes de la Polic\u00eda de Investigaci\u00f3n (PDI) detuvieron a dos hombres se\u00f1alados de disparar contra polic\u00edas estatales, as\u00ed como estar en posesi\u00f3n de un veh\u00edculo con reporte de robo vigente en Tamu\u00edn. Los &hellip; <\/p>\n","protected":false},"author":1,"featured_media":62310,"comment_status":"open","ping_status":"open","sticky":false,"template":"","format":"standard","meta":{"footnotes":""},"categories":[11,4,19,20],"tags":[],"class_list":["post-62309","post","type-post","status-publish","format-standard","has-post-thumbnail","hentry","category-estado","category-inicio","category-policia","category-tamuin"],"_links":{"self":[{"href":"https:\/\/amanecerhuasteco.com\/portal\/wp-json\/wp\/v2\/posts\/62309","targetHints":{"allow":["GET"]}}],"collection":[{"href":"https:\/\/amanecerhuasteco.com\/portal\/wp-json\/wp\/v2\/posts"}],"about":[{"href":"https:\/\/amanecerhuasteco.com\/portal\/wp-json\/wp\/v2\/types\/post"}],"author":[{"embeddable":true,"href":"https:\/\/amanecerhuasteco.com\/portal\/wp-json\/wp\/v2\/users\/1"}],"replies":[{"embeddable":true,"href":"https:\/\/amanecerhuasteco.com\/portal\/wp-json\/wp\/v2\/comments?post=62309"}],"version-history":[{"count":1,"href":"https:\/\/amanecerhuasteco.com\/portal\/wp-json\/wp\/v2\/posts\/62309\/revisions"}],"predecessor-version":[{"id":62311,"href":"https:\/\/amanecerhuasteco.com\/portal\/wp-json\/wp\/v2\/posts\/62309\/revisions\/62311"}],"wp:featuredmedia":[{"embeddable":true,"href":"https:\/\/amanecerhuasteco.com\/portal\/wp-json\/wp\/v2\/media\/62310"}],"wp:attachment":[{"href":"https:\/\/amanecerhuasteco.com\/portal\/wp-json\/wp\/v2\/media?parent=62309"}],"wp:term":[{"taxonomy":"category","embeddable":true,"href":"https:\/\/amanecerhuasteco.com\/portal\/wp-json\/wp\/v2\/categories?post=62309"},{"taxonomy":"post_tag","embeddable":true,"href":"https:\/\/amanecerhuasteco.com\/portal\/wp-json\/wp\/v2\/tags?post=62309"}],"curies":[{"name":"wp","href":"https:\/\/api.w.org\/{rel}","templated":true}]}}