{"id":62312,"date":"2021-12-07T19:49:36","date_gmt":"2021-12-08T01:49:36","guid":{"rendered":"http:\/\/amanecerhuasteco.com\/portal\/?p=62312"},"modified":"2021-12-07T19:49:36","modified_gmt":"2021-12-08T01:49:36","slug":"autoridades-educativas-ejidales-y-productores-de-cana-celebraron-96-aniversario-del-ejido-rascon","status":"publish","type":"post","link":"https:\/\/amanecerhuasteco.com\/portal\/autoridades-educativas-ejidales-y-productores-de-cana-celebraron-96-aniversario-del-ejido-rascon\/","title":{"rendered":"Autoridades educativas, ejidales y productores de ca\u00f1a celebraron 96 Aniversario del Ejido Rasc\u00f3n"},"content":{"rendered":"<p><img decoding=\"async\" class=\"alignnone size-full wp-image-62314\" src=\"https:\/\/amanecerhuasteco.com\/portal\/wp-content\/uploads\/2021\/12\/7-12-21-rascon-4-2.jpg\" alt=\"\" width=\"960\" height=\"524\" srcset=\"https:\/\/amanecerhuasteco.com\/portal\/wp-content\/uploads\/2021\/12\/7-12-21-rascon-4-2.jpg 960w, https:\/\/amanecerhuasteco.com\/portal\/wp-content\/uploads\/2021\/12\/7-12-21-rascon-4-2-300x164.jpg 300w, https:\/\/amanecerhuasteco.com\/portal\/wp-content\/uploads\/2021\/12\/7-12-21-rascon-4-2-768x419.jpg 768w, https:\/\/amanecerhuasteco.com\/portal\/wp-content\/uploads\/2021\/12\/7-12-21-rascon-4-2-735x400.jpg 735w\" sizes=\"(max-width: 960px) 100vw, 960px\" \/><img decoding=\"async\" class=\"alignnone size-full wp-image-62315\" src=\"https:\/\/amanecerhuasteco.com\/portal\/wp-content\/uploads\/2021\/12\/7-12-21-rascon-3-2.jpg\" alt=\"\" width=\"960\" height=\"471\" srcset=\"https:\/\/amanecerhuasteco.com\/portal\/wp-content\/uploads\/2021\/12\/7-12-21-rascon-3-2.jpg 960w, https:\/\/amanecerhuasteco.com\/portal\/wp-content\/uploads\/2021\/12\/7-12-21-rascon-3-2-300x147.jpg 300w, https:\/\/amanecerhuasteco.com\/portal\/wp-content\/uploads\/2021\/12\/7-12-21-rascon-3-2-768x377.jpg 768w\" sizes=\"(max-width: 960px) 100vw, 960px\" \/><\/p>\n<p>-Con homenaje y una remembranza de la fundaci\u00f3n del ejido Rasc\u00f3n<\/p>\n<p>Ciudad Valles.- Autoridades ejidales, educativas y el dirigente de la Asociaci\u00f3n Local de Ca\u00f1eros \u00a0CNPR de Alianza Popular Falc\u00f3n Saldierna Mart\u00ednez, participan en homenaje por la celebraci\u00f3n del 96 aniversario del ejido Rasc\u00f3n.<\/p>\n<p>En un acto conmemorativo con honores a la bandera realizados en el Sal\u00f3n Ejidal Alfredo V. Bonfil, \u00a0se hizo remembranza de la fundaci\u00f3n del ejido Rasc\u00f3n, recordando cuando solo \u00a0era un complejo agr\u00edcola, llamado San Ignacio del Buey, que en 1842 fue nombrada la Hacienda de Rasc\u00f3n, propiedad de Jos\u00e9 Domingo Rasc\u00f3n, que su superficie abarcaba los actuales ejidos \u00a0Dami\u00e1n Carmona, El Chino, Micos y hasta Papagayos.<\/p>\n<p>En 1888, se hicieron los trazos del ferrocarril para la construcci\u00f3n de las v\u00edas, se solicit\u00f3 a la Hacienda espacios para construir los talleres, la oficina de la Estaci\u00f3n, la casa para los trabajadores, bodegas para las cargas, y espacio para construir un tinaco gigante, lo cual fue autorizado por Jos\u00e9 Mart\u00edn Rasc\u00f3n Altamirano, hijo de Jos\u00e9 Domingo Rasc\u00f3n.<\/p>\n<p>Lo anterior bajo dos condiciones: La primera que el naciente poblado tuviera el apellido de su padre Rasc\u00f3n y la segunda condici\u00f3n, que con esta nueva v\u00eda de comunicaci\u00f3n, que el piloncillo fuera llevado de Dami\u00e1n Carmona hasta el lugar conocido como El Casco que era la Hacienda de La Mula.<\/p>\n<p>En el a\u00f1o de 1925, con la presencia del gobernador provisional del Estado, Abel Cano, se estableci\u00f3 de manera formal y escrita el acta de donaci\u00f3n de la Rancher\u00eda de Rasc\u00f3n, que ahora es \u00a0la Delegaci\u00f3n del mismo nombre y cuyas actividades econ\u00f3micas principales son el cultivo de la ca\u00f1a de az\u00facar y el comercio.<\/p>\n<p>&nbsp;<\/p>\n<p>&#8212;<\/p>\n","protected":false},"excerpt":{"rendered":"<p>-Con homenaje y una remembranza de la fundaci\u00f3n del ejido Rasc\u00f3n Ciudad Valles.- Autoridades ejidales, educativas y el dirigente de la Asociaci\u00f3n Local de Ca\u00f1eros \u00a0CNPR de Alianza Popular Falc\u00f3n Saldierna Mart\u00ednez, participan en homenaje por la celebraci\u00f3n del 96 aniversario del ejido Rasc\u00f3n. En &hellip; <\/p>\n","protected":false},"author":1,"featured_media":62313,"comment_status":"open","ping_status":"open","sticky":false,"template":"","format":"standard","meta":{"footnotes":""},"categories":[13,14,28,29,7,4,20],"tags":[],"class_list":["post-62312","post","type-post","status-publish","format-standard","has-post-thumbnail","hentry","category-agropecuaria","category-caneros","category-cnc","category-cnpr","category-ciudad","category-inicio","category-tamuin"],"_links":{"self":[{"href":"https:\/\/amanecerhuasteco.com\/portal\/wp-json\/wp\/v2\/posts\/62312","targetHints":{"allow":["GET"]}}],"collection":[{"href":"https:\/\/amanecerhuasteco.com\/portal\/wp-json\/wp\/v2\/posts"}],"about":[{"href":"https:\/\/amanecerhuasteco.com\/portal\/wp-json\/wp\/v2\/types\/post"}],"author":[{"embeddable":true,"href":"https:\/\/amanecerhuasteco.com\/portal\/wp-json\/wp\/v2\/users\/1"}],"replies":[{"embeddable":true,"href":"https:\/\/amanecerhuasteco.com\/portal\/wp-json\/wp\/v2\/comments?post=62312"}],"version-history":[{"count":1,"href":"https:\/\/amanecerhuasteco.com\/portal\/wp-json\/wp\/v2\/posts\/62312\/revisions"}],"predecessor-version":[{"id":62316,"href":"https:\/\/amanecerhuasteco.com\/portal\/wp-json\/wp\/v2\/posts\/62312\/revisions\/62316"}],"wp:featuredmedia":[{"embeddable":true,"href":"https:\/\/amanecerhuasteco.com\/portal\/wp-json\/wp\/v2\/media\/62313"}],"wp:attachment":[{"href":"https:\/\/amanecerhuasteco.com\/portal\/wp-json\/wp\/v2\/media?parent=62312"}],"wp:term":[{"taxonomy":"category","embeddable":true,"href":"https:\/\/amanecerhuasteco.com\/portal\/wp-json\/wp\/v2\/categories?post=62312"},{"taxonomy":"post_tag","embeddable":true,"href":"https:\/\/amanecerhuasteco.com\/portal\/wp-json\/wp\/v2\/tags?post=62312"}],"curies":[{"name":"wp","href":"https:\/\/api.w.org\/{rel}","templated":true}]}}