{"id":62340,"date":"2021-12-08T19:32:58","date_gmt":"2021-12-09T01:32:58","guid":{"rendered":"http:\/\/amanecerhuasteco.com\/portal\/?p=62340"},"modified":"2021-12-08T19:32:58","modified_gmt":"2021-12-09T01:32:58","slug":"no-cederemos-ni-un-milimetro-a-los-delincuentes-gallardo-cardona","status":"publish","type":"post","link":"https:\/\/amanecerhuasteco.com\/portal\/no-cederemos-ni-un-milimetro-a-los-delincuentes-gallardo-cardona\/","title":{"rendered":"\u00a0\u201cNo cederemos ni un mil\u00edmetro a los delincuentes\u201d: Gallardo Cardona"},"content":{"rendered":"<p><img decoding=\"async\" class=\"alignnone size-full wp-image-62342\" src=\"https:\/\/amanecerhuasteco.com\/portal\/wp-content\/uploads\/2021\/12\/8-12-21-GALLARDO-Y-ABUNDIS.jpeg\" alt=\"\" width=\"999\" height=\"1066\" srcset=\"https:\/\/amanecerhuasteco.com\/portal\/wp-content\/uploads\/2021\/12\/8-12-21-GALLARDO-Y-ABUNDIS.jpeg 999w, https:\/\/amanecerhuasteco.com\/portal\/wp-content\/uploads\/2021\/12\/8-12-21-GALLARDO-Y-ABUNDIS-281x300.jpeg 281w, https:\/\/amanecerhuasteco.com\/portal\/wp-content\/uploads\/2021\/12\/8-12-21-GALLARDO-Y-ABUNDIS-768x820.jpeg 768w, https:\/\/amanecerhuasteco.com\/portal\/wp-content\/uploads\/2021\/12\/8-12-21-GALLARDO-Y-ABUNDIS-960x1024.jpeg 960w\" sizes=\"(max-width: 999px) 100vw, 999px\" \/><\/p>\n<ul>\n<li><strong>Al encabezar la Mesa de Seguridad en Tamasopo, el Mandatario potosino sostuvo que se act\u00faa de manera firme y contundente para abatir la incidencia delictiva en todo el Estado.<\/strong><\/li>\n<\/ul>\n<p>&nbsp;<\/p>\n<p>El Gobernador de San Luis Potos\u00ed, Ricardo Gallardo Cardona afirm\u00f3 categ\u00f3rico que se emplear\u00e1 toda la fuerza del Estado para restituir la paz y la tranquilidad de las y los potosinos y asegur\u00f3 que la seguridad p\u00fablica se est\u00e1 atendiendo con toda la seriedad que se merece, luego de que en este tema se recibi\u00f3 una \u201cherencia maldita\u201d omisa, improductiva e irresponsable.<\/p>\n<p>&nbsp;<\/p>\n<p>Al encabezar la Mesa Estatal de Coordinaci\u00f3n para la Construcci\u00f3n de la Paz y Seguridad en la Presidencia Municipal de Tamasopo y al hacer referencia a los \u00faltimos acontecimientos de seguridad en la Entidad, sostuvo que las y los potosinos merecemos vivir sin miedo; la demanda ciudadana es muy clara en ese sentido: avanzar de manera firme y contundente en el combate a la violencia y criminalidad; por lo que dej\u00f3 en claro que la actual administraci\u00f3n se encuentra realizando las acciones adecuadas para no cederle ni un mil\u00edmetro a los delincuentes.<\/p>\n<p>&nbsp;<\/p>\n<p>Resalt\u00f3 que tambi\u00e9n la inseguridad que vive el Estado potosino es parte de la terrible \u201cherencia maldita\u201d por parte de la anterior administraci\u00f3n que dej\u00f3 crecerla a grandes niveles por muchos a\u00f1os, \u00a0de ah\u00ed que por ejemplo los grupos delincuenciales se rebelen ante el embate que est\u00e1n recibiendo.<\/p>\n<p>&nbsp;<\/p>\n<p>Indic\u00f3 que la decisi\u00f3n es firme en este sentido, recuperar el orden y la paz social con estrategias claras; \u201cla sociedad as\u00ed lo demanda y as\u00ed se lo estaremos cumpliendo\u201d.<\/p>\n<p>&nbsp;<\/p>\n<p>La cuarta Mesa de Seguridad en el interior del Estado se desarroll\u00f3 en la Presidencia Municipal de Tamasopo ante la presencia del alcalde Luis Alberto Abundis Rangel, adem\u00e1s de los titulares y representantes del Poder Judicial del Estado, Secretar\u00eda del Bienestar, la Secretar\u00eda de la Defensa Nacional (Sedena), Guardia Nacional, Fiscal\u00eda General de la Rep\u00fablica (FGR), Secretar\u00eda de Seguridad P\u00fablica (SSPE), Polic\u00eda Estatal, Fiscal\u00eda General del Estado (FGE) y la Polic\u00eda de Investigaci\u00f3n (PDI).<\/p>\n<p>&nbsp;<\/p>\n<p>Al hacer uso de la palabra, el Presidente Municipal mencion\u00f3 que \u00e9sta ser\u00eda la primera vez que un Gobernador del Estado demuestra inter\u00e9s y compromiso por la seguridad de las y los ciudadanos, adem\u00e1s de escuchar y atender las necesidades e inquietudes que tienen los ediles. \u201cEs de agradecer y reconocer el gran compromiso con el que est\u00e1 asumiendo el Gobernador el tema de la seguridad y de nuestra parte sumamos esfuerzos para obtener mejores resultados\u201d, finaliz\u00f3.<\/p>\n","protected":false},"excerpt":{"rendered":"<p>Al encabezar la Mesa de Seguridad en Tamasopo, el Mandatario potosino sostuvo que se act\u00faa de manera firme y contundente para abatir la incidencia delictiva en todo el Estado. &nbsp; El Gobernador de San Luis Potos\u00ed, Ricardo Gallardo Cardona afirm\u00f3 categ\u00f3rico que se emplear\u00e1 toda &hellip; <\/p>\n","protected":false},"author":1,"featured_media":62341,"comment_status":"open","ping_status":"open","sticky":false,"template":"","format":"standard","meta":{"footnotes":""},"categories":[11,4],"tags":[],"class_list":["post-62340","post","type-post","status-publish","format-standard","has-post-thumbnail","hentry","category-estado","category-inicio"],"_links":{"self":[{"href":"https:\/\/amanecerhuasteco.com\/portal\/wp-json\/wp\/v2\/posts\/62340","targetHints":{"allow":["GET"]}}],"collection":[{"href":"https:\/\/amanecerhuasteco.com\/portal\/wp-json\/wp\/v2\/posts"}],"about":[{"href":"https:\/\/amanecerhuasteco.com\/portal\/wp-json\/wp\/v2\/types\/post"}],"author":[{"embeddable":true,"href":"https:\/\/amanecerhuasteco.com\/portal\/wp-json\/wp\/v2\/users\/1"}],"replies":[{"embeddable":true,"href":"https:\/\/amanecerhuasteco.com\/portal\/wp-json\/wp\/v2\/comments?post=62340"}],"version-history":[{"count":1,"href":"https:\/\/amanecerhuasteco.com\/portal\/wp-json\/wp\/v2\/posts\/62340\/revisions"}],"predecessor-version":[{"id":62343,"href":"https:\/\/amanecerhuasteco.com\/portal\/wp-json\/wp\/v2\/posts\/62340\/revisions\/62343"}],"wp:featuredmedia":[{"embeddable":true,"href":"https:\/\/amanecerhuasteco.com\/portal\/wp-json\/wp\/v2\/media\/62341"}],"wp:attachment":[{"href":"https:\/\/amanecerhuasteco.com\/portal\/wp-json\/wp\/v2\/media?parent=62340"}],"wp:term":[{"taxonomy":"category","embeddable":true,"href":"https:\/\/amanecerhuasteco.com\/portal\/wp-json\/wp\/v2\/categories?post=62340"},{"taxonomy":"post_tag","embeddable":true,"href":"https:\/\/amanecerhuasteco.com\/portal\/wp-json\/wp\/v2\/tags?post=62340"}],"curies":[{"name":"wp","href":"https:\/\/api.w.org\/{rel}","templated":true}]}}