{"id":62357,"date":"2021-12-09T06:34:25","date_gmt":"2021-12-09T12:34:25","guid":{"rendered":"http:\/\/amanecerhuasteco.com\/portal\/?p=62357"},"modified":"2021-12-09T06:34:25","modified_gmt":"2021-12-09T12:34:25","slug":"ayuntamiento-invita-a-feria-del-empleo-este-viernes","status":"publish","type":"post","link":"https:\/\/amanecerhuasteco.com\/portal\/ayuntamiento-invita-a-feria-del-empleo-este-viernes\/","title":{"rendered":"Ayuntamiento invita a Feria del Empleo este viernes"},"content":{"rendered":"<p>&nbsp;<\/p>\n<p><strong>\u00a0<\/strong><\/p>\n<p>Ciudad Valles, S.L.P.- La Direcci\u00f3n General de Desarrollo Econ\u00f3mico y Empresarial, a trav\u00e9s de la Direcci\u00f3n de Fomento al Empleo y Capacitaci\u00f3n para el Trabajo del Ayuntamiento de Ciudad Valles, invita a asistir a la Feria del Empleo, este viernes 10 de diciembre, a partir de las 8 de la ma\u00f1ana en la Plaza Principal.<\/p>\n<p>&nbsp;<\/p>\n<p>El director de Fomento al Empleo, Rolando Alfredo Sierra Olgu\u00edn, este evento est\u00e1 coordinando con\u00a0 la Secretar\u00eda del Trabajo y Previsi\u00f3n Social del Gobierno del Estado.<\/p>\n<p>&nbsp;<\/p>\n<p>Indic\u00f3 que la actividad es un v\u00ednculo entre responsables y propietarios de empresas con solicitantes de empleo de esta ciudad, con la finalidad de que puedan encontrar un espacio laboral.<\/p>\n<p>&nbsp;<\/p>\n<p>Los interesados en participar deber\u00e1n llevar documentaci\u00f3n como CURP, comprobante de domicilio, solicitud de empleo elaborada, RFC y copia de la credencial de elector.<\/p>\n<p>&nbsp;<\/p>\n<p>&nbsp;<\/p>\n<p>&nbsp;<\/p>\n<p>&nbsp;<\/p>\n<p>&nbsp;<\/p>\n<p>&nbsp;<\/p>\n<p>&nbsp;<\/p>\n<p>&nbsp;<\/p>\n<p>&#8212;<\/p>\n","protected":false},"excerpt":{"rendered":"<p>&nbsp; \u00a0 Ciudad Valles, S.L.P.- La Direcci\u00f3n General de Desarrollo Econ\u00f3mico y Empresarial, a trav\u00e9s de la Direcci\u00f3n de Fomento al Empleo y Capacitaci\u00f3n para el Trabajo del Ayuntamiento de Ciudad Valles, invita a asistir a la Feria del Empleo, este viernes 10 de diciembre, &hellip; <\/p>\n","protected":false},"author":1,"featured_media":62358,"comment_status":"open","ping_status":"open","sticky":false,"template":"","format":"standard","meta":{"footnotes":""},"categories":[7,4],"tags":[],"class_list":["post-62357","post","type-post","status-publish","format-standard","has-post-thumbnail","hentry","category-ciudad","category-inicio"],"_links":{"self":[{"href":"https:\/\/amanecerhuasteco.com\/portal\/wp-json\/wp\/v2\/posts\/62357","targetHints":{"allow":["GET"]}}],"collection":[{"href":"https:\/\/amanecerhuasteco.com\/portal\/wp-json\/wp\/v2\/posts"}],"about":[{"href":"https:\/\/amanecerhuasteco.com\/portal\/wp-json\/wp\/v2\/types\/post"}],"author":[{"embeddable":true,"href":"https:\/\/amanecerhuasteco.com\/portal\/wp-json\/wp\/v2\/users\/1"}],"replies":[{"embeddable":true,"href":"https:\/\/amanecerhuasteco.com\/portal\/wp-json\/wp\/v2\/comments?post=62357"}],"version-history":[{"count":1,"href":"https:\/\/amanecerhuasteco.com\/portal\/wp-json\/wp\/v2\/posts\/62357\/revisions"}],"predecessor-version":[{"id":62359,"href":"https:\/\/amanecerhuasteco.com\/portal\/wp-json\/wp\/v2\/posts\/62357\/revisions\/62359"}],"wp:featuredmedia":[{"embeddable":true,"href":"https:\/\/amanecerhuasteco.com\/portal\/wp-json\/wp\/v2\/media\/62358"}],"wp:attachment":[{"href":"https:\/\/amanecerhuasteco.com\/portal\/wp-json\/wp\/v2\/media?parent=62357"}],"wp:term":[{"taxonomy":"category","embeddable":true,"href":"https:\/\/amanecerhuasteco.com\/portal\/wp-json\/wp\/v2\/categories?post=62357"},{"taxonomy":"post_tag","embeddable":true,"href":"https:\/\/amanecerhuasteco.com\/portal\/wp-json\/wp\/v2\/tags?post=62357"}],"curies":[{"name":"wp","href":"https:\/\/api.w.org\/{rel}","templated":true}]}}